{"id":34838,"date":"2019-05-17T12:49:40","date_gmt":"2019-05-17T16:49:40","guid":{"rendered":"https:\/\/linitiative.ca\/International\/alger-risque-deffondrement-des-escaliers-de-la-grande-poste-a-cause-des-fissures\/"},"modified":"2019-05-17T12:49:40","modified_gmt":"2019-05-17T16:49:40","slug":"alger-risque-deffondrement-des-escaliers-de-la-grande-poste-a-cause-des-fissures","status":"publish","type":"post","link":"https:\/\/linitiative.ca\/International\/alger-risque-deffondrement-des-escaliers-de-la-grande-poste-a-cause-des-fissures\/","title":{"rendered":"Alger: risque d&rsquo;effondrement des escaliers de la Grande poste \u00e0 cause des fissures"},"content":{"rendered":"<div>\n<div class=\"K2FeedImage\"><img decoding=\"async\" src=\"http:\/\/www.aps.dz\/media\/k2\/items\/cache\/8e757126718203a636b250dd6f13d3aa_S.jpg\" alt=\"Alger: risque d'effondrement des escaliers de la Grande poste \u00e0 cause des fissures\"><\/div>\n<div class=\"K2FeedIntroText\">\n<p><strong>ALGER &#8211; Les services de la wilaya d&rsquo;Alger ont mis en garde, vendredi, contre le risque d&rsquo;effondrement des escaliers de la Grande poste, d\u00e9cidant d&#8217;emp\u00eacher l&rsquo;acc\u00e8s \u00e0 ces escaliers, \u00e0 la lumi\u00e8re de l&rsquo;expertise technique effectu\u00e9e par les services de l&rsquo;organisme national de Contr\u00f4le technique de la construction (CTC) qui a conclu \u00e0 l&rsquo;existence de \u00ab\u00a0fissures et de corrosion accentu\u00e9e\u00a0\u00bb.<\/strong><\/p>\n<\/div>\n<div class=\"K2FeedFullText\">\n<p>Conform\u00e9ment au rapport du CTC, les services de la wilaya ont soulign\u00e9 que suite \u00e0 la d\u00e9tection de \u00ab\u00a0d\u00e9formation et de corrosion accentu\u00e9e\u00a0\u00bb au niveau des escaliers de la Grande poste (Alger centre), des mesures pr\u00e9ventives ont \u00e9t\u00e9 prises pour interdire l&rsquo;utilisation de ces escaliers et des travaux de r\u00e9habilitation et de restauration seront entam\u00e9s, a indiqu\u00e9 un communiqu\u00e9 de ces services.<\/p>\n<blockquote>\n<p><em><strong>Imputant cette situation au \u00ab\u00a0surpoids\u00a0\u00bb et \u00e0 la v\u00e9tust\u00e9 de l&rsquo;immeuble, class\u00e9 monument historique depuis quelques ann\u00e9es, les services de la wilaya d&rsquo;Alger ont pr\u00e9cis\u00e9 que \u00ab\u00a0dans le cadre de la pr\u00e9servation de la s\u00e9curit\u00e9 des citoyens, des travaux de restauration sur une partie des escaliers seront entam\u00e9s, sous le contr\u00f4le des ing\u00e9nieurs du CTC\u00a0\u00bb.<\/strong><\/em><\/p>\n<\/blockquote>\n<hr>\n<h3>lire aussi:\u00a0<a href=\"http:\/\/www.aps.dz\/algerie\/68823-casbah-d-alger-l-algerie-a-perdu-du-temps-dans-la-rehabilitation-du-site\" target=\"_blank\" rel=\"noopener noreferrer\">Casbah d&rsquo;Alger: l&rsquo;Alg\u00e9rie a perdu du temps dans la r\u00e9habilitation du site<\/a>\u00a0<\/h3>\n<hr>\n<p>Dans une correspondance officielle transmise aux services de la wilaya, l&rsquo;expertise technique a fait ressortir \u00ab\u00a0une d\u00e9formation par endroits du rev\u00eatement sol\u00a0\u00bb et \u00ab\u00a0une corrosion accentu\u00e9e affectant les solives m\u00e9talliques de la trame gauche du palier de repos\u00a0\u00bb.<\/p>\n<blockquote>\n<p><em><strong>Les services du CTC ont pr\u00e9conis\u00e9 \u00ab\u00a0la reprise totale du panneau de plancher de la trame gauche et la r\u00e9paration des \u00e9l\u00e9ments affect\u00e9s des deux autres trames (centrale et droite)\u00a0\u00bb.<\/strong><\/em><\/p>\n<\/blockquote>\n<p>Ils ont \u00e9galement appel\u00e9 \u00e0 \u00ab\u00a0la prise de mesures d&rsquo;urgence pr\u00e9ventives\u00a0\u00bb, notamment en vue de proc\u00e9der \u00e0 l&rsquo;\u00e9taiement du panneau de plancher de la trame gauche et de mettre hors d&rsquo;usage le palier de repos.<\/p>\n<p>Pour rappel, l&rsquo;\u00e9difice de la Grande poste a \u00e9t\u00e9 construit en 1910 par l&rsquo;architecte Jules Voinot. Il est situ\u00e9 \u00e0 l&rsquo;intersection des grands axes d&rsquo;Alger centre, en l&rsquo;occurrence Didouche Mourad et Larbi Ben M&rsquo;hidi.<\/p>\n<\/div>\n<\/div>\n<p>Auteur:<br \/>\n<a href=\"http:\/\/www.aps.dz\/regions\/89555-alger-risque-d-effondrement-des-escaliers-de-la-grande-poste-a-cause-des-fissures\">Cliquez ici pour lire l&rsquo;article depuis sa source.<\/a><\/p>\n","protected":false},"excerpt":{"rendered":"<p>ALGER &#8211; Les services de la wilaya d&rsquo;Alger ont mis en garde, vendredi, contre le risque d&rsquo;effondrement des escaliers de la Grande poste, d\u00e9cidant d&#8217;emp\u00eacher l&rsquo;acc\u00e8s \u00e0 ces escaliers, \u00e0 la lumi\u00e8re de l&rsquo;expertise technique effectu\u00e9e par les services de l&rsquo;organisme national de Contr\u00f4le technique de la construction (CTC) qui a conclu \u00e0 l&rsquo;existence de [&hellip;]<\/p>\n","protected":false},"author":1790,"featured_media":34839,"comment_status":"closed","ping_status":"closed","sticky":false,"template":"","format":"standard","meta":{"fifu_image_url":"","fifu_image_alt":"","footnotes":""},"categories":[53,76],"tags":[],"class_list":["post-34838","post","type-post","status-publish","format-standard","has-post-thumbnail","hentry","category-algerie","category-regions"],"_links":{"self":[{"href":"https:\/\/linitiative.ca\/International\/wp-json\/wp\/v2\/posts\/34838","targetHints":{"allow":["GET"]}}],"collection":[{"href":"https:\/\/linitiative.ca\/International\/wp-json\/wp\/v2\/posts"}],"about":[{"href":"https:\/\/linitiative.ca\/International\/wp-json\/wp\/v2\/types\/post"}],"author":[{"embeddable":true,"href":"https:\/\/linitiative.ca\/International\/wp-json\/wp\/v2\/users\/1790"}],"replies":[{"embeddable":true,"href":"https:\/\/linitiative.ca\/International\/wp-json\/wp\/v2\/comments?post=34838"}],"version-history":[{"count":0,"href":"https:\/\/linitiative.ca\/International\/wp-json\/wp\/v2\/posts\/34838\/revisions"}],"wp:featuredmedia":[{"embeddable":true,"href":"https:\/\/linitiative.ca\/International\/wp-json\/"}],"wp:attachment":[{"href":"https:\/\/linitiative.ca\/International\/wp-json\/wp\/v2\/media?parent=34838"}],"wp:term":[{"taxonomy":"category","embeddable":true,"href":"https:\/\/linitiative.ca\/International\/wp-json\/wp\/v2\/categories?post=34838"},{"taxonomy":"post_tag","embeddable":true,"href":"https:\/\/linitiative.ca\/International\/wp-json\/wp\/v2\/tags?post=34838"}],"curies":[{"name":"wp","href":"https:\/\/api.w.org\/{rel}","templated":true}]}}