{"id":34840,"date":"2019-05-16T14:48:50","date_gmt":"2019-05-16T18:48:50","guid":{"rendered":"https:\/\/linitiative.ca\/International\/les-projets-du-secteur-de-la-sante-lances-a-nador-et-driouch-vont-bon-train\/"},"modified":"2019-05-16T14:48:50","modified_gmt":"2019-05-16T18:48:50","slug":"les-projets-du-secteur-de-la-sante-lances-a-nador-et-driouch-vont-bon-train","status":"publish","type":"post","link":"https:\/\/linitiative.ca\/International\/les-projets-du-secteur-de-la-sante-lances-a-nador-et-driouch-vont-bon-train\/","title":{"rendered":"Les projets du secteur de la sant\u00e9 lanc\u00e9s \u00e0 Nador et Driouch vont bon train"},"content":{"rendered":"<div class=\"single-featured\"><img alt=\"\" data-src=\"http:\/\/www.mapoujda.ma\/map\/uploads\/2019\/05\/Minist\u00e8re-de-la-sant\u00e8-M-750x430.jpg\"\/><\/div>\n<div class=\"single-post-excerpt post-excerpt-bc\" readability=\"34\">\n<p>Les projets lanc\u00e9s dans le secteur de la sant\u00e9 dans les provinces de Nador et Driouch vont bon train, a indiqu\u00e9 jeudi la Direction r\u00e9gionale de la Sant\u00e9 de l\u2019Oriental dans un communiqu\u00e9.<\/p>\n<\/div>\n<div class=\"entry-content clearfix single-post-content\" readability=\"61\">\n<p>Ces projets avancent bien notamment apr\u00e8s la derni\u00e8re visite effectu\u00e9e par le ministre de la Sant\u00e9 \u00e0 ces deux provinces, a affirm\u00e9 la direction r\u00e9gionale, notant que les travaux de construction de l\u2019h\u00f4pital de proximit\u00e9 de Zaio (province de Nador) et du centre hospitalier provincial de Driouch ont atteint leur phase finale.<\/p>\n<p>Le communiqu\u00e9 a aussi d\u00e9menti les informations relay\u00e9es par certains m\u00e9dias, faisant \u00e9tat de la r\u00e9affectation du budget consacr\u00e9 \u00e0 la construction \u00e0 Selouane (province de Nador) du nouvel h\u00f4pital provincial de Nador.<\/p>\n<p>A cet \u00e9gard, la Direction r\u00e9gionale a fait savoir que les travaux d\u2019am\u00e9nagement du lot de terrain consacr\u00e9 \u00e0 ce projet ont \u00e9t\u00e9 r\u00e9alis\u00e9s, alors que l\u2019appel d\u2019offre relatif au gros \u0153uvre sera lanc\u00e9 prochainement par le d\u00e9partement de l\u2019Equipement, du transport, de la logistique et de l\u2019eau.<\/p>\n<p>Par ailleurs, le minist\u00e8re de la Sant\u00e9 a proc\u00e9d\u00e9, en partenariat avec la pr\u00e9fecture de la province de Nador, au renforcement de l\u2019offre de sant\u00e9 au niveau du centre hospitalier provincial de Nador, \u00e0 travers la cr\u00e9ation de deux unit\u00e9s m\u00e9dicales pour la prise en charge des personnes atteintes de cancer et le traitement des br\u00fblures, a ajout\u00e9 la m\u00eame source.<\/p>\n<\/div>\n<p>Auteur: Soufiane ELAHMAR<br \/>\n<a href=\"http:\/\/www.mapoujda.ma\/fr\/les-projets-du-secteur-de-la-sante-lances-a-nador-et-driouch-vont-bon-train\/\">Cliquez ici pour lire l&rsquo;article depuis sa source.<\/a><\/p>\n","protected":false},"excerpt":{"rendered":"<p>Les projets lanc\u00e9s dans le secteur de la sant\u00e9 dans les provinces de Nador et Driouch vont bon train, a indiqu\u00e9 jeudi la Direction r\u00e9gionale de la Sant\u00e9 de l\u2019Oriental dans un communiqu\u00e9. Ces projets avancent bien notamment apr\u00e8s la derni\u00e8re visite effectu\u00e9e par le ministre de la Sant\u00e9 \u00e0 ces deux provinces, a affirm\u00e9 [&hellip;]<\/p>\n","protected":false},"author":1788,"featured_media":34841,"comment_status":"closed","ping_status":"closed","sticky":false,"template":"","format":"standard","meta":{"fifu_image_url":"","fifu_image_alt":"","footnotes":""},"categories":[54,76],"tags":[],"class_list":["post-34840","post","type-post","status-publish","format-standard","has-post-thumbnail","hentry","category-maroc","category-regions"],"_links":{"self":[{"href":"https:\/\/linitiative.ca\/International\/wp-json\/wp\/v2\/posts\/34840","targetHints":{"allow":["GET"]}}],"collection":[{"href":"https:\/\/linitiative.ca\/International\/wp-json\/wp\/v2\/posts"}],"about":[{"href":"https:\/\/linitiative.ca\/International\/wp-json\/wp\/v2\/types\/post"}],"author":[{"embeddable":true,"href":"https:\/\/linitiative.ca\/International\/wp-json\/wp\/v2\/users\/1788"}],"replies":[{"embeddable":true,"href":"https:\/\/linitiative.ca\/International\/wp-json\/wp\/v2\/comments?post=34840"}],"version-history":[{"count":0,"href":"https:\/\/linitiative.ca\/International\/wp-json\/wp\/v2\/posts\/34840\/revisions"}],"wp:featuredmedia":[{"embeddable":true,"href":"https:\/\/linitiative.ca\/International\/wp-json\/"}],"wp:attachment":[{"href":"https:\/\/linitiative.ca\/International\/wp-json\/wp\/v2\/media?parent=34840"}],"wp:term":[{"taxonomy":"category","embeddable":true,"href":"https:\/\/linitiative.ca\/International\/wp-json\/wp\/v2\/categories?post=34840"},{"taxonomy":"post_tag","embeddable":true,"href":"https:\/\/linitiative.ca\/International\/wp-json\/wp\/v2\/tags?post=34840"}],"curies":[{"name":"wp","href":"https:\/\/api.w.org\/{rel}","templated":true}]}}