{"id":34842,"date":"2019-05-16T17:32:43","date_gmt":"2019-05-16T21:32:43","guid":{"rendered":"https:\/\/linitiative.ca\/International\/plus-de-49-000-affaires-traitees-par-la-prefecture-de-police-doujda-durant-les-douze-derniers-mois\/"},"modified":"2019-05-16T17:32:43","modified_gmt":"2019-05-16T21:32:43","slug":"plus-de-49-000-affaires-traitees-par-la-prefecture-de-police-doujda-durant-les-douze-derniers-mois","status":"publish","type":"post","link":"https:\/\/linitiative.ca\/International\/plus-de-49-000-affaires-traitees-par-la-prefecture-de-police-doujda-durant-les-douze-derniers-mois\/","title":{"rendered":"Plus de 49.000 affaires trait\u00e9es par la pr\u00e9fecture de police d\u2019Oujda durant les douze derniers mois"},"content":{"rendered":"<div readability=\"37\">\n<p>La pr\u00e9fecture de police d\u2019Oujda a proc\u00e9d\u00e9 durant la p\u00e9riode allant du 1er avril 2018 au 30 avril dernier dans le cadre des efforts d\u00e9ploy\u00e9s pour la pr\u00e9vention et la r\u00e9pression de la criminalit\u00e9 et de la d\u00e9linquance, au traitement de 49.206 affaires sur 52.655 enregistr\u00e9es, contre 50.177 une ann\u00e9e auparavant.<\/p>\n<\/div>\n<div readability=\"116\">\n<p>S\u2019exprimant lors d\u2019une c\u00e9r\u00e9monie organis\u00e9e jeudi pour la c\u00e9l\u00e9bration du 63-\u00e8me anniversaire de la cr\u00e9ation de la S\u00fbret\u00e9 nationale, le pr\u00e9fet de police d\u2019Oujda, Mustapha Adli a indiqu\u00e9 que le taux de r\u00e9pression a atteint 93,44 pc durant les douze derniers mois, contre 90,30 l\u2019ann\u00e9e d\u2019avant, faisant savoir que 57.287 personnes ont \u00e9t\u00e9 d\u00e9f\u00e9r\u00e9es devant la justice.<\/p>\n<p>Notant que l\u2019\u00e9volution du taux de r\u00e9pression a eu un impact positif direct sur le renforcement du sentiment de s\u00e9curit\u00e9 chez le citoyen, a soulign\u00e9 M. Adli dans une allocution lue en son nom, notant que les r\u00e9alisations accomplies par les services de s\u00fbret\u00e9 au niveau de cette pr\u00e9fecture est le fruit de l\u2019int\u00e9r\u00eat qu\u2019accorde la DGSN \u00e0 l\u2019\u00e9l\u00e9ment humain, \u00e0 sa formation et \u00e0 la mise en place des moyens humains et mat\u00e9riels n\u00e9cessaires.<\/p>\n<p>Il a mis en avant dans ce sens l\u2019organisation de sessions de formation pour renforcer les comp\u00e9tences des cadres et \u00e9l\u00e9ments de la police aux niveaux intellectuel, technique et physique afin qu\u2019ils puissent s\u2019acquitter convenablement de leurs missions et r\u00e9pondre aux besoins et aspirations des citoyens en mati\u00e8re s\u00e9curitaire.<\/p>\n<p>Et d\u2019ajouter que les op\u00e9rations s\u00e9curitaires men\u00e9es par les services de la pr\u00e9fecture de police d\u2019Oujda durant la p\u00e9riode allant du 1er mai 2018 au 14 mai courant ont conduit \u00e0 l\u2019arrestation de 54.132 personnes pour diff\u00e9rents crimes et d\u00e9lits, dont 2.066 pour vol.<\/p>\n<p>Les services de police ont proc\u00e9d\u00e9 durant la m\u00eame p\u00e9riode \u00e0 l\u2019interpellation de 17.804 individus qui \u00e9taient recherch\u00e9s pour des crimes et d\u00e9lits divers, dont 848 pour des affaires de vol.<\/p>\n<p><img class=\"aligncenter wp-image-12163\" data-src=\"http:\/\/www.mapoujda.ma\/map\/uploads\/2019\/05\/c\u00e9l\u00e9bration-du-63-\u00e8me-anniversaire-de-la-cr\u00e9ation-de-la-S\u00fbret\u00e9-nationale-\u00e0-Oujda-1-M-750-430.jpg\" alt=\"\" width=\"523\" height=\"300\" srcset=\"http:\/\/www.mapoujda.ma\/map\/uploads\/2019\/05\/c\u00e9l\u00e9bration-du-63-\u00e8me-anniversaire-de-la-cr\u00e9ation-de-la-S\u00fbret\u00e9-nationale-\u00e0-Oujda-1-M-750-430.jpg 750w, http:\/\/www.mapoujda.ma\/map\/uploads\/2019\/05\/c\u00e9l\u00e9bration-du-63-\u00e8me-anniversaire-de-la-cr\u00e9ation-de-la-S\u00fbret\u00e9-nationale-\u00e0-Oujda-1-M-750-430-300x172.jpg 300w\" sizes=\"(max-width: 523px) 100vw, 523px\"\/><\/p>\n<p>Les donn\u00e9es fournies \u00e0 cette occasion pr\u00e9cisent que les op\u00e9rations men\u00e9es dans ce sens ont permis la saisie notamment de 1,5 tonne de chira, 12,9 kg de coca\u00efne, plus de 427 kg de kif, 123.141comprim\u00e9s psychotropes, 30.738 bouteilles de boissons alcoolis\u00e9es de contrebande, 1.911 armes blanches, 29.917 paquets de cigarettes de contrebande, en plus de m\u00e9dicaments de contrebande et de 124 v\u00e9hicules.<\/p>\n<p>De m\u00eame, les services relevant de la pr\u00e9fecture de police d\u2019Oujda, en coordination avec les services de la Direction r\u00e9gionale de la surveillance du territoire national, ont r\u00e9ussi le d\u00e9mant\u00e8lement d\u2019un nombre de r\u00e9seaux criminels ayant des ramifications aux niveaux r\u00e9gional, national et international.<\/p>\n<p>Il s\u2019agit de 12 r\u00e9seaux internationaux sp\u00e9cialis\u00e9s dans l\u2019immigration ill\u00e9gale dont le d\u00e9mant\u00e8lement a permis l\u2019interpellation de 145 personnes et la saisie, entre autres, de 13 zodiac et de 9 v\u00e9hicules, et de 9 r\u00e9seaux criminels sp\u00e9cialis\u00e9s dans le trafic de stup\u00e9fiants, de psychotropes et de drogue dure (54 personnes arr\u00eat\u00e9es).<\/p>\n<p>La pr\u00e9fecture a rappel\u00e9 par la m\u00eame qu\u2019elle veille \u00e0 la cons\u00e9cration de la politique d\u2019ouverture, de proximit\u00e9 et de contact avec les diff\u00e9rents acteurs de la soci\u00e9t\u00e9, mettant l\u2019accent sur la participation de ses cadres \u00e0 une s\u00e9rie de rencontres et conf\u00e9rences scientifiques et \u00e9ducatives, en sus de sa contribution \u00e0 l\u2019\u00e9ducation \u00e0 la citoyennet\u00e9 et au code de la route, et ce \u00e0 travers son adh\u00e9sion aux campagnes de sensibilisation.<\/p>\n<p>Lors de la c\u00e9r\u00e9monie de comm\u00e9moration du 63\u00e8 anniversaire de la cr\u00e9ation de la s\u00fbret\u00e9 nationale, qui s\u2019est d\u00e9roul\u00e9e en pr\u00e9sence notamment du wali de la r\u00e9gion de l\u2019Oriental et gouverneur de la pr\u00e9fecture d\u2019Oujda-Angad, Mouad El Jamai, de repr\u00e9sentants des conseils \u00e9lus, des responsables des instances judiciaires et des services ext\u00e9rieurs, et de plusieurs autres personnalit\u00e9s civils et militaires, des \u00e9l\u00e9ments de la police ont \u00e9t\u00e9 d\u00e9cor\u00e9s de wissams royaux.<\/p>\n<\/div>\n<p>Auteur: Soufiane ELAHMAR<br \/>\n<a href=\"http:\/\/www.mapoujda.ma\/fr\/plus-de-49-000-affaires-traitees-par-la-prefecture-de-police-doujda-durant-les-douze-derniers-mois\/\">Cliquez ici pour lire l&rsquo;article depuis sa source.<\/a><\/p>\n","protected":false},"excerpt":{"rendered":"<p>La pr\u00e9fecture de police d\u2019Oujda a proc\u00e9d\u00e9 durant la p\u00e9riode allant du 1er avril 2018 au 30 avril dernier dans le cadre des efforts d\u00e9ploy\u00e9s pour la pr\u00e9vention et la r\u00e9pression de la criminalit\u00e9 et de la d\u00e9linquance, au traitement de 49.206 affaires sur 52.655 enregistr\u00e9es, contre 50.177 une ann\u00e9e auparavant. S\u2019exprimant lors d\u2019une c\u00e9r\u00e9monie [&hellip;]<\/p>\n","protected":false},"author":1788,"featured_media":34843,"comment_status":"closed","ping_status":"closed","sticky":false,"template":"","format":"standard","meta":{"fifu_image_url":"","fifu_image_alt":"","footnotes":""},"categories":[54,76],"tags":[],"class_list":["post-34842","post","type-post","status-publish","format-standard","has-post-thumbnail","hentry","category-maroc","category-regions"],"_links":{"self":[{"href":"https:\/\/linitiative.ca\/International\/wp-json\/wp\/v2\/posts\/34842","targetHints":{"allow":["GET"]}}],"collection":[{"href":"https:\/\/linitiative.ca\/International\/wp-json\/wp\/v2\/posts"}],"about":[{"href":"https:\/\/linitiative.ca\/International\/wp-json\/wp\/v2\/types\/post"}],"author":[{"embeddable":true,"href":"https:\/\/linitiative.ca\/International\/wp-json\/wp\/v2\/users\/1788"}],"replies":[{"embeddable":true,"href":"https:\/\/linitiative.ca\/International\/wp-json\/wp\/v2\/comments?post=34842"}],"version-history":[{"count":0,"href":"https:\/\/linitiative.ca\/International\/wp-json\/wp\/v2\/posts\/34842\/revisions"}],"wp:featuredmedia":[{"embeddable":true,"href":"https:\/\/linitiative.ca\/International\/wp-json\/"}],"wp:attachment":[{"href":"https:\/\/linitiative.ca\/International\/wp-json\/wp\/v2\/media?parent=34842"}],"wp:term":[{"taxonomy":"category","embeddable":true,"href":"https:\/\/linitiative.ca\/International\/wp-json\/wp\/v2\/categories?post=34842"},{"taxonomy":"post_tag","embeddable":true,"href":"https:\/\/linitiative.ca\/International\/wp-json\/wp\/v2\/tags?post=34842"}],"curies":[{"name":"wp","href":"https:\/\/api.w.org\/{rel}","templated":true}]}}