{"id":34852,"date":"2019-05-17T06:15:00","date_gmt":"2019-05-17T10:15:00","guid":{"rendered":"https:\/\/linitiative.ca\/International\/ramassage-des-ordures-fes-opte-pour-le-tri-a-la-source\/"},"modified":"2019-05-17T06:15:00","modified_gmt":"2019-05-17T10:15:00","slug":"ramassage-des-ordures-fes-opte-pour-le-tri-a-la-source","status":"publish","type":"post","link":"https:\/\/linitiative.ca\/International\/ramassage-des-ordures-fes-opte-pour-le-tri-a-la-source\/","title":{"rendered":"Ramassage des ordures: F\u00e8s opte pour le tri \u00e0 la source"},"content":{"rendered":"<div readability=\"37\">\n<p>Sur proposition d\u2019une association de scientifiques, la mairie dit \u00aboui\u00bb<\/p>\n<p>Sensibilisation, \u00e9quipements, partenariat\u2026 le groupe Ozone sur tous les fronts<\/p>\n<\/div>\n<div readability=\"136.5\">\n<div class=\"dnd-atom-wrapper type-image context-sdl_editor_representation\" contenteditable=\"false\" readability=\"33.5\">\n<div class=\"dnd-drop-wrapper image\"><img loading=\"lazy\" decoding=\"async\" typeof=\"foaf:Image\" class=\"img-responsive\" src=\"https:\/\/www.leconomiste.com\/sites\/default\/files\/eco7\/public\/thumbnails\/image\/ramassage-des-ordures-fes-017.jpg\" width=\"660\" height=\"330\" alt=\"ramassage-des-ordures-fes-017.jpg\" title=\"ramassage-des-ordures-fes-017.jpg\"\/><\/div>\n<div class=\"dnd-legend-wrapper\" contenteditable=\"true\" readability=\"12\">\n<p class=\"rtejustify\">A l\u2019occasion de la Journ\u00e9e internationale de la terre, le groupe Ozone a distingu\u00e9 les personnalit\u00e9s qui se sont d\u00e9marqu\u00e9es par leur engagement pour la cause \u00e9cologique. A F\u00e8s, une motion sp\u00e9ciale pour les bacs enterr\u00e9s, color\u00e9s \u00abamis de la nature\u00bb <em>(Ph. YSA)\u00a0<\/em><\/p>\n<\/div>\n<\/div>\n<p class=\"rtejustify\">\u00abOzone environnement et services\u00bb est devenu un v\u00e9ritable acteur de la gestion du ramassage des ordures et du nettoiement au Maroc. Le groupe qui a derni\u00e8rement c\u00e9l\u00e9br\u00e9 la Journ\u00e9e de la terre, en pr\u00e9sence notamment de Salaheddine Mezouar, pr\u00e9sident du comit\u00e9 d\u2019organisation de la COP22 et de la CGEM, et Nezha El Ouafi, secr\u00e9taire d\u2019Etat charg\u00e9e du D\u00e9veloppement durable, mise sur la sensibilisation, l\u2019engagement et le partage de bonnes pratiques.<\/p>\n<p class=\"rtejustify\">\u00abIl s\u2019agit d\u2019un axe prioritaire dans notre d\u00e9marche manag\u00e9riale. Les citoyens sont des partenaires essentiels dans la r\u00e9ussite de notre mission de collecte et de ramassage des ordures, aux c\u00f4t\u00e9s des responsables autoritaires et \u00e9lus, ainsi que les ONG engag\u00e9es pour la protection de l\u2019environnement\u00bb, indique Aziz El Badraoui, PDG du groupe.<\/p>\n<p class=\"rtejustify\">Et ajouter: \u00abA l\u2019occasion de la Journ\u00e9e internationale de la terre, c\u00e9l\u00e9br\u00e9e tous les 22 avril, nous avons distingu\u00e9 des acteurs associatifs, des personnalit\u00e9s publiques et des scientifiques qui militent pour la cause \u00e9cologique dans le but de mettre en avant les multiples initiatives men\u00e9es au Maroc et l\u2019engagement national continu pour cette cause\u00bb.<\/p>\n<p class=\"rtejustify\">M\u00eame son de cloche aupr\u00e8s du patron des patrons pour qui \u00abla c\u00e9l\u00e9bration de la Journ\u00e9e de la terre est une opportunit\u00e9 de sensibilisation quant aux impacts des changements climatiques et un rappel \u00e0 l\u2019humanit\u00e9 de ses obligations vis-\u00e0-vis des transformations que conna\u00eet notre environnement\u00bb. Une mission que s\u2019est assign\u00e9e le groupe Ozone environnement et services qui op\u00e8re dans plus de 55 villes au Maroc.<\/p>\n<p class=\"rtejustify\">L\u2019entreprise qui est \u00e9galement pr\u00e9sente au Mali, au Soudan et en C\u00f4te d\u2019Ivoire,\u00a0 emploie aujourd\u2019hui pr\u00e8s de 8.000 personnes et dispose d\u2019une flotte de 1.200 engins. Ses salari\u00e9s de F\u00e8s viennent d\u2019entamer une grande campagne de sensibilisation dans les diff\u00e9rents arrondissements de la ville.<\/p>\n<div class=\"dnd-atom-wrapper type-image context-sdl_editor_representation atom-align-right\" contenteditable=\"false\">\n<div class=\"dnd-drop-wrapper image\"><img loading=\"lazy\" decoding=\"async\" typeof=\"foaf:Image\" class=\"img-responsive\" src=\"https:\/\/www.leconomiste.com\/sites\/default\/files\/eco7\/public\/thumbnails\/image\/ramassage_des_ordures_017.jpg\" width=\"425\" height=\"358\" alt=\"ramassage_des_ordures_017.jpg\" title=\"ramassage_des_ordures_017.jpg\"\/><\/div>\n<\/div>\n<p class=\"rtejustify\">Quinze jours durant, l\u2019op\u00e9ration vise l\u2019instauration de la culture du tri des d\u00e9chets. La sensibilisation \u00e0 des gestes quotidiens renfor\u00e7ant la citoyennet\u00e9 et le civisme n\u2019est pas en reste. \u00abCette sensibilisation pourrait faciliter notre mission, aider \u00e0 une collecte rapide et appuyer les d\u00e9marches de valorisation et de recyclage des d\u00e9chets\u00bb, estiment les responsables du groupe.\u00a0<\/p>\n<p class=\"rtejustify\">De son c\u00f4t\u00e9, le Conseil communal vient d\u2019adopter le tri \u00e0 la source des d\u00e9chets de la ville. Propos\u00e9 par l\u2019Association des enseignants des sciences de la vie et de la terre (AESVT), \u00abce projet \u00e9manant de la soci\u00e9t\u00e9 civile est consid\u00e9r\u00e9 comme une premi\u00e8re dans les sessions ordinaires du conseil. Il s\u2019inscrit dans le cadre de la d\u00e9mocratie participative d\u00e9crite par la loi organique relative aux communes\u00bb, souligne Driss El Azami El Idrissi, maire de F\u00e8s.<\/p>\n<p class=\"rtejustify\">Se basant sur le traitement des d\u00e9chets de mani\u00e8re moderne, l\u2019AESVT recommande la r\u00e9vision de la loi 28-00 sur la gestion des d\u00e9chets, et les cahiers des charges des soci\u00e9t\u00e9s de la gestion d\u00e9l\u00e9gu\u00e9e. Ceci de mani\u00e8re \u00e0 encourager la valorisation, et adapter les contrats de d\u00e9l\u00e9gataires aux mutations actuelles.<\/p>\n<p class=\"rtejustify\">\u00abNotre objectif est de cr\u00e9er une force de proposition et de plaider en faveur d\u2019un changement de conception et de repr\u00e9sentation des citoyens marocains vis-\u00e0-vis des d\u00e9chets, qui doivent \u00eatre consid\u00e9r\u00e9s comme des ressources et non pas comme des ordures\u00bb, affirment les responsables de l\u2019AESVT.<\/p>\n<p class=\"rtejustify\">En attendant, le groupe Ozone continue de g\u00e9n\u00e9raliser son exp\u00e9rience des bacs enterr\u00e9s (carton, plastique, m\u00e9tal). Install\u00e9s dans diff\u00e9rents quartiers \u00e0 F\u00e8s, ces \u00e9quipements participent \u00e0 l\u2019am\u00e9lioration du paysage urbain. \u00abSuite \u00e0 l\u2019accord paraph\u00e9, il y a trois ans, avec la commune, nous renfor\u00e7ons notre \u00abpack propret\u00e9\u00bb avec l\u2019objectif d\u2019\u00e9radiquer tous les points noirs, am\u00e9liorer l\u2019image de marque ainsi que le paysage urbain\u00bb, explique El Badraoui. En outre, ce mat\u00e9riel facilite le transfert des d\u00e9chets vers le centre de tri.<\/p>\n<p class=\"rtejustify\">Rappelons \u00e0 ce titre que le groupe Ozone a inaugur\u00e9 en novembre dernier son usine de tri et de valorisation des d\u00e9chets \u00e0 F\u00e8s. N\u00e9cessitant un investissement de plus de 54 millions de DH, cette unit\u00e9 est le fruit d\u2019un partenariat entre l\u2019entreprise, la mairie et la Banque marocaine du commerce ext\u00e9rieur (BMCE). Elle s\u2019\u00e9tend sur une superficie de 6 hectares et est dot\u00e9e d\u2019une capacit\u00e9 de traitement de 300 tonnes extensibles \u00e0 500 tonnes de d\u00e9chets par jour, pour un taux de valorisation estim\u00e9 \u00e0 28,2%.<\/p>\n<blockquote readability=\"18\">\n<p class=\"rtecenter\"><strong><span class=\"c3\">Expertise marocaine<\/span><\/strong><\/p>\n<p class=\"rtejustify\">L\u2019expertise du groupe Ozone va de la collecte au nettoiement, en passant pas l\u2019\u00e9vacuation, la gestion des centres d\u2019enfouissement technique au tri, la valorisation et le recyclage des d\u00e9chets. L\u2019entreprise 100% marocaine est certifi\u00e9e ISO 9001, ISO 14001 et OHSAS 18001. Elle s\u2019est vu attribuer la cat\u00e9gorisation fiscale \u00abClasse A\u00bb par la Direction g\u00e9n\u00e9rale des imp\u00f4ts (DGI). Ainsi le groupe a d\u00e9croch\u00e9 le Prix africain de d\u00e9veloppement dans le domaine de la gestion des d\u00e9chets en 2017, et re\u00e7u une attestation de reconnaissance pour sa contribution \u00e0 la propret\u00e9 de la ville de La\u00e2youne, qui a obtenu le Prix de l\u2019organisation des villes arabes pour la s\u00e9curit\u00e9 environnementale en 2015. Et tout derni\u00e8rement, le groupe a re\u00e7u trois prix \u00e0 l\u2019occasion des G2T Global Awards, organis\u00e9s par Global 2T Group, dont le si\u00e8ge se trouve \u00e0 Rabat. Ozone a ainsi \u00e9t\u00e9 distingu\u00e9 par les prix de \u00abMeilleur PDG arabe 2018\u00bb, \u00abMeilleur manager d\u2019une entreprise arabe 2018\u00bb et \u00abMeilleure entreprise arabe 2018\u00bb dans la cat\u00e9gorie Services.<\/p>\n<\/blockquote>\n<p class=\"rtejustify\"><em>De notre correspondant permanent, Youness SAAD ALAMI<\/em><\/p>\n<p class=\"rtejustify\">\u00a0<\/p>\n<\/div>\n<p>Auteur: hlafriqi<br \/>\n<a href=\"https:\/\/www.leconomiste.com\/article\/1045206-ramassage-des-ordures-fes-opte-pour-le-tri-la-source\">Cliquez ici pour lire l&rsquo;article depuis sa source.<\/a><\/p>\n","protected":false},"excerpt":{"rendered":"<p>Sur proposition d\u2019une association de scientifiques, la mairie dit \u00aboui\u00bb Sensibilisation, \u00e9quipements, partenariat\u2026 le groupe Ozone sur tous les fronts A l\u2019occasion de la Journ\u00e9e internationale de la terre, le groupe Ozone a distingu\u00e9 les personnalit\u00e9s qui se sont d\u00e9marqu\u00e9es par leur engagement pour la cause \u00e9cologique. A F\u00e8s, une motion sp\u00e9ciale pour les bacs [&hellip;]<\/p>\n","protected":false},"author":1763,"featured_media":34853,"comment_status":"closed","ping_status":"closed","sticky":false,"template":"","format":"standard","meta":{"fifu_image_url":"","fifu_image_alt":"","footnotes":""},"categories":[78,54],"tags":[],"class_list":["post-34852","post","type-post","status-publish","format-standard","has-post-thumbnail","hentry","category-economie","category-maroc"],"_links":{"self":[{"href":"https:\/\/linitiative.ca\/International\/wp-json\/wp\/v2\/posts\/34852","targetHints":{"allow":["GET"]}}],"collection":[{"href":"https:\/\/linitiative.ca\/International\/wp-json\/wp\/v2\/posts"}],"about":[{"href":"https:\/\/linitiative.ca\/International\/wp-json\/wp\/v2\/types\/post"}],"author":[{"embeddable":true,"href":"https:\/\/linitiative.ca\/International\/wp-json\/wp\/v2\/users\/1763"}],"replies":[{"embeddable":true,"href":"https:\/\/linitiative.ca\/International\/wp-json\/wp\/v2\/comments?post=34852"}],"version-history":[{"count":0,"href":"https:\/\/linitiative.ca\/International\/wp-json\/wp\/v2\/posts\/34852\/revisions"}],"wp:featuredmedia":[{"embeddable":true,"href":"https:\/\/linitiative.ca\/International\/wp-json\/"}],"wp:attachment":[{"href":"https:\/\/linitiative.ca\/International\/wp-json\/wp\/v2\/media?parent=34852"}],"wp:term":[{"taxonomy":"category","embeddable":true,"href":"https:\/\/linitiative.ca\/International\/wp-json\/wp\/v2\/categories?post=34852"},{"taxonomy":"post_tag","embeddable":true,"href":"https:\/\/linitiative.ca\/International\/wp-json\/wp\/v2\/tags?post=34852"}],"curies":[{"name":"wp","href":"https:\/\/api.w.org\/{rel}","templated":true}]}}