{"id":34873,"date":"2019-05-17T15:14:14","date_gmt":"2019-05-17T19:14:14","guid":{"rendered":"https:\/\/linitiative.ca\/International\/ligue-1-2-mca-ghrib-et-casoni-sactivent-sur-la-feuille-de-route-2019-2020\/"},"modified":"2019-05-17T15:14:14","modified_gmt":"2019-05-17T19:14:14","slug":"ligue-1-2-mca-ghrib-et-casoni-sactivent-sur-la-feuille-de-route-2019-2020","status":"publish","type":"post","link":"https:\/\/linitiative.ca\/International\/ligue-1-2-mca-ghrib-et-casoni-sactivent-sur-la-feuille-de-route-2019-2020\/","title":{"rendered":"Ligue 1 &amp; 2 : MCA : Ghrib et Casoni s\u2019activent sur la feuille de route 2019\/2020 !"},"content":{"rendered":"<div readability=\"32\">\n<p>Auteur : <span>T. Che<\/span> <span class=\"time\">vendredi 17 mai 2019 13:13<\/span><\/p>\n<\/div>\n<div id=\"post_core\" readability=\"80\">\n<p>Amor\u00e7ant une course contre la montre durant son court s\u00e9jour pour tout pr\u00e9parer avec minutie, en pr\u00e9vision du prochain exercice, Bernard Casoni a tenu, avant-hier soir, une r\u00e9union de travail avec Omar Ghrib au si\u00e8ge du club. Les deux hommes ont peaufin\u00e9 la feuille de route, en \u00e9voquant tous les aspects pour que la saison prochaine soit une totale r\u00e9ussite. Le technicien et son employeur ont parl\u00e9 des stages de pr\u00e9paration qui se tiendront en Tunisie et en Pologne, sans oublier d\u2019\u00e9voquer la fameuse liste des lib\u00e9r\u00e9s ainsi que les postes \u00e0 pourvoir, pour b\u00e2tir une \u00e9quipe comp\u00e9titive. Il devait y avoir une derni\u00e8re r\u00e9union qui devait se tenir hier en fin de soir\u00e9e, apr\u00e8s le match contre le MOB, avant que Casoni ne regagne la France.<\/p>\n<p><strong>L\u2019ex-Marseillais se r\u00e9jouit de disputer la Coupe arabe qui devient un objectif<\/strong><br \/>Sachant que le Mouloudia n\u2019aura aucune chance de d\u00e9crocher une place africaine, Omar Ghrib a rassur\u00e9 Bernard Casoni sur le fait que le club participera la saison prochaine \u00e0 la Coupe arabe. Une comp\u00e9tition internationale qui deviendra par la force des choses un objectif pour le Doyen qui voudra faire mieux qu\u2019une qualification aux quarts de finale, comme cela \u00e9t\u00e9 le cas lors de l\u2019\u00e9dition qui vient de s\u2019achever.<\/p>\n<p><strong>Pr\u00eat\u00e9s au CRB, Bramki et Mokrani seront lib\u00e9r\u00e9s<\/strong><br \/>Ayant pris la d\u00e9cision de pr\u00eater les deux jeunes Mohamed Bramki et Rabah Mokrani au CRB, Bernard Casoni a fait savoir \u00e0 Ghrib qu\u2019il n\u2019avait nullement l\u2019intention de les r\u00e9cup\u00e9rer. Cela sous-entend que la direction a le feu vert pour se d\u00e9faire des deux \u00e9l\u00e9ments qui \u00e9voluent au Chabab de Belouizdad.<\/p>\n<p><strong>Djahdou, Neiri, Louizini et Oudjaid seront test\u00e9s lors du stage en Tunisie<\/strong><br \/>Les quatre jeunes \u00e9l\u00e9ments qui ont \u00e9t\u00e9 promus chez les pros devront passer par la case test lors du stage d\u2019intersaison qui aura lieu en Tunisie. C\u2019est ce qu\u2019a d\u00e9cid\u00e9 Bernard Casoni concernant Djahdou, Oudjaid, Neiri et Louizini qui verra les quatre jeunes Espoirs \u00e0 l\u2019\u0153uvre, avant de prendre une d\u00e9cision concernant leur avenir.\u00a0 \u00a0<\/p>\n<p><strong>Il s\u2019envolera aujourd\u2019hui en France<\/strong><br \/>Apr\u00e8s avoir pass\u00e9 72 h \u00e0 Alger, dans le but d\u2019\u00e9tablir une feuille de route avec le directeur g\u00e9n\u00e9ral, Omar Ghrib, Bernard Casoni a pratiquement tout mis au point, avant de prendre prochainement ses nouvelles fonctions. Le coach fran\u00e7ais avec son adjoint Hakim Malek devront donc s\u2019envoler aujourd\u2019hui \u00e0 destination de la France. Mais l\u2019ex-Marseillais restera en contact permanent avec la direction du Doyen, en vue de tout peaufiner pour la saison prochaine.<\/p>\n<p><strong>Publi\u00e9 dans :<\/strong> <span>mca<\/span> <span>Ghrib<\/span> <span>Casoni<\/span><\/p>\n<\/div>\n<p>Auteur:<br \/>\n<a href=\"http:\/\/www.lebuteur.com\/article\/detail?titre=mca-ghrib-et-casoni-sactivent-sur-la-feuille-de-route-2019-2020&#038;id=88875&#038;utm_source=feedburner&#038;utm_medium=feed&#038;utm_campaign=Feed%3A+GalerieFArtciles+%28Les+derniers+articles++-+lebuteur.com%29\">Cliquez ici pour lire l&rsquo;article depuis sa source.<\/a><\/p>\n","protected":false},"excerpt":{"rendered":"<p>Auteur : T. Che vendredi 17 mai 2019 13:13 Amor\u00e7ant une course contre la montre durant son court s\u00e9jour pour tout pr\u00e9parer avec minutie, en pr\u00e9vision du prochain exercice, Bernard Casoni a tenu, avant-hier soir, une r\u00e9union de travail avec Omar Ghrib au si\u00e8ge du club. Les deux hommes ont peaufin\u00e9 la feuille de route, [&hellip;]<\/p>\n","protected":false},"author":1738,"featured_media":34874,"comment_status":"closed","ping_status":"closed","sticky":false,"template":"","format":"standard","meta":{"fifu_image_url":"","fifu_image_alt":"","footnotes":""},"categories":[53,75],"tags":[],"class_list":["post-34873","post","type-post","status-publish","format-standard","has-post-thumbnail","hentry","category-algerie","category-sport"],"_links":{"self":[{"href":"https:\/\/linitiative.ca\/International\/wp-json\/wp\/v2\/posts\/34873","targetHints":{"allow":["GET"]}}],"collection":[{"href":"https:\/\/linitiative.ca\/International\/wp-json\/wp\/v2\/posts"}],"about":[{"href":"https:\/\/linitiative.ca\/International\/wp-json\/wp\/v2\/types\/post"}],"author":[{"embeddable":true,"href":"https:\/\/linitiative.ca\/International\/wp-json\/wp\/v2\/users\/1738"}],"replies":[{"embeddable":true,"href":"https:\/\/linitiative.ca\/International\/wp-json\/wp\/v2\/comments?post=34873"}],"version-history":[{"count":0,"href":"https:\/\/linitiative.ca\/International\/wp-json\/wp\/v2\/posts\/34873\/revisions"}],"wp:featuredmedia":[{"embeddable":true,"href":"https:\/\/linitiative.ca\/International\/wp-json\/"}],"wp:attachment":[{"href":"https:\/\/linitiative.ca\/International\/wp-json\/wp\/v2\/media?parent=34873"}],"wp:term":[{"taxonomy":"category","embeddable":true,"href":"https:\/\/linitiative.ca\/International\/wp-json\/wp\/v2\/categories?post=34873"},{"taxonomy":"post_tag","embeddable":true,"href":"https:\/\/linitiative.ca\/International\/wp-json\/wp\/v2\/tags?post=34873"}],"curies":[{"name":"wp","href":"https:\/\/api.w.org\/{rel}","templated":true}]}}