{"id":34875,"date":"2019-05-17T15:14:16","date_gmt":"2019-05-17T19:14:16","guid":{"rendered":"https:\/\/linitiative.ca\/International\/pros-brahimi-la-surprise-du-fc-porto-face-au-sporting\/"},"modified":"2019-05-17T15:14:16","modified_gmt":"2019-05-17T19:14:16","slug":"pros-brahimi-la-surprise-du-fc-porto-face-au-sporting","status":"publish","type":"post","link":"https:\/\/linitiative.ca\/International\/pros-brahimi-la-surprise-du-fc-porto-face-au-sporting\/","title":{"rendered":"Pros : Brahimi, la surprise du FC Porto face au Sporting"},"content":{"rendered":"<div readability=\"32\">\n<p>Auteur : <span>Riad O.<\/span> <span class=\"time\">vendredi 17 mai 2019 13:45<\/span><\/p>\n<\/div>\n<div id=\"post_core\" readability=\"42\">\n<p>D\u2019apr\u00e8s le m\u00e9dia portugais, Ojogo, le joueur milieu de terrain Alg\u00e9rien du FC Porto, Yacine Brahimi devrait \u00eatre d\u2019attaque face au Sporting Lisbonne lors du choc de ce week-end en Liga NOS. Le joueur de l\u2019EN \u00e9tait annonc\u00e9 incertain pour cette rencontre en raison de blessure. Il est \u00e0 noter que le FC Porto doit, imp\u00e9rativement, s\u2019imposer face au Sporting et esp\u00e9rer un faux-pas du Benfica pour remporter le titre.<\/p>\n<p><strong>Publi\u00e9 dans :<\/strong> <span>FC Porto<\/span> <span>Brahimi<\/span><\/p>\n<\/div>\n<p>Auteur:<br \/>\n<a href=\"http:\/\/www.lebuteur.com\/article\/detail?titre=brahimi-la-surprise-du-fc-porto-face-au-sporting&#038;id=88885&#038;utm_source=feedburner&#038;utm_medium=feed&#038;utm_campaign=Feed%3A+GalerieFArtciles+%28Les+derniers+articles++-+lebuteur.com%29\">Cliquez ici pour lire l&rsquo;article depuis sa source.<\/a><\/p>\n","protected":false},"excerpt":{"rendered":"<p>Auteur : Riad O. vendredi 17 mai 2019 13:45 D\u2019apr\u00e8s le m\u00e9dia portugais, Ojogo, le joueur milieu de terrain Alg\u00e9rien du FC Porto, Yacine Brahimi devrait \u00eatre d\u2019attaque face au Sporting Lisbonne lors du choc de ce week-end en Liga NOS. Le joueur de l\u2019EN \u00e9tait annonc\u00e9 incertain pour cette rencontre en raison de blessure. [&hellip;]<\/p>\n","protected":false},"author":1738,"featured_media":34876,"comment_status":"closed","ping_status":"closed","sticky":false,"template":"","format":"standard","meta":{"fifu_image_url":"","fifu_image_alt":"","footnotes":""},"categories":[53,75],"tags":[],"class_list":["post-34875","post","type-post","status-publish","format-standard","has-post-thumbnail","hentry","category-algerie","category-sport"],"_links":{"self":[{"href":"https:\/\/linitiative.ca\/International\/wp-json\/wp\/v2\/posts\/34875","targetHints":{"allow":["GET"]}}],"collection":[{"href":"https:\/\/linitiative.ca\/International\/wp-json\/wp\/v2\/posts"}],"about":[{"href":"https:\/\/linitiative.ca\/International\/wp-json\/wp\/v2\/types\/post"}],"author":[{"embeddable":true,"href":"https:\/\/linitiative.ca\/International\/wp-json\/wp\/v2\/users\/1738"}],"replies":[{"embeddable":true,"href":"https:\/\/linitiative.ca\/International\/wp-json\/wp\/v2\/comments?post=34875"}],"version-history":[{"count":0,"href":"https:\/\/linitiative.ca\/International\/wp-json\/wp\/v2\/posts\/34875\/revisions"}],"wp:featuredmedia":[{"embeddable":true,"href":"https:\/\/linitiative.ca\/International\/wp-json\/"}],"wp:attachment":[{"href":"https:\/\/linitiative.ca\/International\/wp-json\/wp\/v2\/media?parent=34875"}],"wp:term":[{"taxonomy":"category","embeddable":true,"href":"https:\/\/linitiative.ca\/International\/wp-json\/wp\/v2\/categories?post=34875"},{"taxonomy":"post_tag","embeddable":true,"href":"https:\/\/linitiative.ca\/International\/wp-json\/wp\/v2\/tags?post=34875"}],"curies":[{"name":"wp","href":"https:\/\/api.w.org\/{rel}","templated":true}]}}