{"id":34877,"date":"2019-05-17T15:14:18","date_gmt":"2019-05-17T19:14:18","guid":{"rendered":"https:\/\/linitiative.ca\/International\/pros-galatasaray-le-fc-seville-sinteresse-a-feghouli\/"},"modified":"2019-05-17T15:14:18","modified_gmt":"2019-05-17T19:14:18","slug":"pros-galatasaray-le-fc-seville-sinteresse-a-feghouli","status":"publish","type":"post","link":"https:\/\/linitiative.ca\/International\/pros-galatasaray-le-fc-seville-sinteresse-a-feghouli\/","title":{"rendered":"Pros : Galatasaray: Le FC S\u00e9ville s\u2019int\u00e9resse \u00e0 Feghouli"},"content":{"rendered":"<div readability=\"32\">\n<p>Auteur : <span>Riad O.<\/span> <span class=\"time\">vendredi 17 mai 2019 13:46<\/span><\/p>\n<\/div>\n<div id=\"post_core\" readability=\"37\">\n<p>A en croire le m\u00e9dia espagnol AS, le joueur Alg\u00e9rie du Galatasaray, Sofiane Feghouli serait dans le viseur du FC S\u00e9ville. Le club andalou voit en Feghouli un renfort de choix apr\u00e8s ses bonnes prestations fournisses cette saison avec son team turc. Rappelons que Feghouli est sous contrat avec le Galatasaray jusqu\u2019en 2021.<\/p>\n<p><strong>Publi\u00e9 dans :<\/strong> <span>Feghouli<\/span><\/p>\n<\/div>\n<p>Auteur:<br \/>\n<a href=\"http:\/\/www.lebuteur.com\/article\/detail?titre=galatasaray-le-fc-seville-sinteresse-a-feghouli&#038;id=88886&#038;utm_source=feedburner&#038;utm_medium=feed&#038;utm_campaign=Feed%3A+GalerieFArtciles+%28Les+derniers+articles++-+lebuteur.com%29\">Cliquez ici pour lire l&rsquo;article depuis sa source.<\/a><\/p>\n","protected":false},"excerpt":{"rendered":"<p>Auteur : Riad O. vendredi 17 mai 2019 13:46 A en croire le m\u00e9dia espagnol AS, le joueur Alg\u00e9rie du Galatasaray, Sofiane Feghouli serait dans le viseur du FC S\u00e9ville. Le club andalou voit en Feghouli un renfort de choix apr\u00e8s ses bonnes prestations fournisses cette saison avec son team turc. Rappelons que Feghouli est [&hellip;]<\/p>\n","protected":false},"author":1738,"featured_media":34878,"comment_status":"closed","ping_status":"closed","sticky":false,"template":"","format":"standard","meta":{"fifu_image_url":"","fifu_image_alt":"","footnotes":""},"categories":[53,75],"tags":[],"class_list":["post-34877","post","type-post","status-publish","format-standard","has-post-thumbnail","hentry","category-algerie","category-sport"],"_links":{"self":[{"href":"https:\/\/linitiative.ca\/International\/wp-json\/wp\/v2\/posts\/34877","targetHints":{"allow":["GET"]}}],"collection":[{"href":"https:\/\/linitiative.ca\/International\/wp-json\/wp\/v2\/posts"}],"about":[{"href":"https:\/\/linitiative.ca\/International\/wp-json\/wp\/v2\/types\/post"}],"author":[{"embeddable":true,"href":"https:\/\/linitiative.ca\/International\/wp-json\/wp\/v2\/users\/1738"}],"replies":[{"embeddable":true,"href":"https:\/\/linitiative.ca\/International\/wp-json\/wp\/v2\/comments?post=34877"}],"version-history":[{"count":0,"href":"https:\/\/linitiative.ca\/International\/wp-json\/wp\/v2\/posts\/34877\/revisions"}],"wp:featuredmedia":[{"embeddable":true,"href":"https:\/\/linitiative.ca\/International\/wp-json\/"}],"wp:attachment":[{"href":"https:\/\/linitiative.ca\/International\/wp-json\/wp\/v2\/media?parent=34877"}],"wp:term":[{"taxonomy":"category","embeddable":true,"href":"https:\/\/linitiative.ca\/International\/wp-json\/wp\/v2\/categories?post=34877"},{"taxonomy":"post_tag","embeddable":true,"href":"https:\/\/linitiative.ca\/International\/wp-json\/wp\/v2\/tags?post=34877"}],"curies":[{"name":"wp","href":"https:\/\/api.w.org\/{rel}","templated":true}]}}