{"id":34879,"date":"2019-05-17T15:14:19","date_gmt":"2019-05-17T19:14:19","guid":{"rendered":"https:\/\/linitiative.ca\/International\/international-juventus-allegri-sen-va-officiel\/"},"modified":"2019-05-17T15:14:19","modified_gmt":"2019-05-17T19:14:19","slug":"international-juventus-allegri-sen-va-officiel","status":"publish","type":"post","link":"https:\/\/linitiative.ca\/International\/international-juventus-allegri-sen-va-officiel\/","title":{"rendered":"International : Juventus: Allegri s&rsquo;en va ! (officiel)"},"content":{"rendered":"<div readability=\"32\">\n<p>Auteur : <span class=\"time\">vendredi 17 mai 2019 13:55<\/span><\/p>\n<\/div>\n<div id=\"post_core\" readability=\"42\">\n<p>Coup de tonnerre ! La Juventus Turin annonce ce vendredi le d\u00e9part de son entra\u00eeneur Massimiliano Allegri en fin de saison. Sous contrat jusqu&rsquo;en 2020, le technicien italien annon\u00e7ait pourtant la semaine derni\u00e8re son envie de rester dans le Pi\u00e9mont. Visiblement, ses dirigeants n&rsquo;\u00e9taient pas du m\u00eame avis. Malgr\u00e9 les cinq titres cons\u00e9cutifs de champion d&rsquo;Italie d\u00e9croch\u00e9s depuis 2015, Allegri \u00e9tait tr\u00e8s critiqu\u00e9 depuis l&rsquo;\u00e9limination en quarts de finale de la Ligue des Champions face \u00e0 l&rsquo;Ajax Amsterdam (1-1, 1-2). Son sort a \u00e9t\u00e9 scell\u00e9 \u00e0 l&rsquo;issue d&rsquo;une r\u00e9union entre le pr\u00e9sident Andrea Agnelli, le directeur sportif Fabio Paratici et le vice-pr\u00e9sident Pavel Nedved ce vendredi rapporte Maxifoot.fr.<\/p>\n<p><strong>Publi\u00e9 dans :<\/strong> <span>juventus<\/span> <span>allegri<\/span><\/p>\n<\/div>\n<p>Auteur:<br \/>\n<a href=\"http:\/\/www.lebuteur.com\/article\/detail?titre=juventus-allegri-sen-va-officiel&#038;id=88887&#038;utm_source=feedburner&#038;utm_medium=feed&#038;utm_campaign=Feed%3A+GalerieFArtciles+%28Les+derniers+articles++-+lebuteur.com%29\">Cliquez ici pour lire l&rsquo;article depuis sa source.<\/a><\/p>\n","protected":false},"excerpt":{"rendered":"<p>Auteur : vendredi 17 mai 2019 13:55 Coup de tonnerre ! La Juventus Turin annonce ce vendredi le d\u00e9part de son entra\u00eeneur Massimiliano Allegri en fin de saison. Sous contrat jusqu&rsquo;en 2020, le technicien italien annon\u00e7ait pourtant la semaine derni\u00e8re son envie de rester dans le Pi\u00e9mont. Visiblement, ses dirigeants n&rsquo;\u00e9taient pas du m\u00eame avis. [&hellip;]<\/p>\n","protected":false},"author":1738,"featured_media":34880,"comment_status":"closed","ping_status":"closed","sticky":false,"template":"","format":"standard","meta":{"fifu_image_url":"","fifu_image_alt":"","footnotes":""},"categories":[53,75],"tags":[],"class_list":["post-34879","post","type-post","status-publish","format-standard","has-post-thumbnail","hentry","category-algerie","category-sport"],"_links":{"self":[{"href":"https:\/\/linitiative.ca\/International\/wp-json\/wp\/v2\/posts\/34879","targetHints":{"allow":["GET"]}}],"collection":[{"href":"https:\/\/linitiative.ca\/International\/wp-json\/wp\/v2\/posts"}],"about":[{"href":"https:\/\/linitiative.ca\/International\/wp-json\/wp\/v2\/types\/post"}],"author":[{"embeddable":true,"href":"https:\/\/linitiative.ca\/International\/wp-json\/wp\/v2\/users\/1738"}],"replies":[{"embeddable":true,"href":"https:\/\/linitiative.ca\/International\/wp-json\/wp\/v2\/comments?post=34879"}],"version-history":[{"count":0,"href":"https:\/\/linitiative.ca\/International\/wp-json\/wp\/v2\/posts\/34879\/revisions"}],"wp:featuredmedia":[{"embeddable":true,"href":"https:\/\/linitiative.ca\/International\/wp-json\/"}],"wp:attachment":[{"href":"https:\/\/linitiative.ca\/International\/wp-json\/wp\/v2\/media?parent=34879"}],"wp:term":[{"taxonomy":"category","embeddable":true,"href":"https:\/\/linitiative.ca\/International\/wp-json\/wp\/v2\/categories?post=34879"},{"taxonomy":"post_tag","embeddable":true,"href":"https:\/\/linitiative.ca\/International\/wp-json\/wp\/v2\/tags?post=34879"}],"curies":[{"name":"wp","href":"https:\/\/api.w.org\/{rel}","templated":true}]}}