{"id":34881,"date":"2019-05-17T15:14:20","date_gmt":"2019-05-17T19:14:20","guid":{"rendered":"https:\/\/linitiative.ca\/International\/international-naples-active-la-piste-acuna\/"},"modified":"2019-05-17T15:14:20","modified_gmt":"2019-05-17T19:14:20","slug":"international-naples-active-la-piste-acuna","status":"publish","type":"post","link":"https:\/\/linitiative.ca\/International\/international-naples-active-la-piste-acuna\/","title":{"rendered":"International : Naples active la piste Acuna"},"content":{"rendered":"<div readability=\"32\">\n<p>Auteur : <span class=\"time\">vendredi 17 mai 2019 18:30<\/span><\/p>\n<\/div>\n<div id=\"post_core\" readability=\"42\">\n<p>Selon La Gazzetta dello Sport et Les-Transferts, les dirigeants napolitains auraient coch\u00e9 le nom de Marcos Acuna. \u00c2g\u00e9 de 27 ans, ce dernier est sous contrat jusqu\u2019en juin 2023 avec le Sporting Portugal. Estim\u00e9 \u00e0 15 millions d\u2019euros, le joueur argentin peut \u00e9voluer sur tout le c\u00f4t\u00e9 gauche de son \u00e9quipe. Cette saison, il a particip\u00e9 \u00e0 43 rencontres toutes comp\u00e9titions confondues, inscrit un but et d\u00e9livr\u00e9 onze passes d\u00e9cisives.<\/p>\n<p><strong>Publi\u00e9 dans :<\/strong> <span>Naples<\/span> <span>Acuna<\/span><\/p>\n<\/div>\n<p>Auteur:<br \/>\n<a href=\"http:\/\/www.lebuteur.com\/article\/detail?titre=naples-active-la-piste-acuna&#038;id=88888&#038;utm_source=feedburner&#038;utm_medium=feed&#038;utm_campaign=Feed%3A+GalerieFArtciles+%28Les+derniers+articles++-+lebuteur.com%29\">Cliquez ici pour lire l&rsquo;article depuis sa source.<\/a><\/p>\n","protected":false},"excerpt":{"rendered":"<p>Auteur : vendredi 17 mai 2019 18:30 Selon La Gazzetta dello Sport et Les-Transferts, les dirigeants napolitains auraient coch\u00e9 le nom de Marcos Acuna. \u00c2g\u00e9 de 27 ans, ce dernier est sous contrat jusqu\u2019en juin 2023 avec le Sporting Portugal. Estim\u00e9 \u00e0 15 millions d\u2019euros, le joueur argentin peut \u00e9voluer sur tout le c\u00f4t\u00e9 gauche [&hellip;]<\/p>\n","protected":false},"author":1738,"featured_media":34882,"comment_status":"closed","ping_status":"closed","sticky":false,"template":"","format":"standard","meta":{"fifu_image_url":"","fifu_image_alt":"","footnotes":""},"categories":[53,75],"tags":[],"class_list":["post-34881","post","type-post","status-publish","format-standard","has-post-thumbnail","hentry","category-algerie","category-sport"],"_links":{"self":[{"href":"https:\/\/linitiative.ca\/International\/wp-json\/wp\/v2\/posts\/34881","targetHints":{"allow":["GET"]}}],"collection":[{"href":"https:\/\/linitiative.ca\/International\/wp-json\/wp\/v2\/posts"}],"about":[{"href":"https:\/\/linitiative.ca\/International\/wp-json\/wp\/v2\/types\/post"}],"author":[{"embeddable":true,"href":"https:\/\/linitiative.ca\/International\/wp-json\/wp\/v2\/users\/1738"}],"replies":[{"embeddable":true,"href":"https:\/\/linitiative.ca\/International\/wp-json\/wp\/v2\/comments?post=34881"}],"version-history":[{"count":0,"href":"https:\/\/linitiative.ca\/International\/wp-json\/wp\/v2\/posts\/34881\/revisions"}],"wp:featuredmedia":[{"embeddable":true,"href":"https:\/\/linitiative.ca\/International\/wp-json\/"}],"wp:attachment":[{"href":"https:\/\/linitiative.ca\/International\/wp-json\/wp\/v2\/media?parent=34881"}],"wp:term":[{"taxonomy":"category","embeddable":true,"href":"https:\/\/linitiative.ca\/International\/wp-json\/wp\/v2\/categories?post=34881"},{"taxonomy":"post_tag","embeddable":true,"href":"https:\/\/linitiative.ca\/International\/wp-json\/wp\/v2\/tags?post=34881"}],"curies":[{"name":"wp","href":"https:\/\/api.w.org\/{rel}","templated":true}]}}