{"id":34885,"date":"2019-05-17T15:19:00","date_gmt":"2019-05-17T19:19:00","guid":{"rendered":"https:\/\/linitiative.ca\/International\/unesco-une-reponse-a-lintolerance\/"},"modified":"2019-05-17T15:19:00","modified_gmt":"2019-05-17T19:19:00","slug":"unesco-une-reponse-a-lintolerance","status":"publish","type":"post","link":"https:\/\/linitiative.ca\/International\/unesco-une-reponse-a-lintolerance\/","title":{"rendered":"Unesco :  Une r\u00e9ponse \u00e0 l\u2019intol\u00e9rance"},"content":{"rendered":"<p>La Journ\u00e9e internationale du vivre-ensemble en paix, initi\u00e9e par l&rsquo;Alg\u00e9rie, a \u00e9t\u00e9 c\u00e9l\u00e9br\u00e9e jeudi, pour la deuxi\u00e8me fois, \u00e0 l&rsquo;Unesco avec la participation des repr\u00e9sentants des gouvernements et de la soci\u00e9t\u00e9 civile. La c\u00e9l\u00e9bration de cette journ\u00e9e a \u00e9t\u00e9 organis\u00e9e en collaboration avec la D\u00e9l\u00e9gation permanente d&rsquo;Alg\u00e9rie \u00e0 l&rsquo;Unesco et l\u2019Observatoire international des maires sur le vivre-ensemble. La d\u00e9l\u00e9gation alg\u00e9rienne \u00e9tait pr\u00e9sid\u00e9e \u00e0 cette journ\u00e9e, qui a fait un focus sur le \u00abMieux vivre ensemble dans les villes\u00bb, par le secr\u00e9taire g\u00e9n\u00e9ral du minist\u00e8re des Affaires \u00e9trang\u00e8res, Rachid Beladehane, en pr\u00e9sence de l&rsquo;ambassadeur d&rsquo;Alg\u00e9rie en France, Abdelkader Mesdoua, et de l&rsquo;ambassadeur d\u00e9l\u00e9gu\u00e9 permanent \u00e0 l&rsquo;Unesco, Sa\u00efd Khelifi.\u00a0<\/p>\n<p>Dans son allocution d&rsquo;ouverture, le SG du MAE a soulign\u00e9 que \u00able peuple alg\u00e9rien, de par son histoire, ses valeurs et ses sacrifices, partage la conviction intime que le vivre-ensemble en paix est une r\u00e9ponse appropri\u00e9e aux manifestations d&rsquo;intol\u00e9rance, de haine, de discrimination et de rejet de l&rsquo;autre qui se sont malheureusement multipli\u00e9es ces derni\u00e8res ann\u00e9es dans le monde\u00bb. La Journ\u00e9e internationale du vivre-ensemble en paix, rappelle-t-on, a \u00e9t\u00e9 instaur\u00e9e par l&rsquo;Organisation des Nations unies en 2017. La r\u00e9solution relative \u00e0 cette journ\u00e9e, fruit d&rsquo;une initiative de l&rsquo;Alg\u00e9rie, a \u00e9t\u00e9 adopt\u00e9e par consensus par 193 pays membres de l&rsquo;ONU. L&rsquo;objectif de la r\u00e9solution (72\/130) de l&rsquo;Assembl\u00e9e g\u00e9n\u00e9rale de l&rsquo;ONU est de favoriser une \u00abmobilisation continue des efforts d\u00e9ploy\u00e9s par la communaut\u00e9 internationale en faveur de la paix, de la tol\u00e9rance, de l&rsquo;inclusion, de la compr\u00e9hension et de la solidarit\u00e9\u00bb.\u00a0<\/p>\n<p>Elle offre aussi l\u2019opportunit\u00e9 pour tous \u00abd&rsquo;exprimer le d\u00e9sir profond de vivre et d&rsquo;agir ensemble, unis dans la diff\u00e9rence et dans la diversit\u00e9, en vue de b\u00e2tir un monde viable reposant sur la paix, la solidarit\u00e9 et l&rsquo;harmonie\u00bb. Cheikh Khaled Bentoun\u00e8s, fondateur de l&rsquo;Association internationale soufie Alawiyya, \u00e0 l&rsquo;origine du projet, a indiqu\u00e9, dans une vid\u00e9o transmise \u00e0 l&rsquo;ouverture des travaux, que cette journ\u00e9e est l&rsquo;occasion pour faire \u00abbouger les choses\u00bb et permettre au monde, dans sa diversit\u00e9, de \u00abse reconstruire et de construire l&rsquo;avenir dans un climat de paix\u00bb dans un monde d&rsquo;incertitudes, soulignant que sur ce plan \u00abon peut mieux faire dans un vivre-ensemble intelligent\u00bb. Dans la matin\u00e9e, une table-ronde a mis en valeur les initiatives men\u00e9es par les diff\u00e9rents acteurs sociaux du vivre-ensemble par le biais de leurs r\u00e9seaux et visant \u00e0 partager leurs exp\u00e9riences et leurs savoirs dans la perspective du Sommet des maires du vivre-ensemble qui aura lieu \u00e0 D\u00fcsseldorf (Allemagne) en ao\u00fbt-septembre 2019. Les intervenants ont \u00e9t\u00e9 unanimes \u00e0 souligner que le vivre-ensemble n&rsquo;est pas une faveur donn\u00e9e \u00e0 l&rsquo;autre, mais plut\u00f4t une culture partag\u00e9e dans la concr\u00e9tisation de la paix qui est avant tout un \u00e9tat d&rsquo;\u00eatre. Ils ont \u00e9galement relev\u00e9 la difficult\u00e9, dans les efforts pour le vivre-ensemble, de changer les mentalit\u00e9s ancr\u00e9es et les cloisons que le monde a \u00e9rig\u00e9es.\u00a0<\/p>\n<p>Les travaux de la matin\u00e9e ont \u00e9t\u00e9 cl\u00f4tur\u00e9s par l&rsquo;intervention de l&rsquo;ambassadeur d&rsquo;Alg\u00e9rie dans laquelle il a recommand\u00e9 notamment \u00abdavantage de bonnes volont\u00e9s, davantage d&rsquo;actions, davantage d&rsquo;acteurs, davantage de pays engag\u00e9s pour consolider la d\u00e9marche d&rsquo;avenir et \u00e9crire en commun une nouvelle page plus prometteuse\u00bb.<\/p>\n<p><strong>Acceptation de la diversit\u00e9\u00a0<\/strong><\/p>\n<p>L&rsquo;Alg\u00e9rie a appel\u00e9 \u00e0 plus d&rsquo;efforts et d&rsquo;actions favorisant le vivre-ensemble en paix dans le monde, le dialogue et l&rsquo;acceptation de la diversit\u00e9. \u00abIl nous appartient, chacun \u00e0 son niveau, institutions, soci\u00e9t\u00e9 civile et simples citoyens, \u00e0 redoubler d&rsquo;efforts et d&rsquo;actions, \u00e0 travers la mise en place de politiques et de programmes favorisant le vivre-ensemble, le dialogue et l&rsquo;acceptation de la diversit\u00e9\u00bb, a affirm\u00e9 \u00e0 l&rsquo;Unesco le secr\u00e9taire g\u00e9n\u00e9ral du minist\u00e8re des Affaires \u00e9trang\u00e8res, Rachid Beladehane.\u00a0<\/p>\n<p>Il a rappel\u00e9 que \u00able peuple alg\u00e9rien, de par son histoire, ses valeurs et ses sacrifices, partage la conviction intime que le vivre-ensemble en paix constitue une r\u00e9ponse appropri\u00e9e aux manifestations d&rsquo;intol\u00e9rance, de haine, de discrimination et de rejet de l&rsquo;autre qui se sont malheureusement multipli\u00e9es ces derni\u00e8res ann\u00e9es dans le monde\u00bb.\u00a0<\/p>\n<p>Le SG du MAE a ajout\u00e9 que cette journ\u00e9e \u00abse veut \u00e0 la fois rejet de toute forme d&rsquo;extr\u00e9misme et r\u00e9ponse aux tensions communautaires, au terrorisme auquel l&rsquo;Alg\u00e9rie a fait face, une d\u00e9cennie durant, seule et dans l&rsquo;indiff\u00e9rence de la communaut\u00e9 internationale\u00bb, soulignant qu&rsquo;elle continue \u00e0 le combattre \u00abavec force et conviction\u00bb, mais \u00absans renoncer aux valeurs qui fondent son parcours et son histoire bas\u00e9e sur le pardon, l&rsquo;acceptation de l&rsquo;autre et le vivre-ensemble\u00bb.\u00a0 \u00abForte de cette conviction et impr\u00e9gn\u00e9e des valeurs du vivre-ensemble, l&rsquo;Alg\u00e9rie, qui s&rsquo;est r\u00e9concili\u00e9e avec elle-m\u00eame, a accueilli \u00e0 Oran \u2014ce qui repr\u00e9sente une premi\u00e8re dans un pays musulman\u2014 le 8 d\u00e9cembre 2018, une c\u00e9r\u00e9monie de b\u00e9atification de dix-neuf religieux catholiques tragiquement assassin\u00e9s par les terroristes dans les ann\u00e9es 1990\u00bb, a-t-il rappel\u00e9, notant que l&rsquo;Alg\u00e9rie, par cette communion entre chr\u00e9tiens et musulmans, \u00abexprimait et traduisait son attachement \u00e0 la paix, son ouverture au dialogue et \u00e0 la coexistence entre les religions, ainsi que la volont\u00e9 commune de poursuivre la pr\u00e9vention et la lutte contre l&rsquo;extr\u00e9misme violent\u00bb. Pour sa part, l&rsquo;ambassadeur d&rsquo;Alg\u00e9rie en France, Abdelkader Mesdoua, qui a cl\u00f4tur\u00e9 les travaux de la matin\u00e9e, a tenu \u00e0 affirmer que \u00abni la distance ni la diff\u00e9rence culturelle ne sont un obstacle pour le vivre-ensemble\u00bb. Il a ajout\u00e9, dans ce sens, que les efforts de la communaut\u00e9 internationale en faveur de la paix, de la tol\u00e9rance, de l&rsquo;inclusion, de la compr\u00e9hension mutuelle et de la solidarit\u00e9, \u00abne peuvent aboutir sans l&rsquo;engagement des acteurs aux niveaux national, r\u00e9gional et local\u00bb, notant que les villes sont \u00abau c\u0153ur du d\u00e9fi\u00bb.\u00a0 Pour l&rsquo;ambassadeur, il faudrait \u00abdavantage\u00bb de bonnes volont\u00e9s, d&rsquo;actions, d&rsquo;acteurs, de pays engag\u00e9s pour \u00abconsolider la d\u00e9marche d&rsquo;avenir et \u00e9crire en commun une nouvelle page plus prometteuse\u00bb dans le vivre-ensemble.<\/p>\n<p>Auteur: elmoudjahid<br \/>\n<a href=\"http:\/\/www.elmoudjahid.com\/fr\/actualites\/137028\">Cliquez ici pour lire l&rsquo;article depuis sa source.<\/a><\/p>\n","protected":false},"excerpt":{"rendered":"<p>La Journ\u00e9e internationale du vivre-ensemble en paix, initi\u00e9e par l&rsquo;Alg\u00e9rie, a \u00e9t\u00e9 c\u00e9l\u00e9br\u00e9e jeudi, pour la deuxi\u00e8me fois, \u00e0 l&rsquo;Unesco avec la participation des repr\u00e9sentants des gouvernements et de la soci\u00e9t\u00e9 civile. La c\u00e9l\u00e9bration de cette journ\u00e9e a \u00e9t\u00e9 organis\u00e9e en collaboration avec la D\u00e9l\u00e9gation permanente d&rsquo;Alg\u00e9rie \u00e0 l&rsquo;Unesco et l\u2019Observatoire international des maires sur [&hellip;]<\/p>\n","protected":false},"author":1744,"featured_media":0,"comment_status":"closed","ping_status":"closed","sticky":false,"template":"","format":"standard","meta":{"fifu_image_url":"","fifu_image_alt":"","footnotes":""},"categories":[73,53],"tags":[],"class_list":["post-34885","post","type-post","status-publish","format-standard","hentry","category-actualite","category-algerie"],"_links":{"self":[{"href":"https:\/\/linitiative.ca\/International\/wp-json\/wp\/v2\/posts\/34885","targetHints":{"allow":["GET"]}}],"collection":[{"href":"https:\/\/linitiative.ca\/International\/wp-json\/wp\/v2\/posts"}],"about":[{"href":"https:\/\/linitiative.ca\/International\/wp-json\/wp\/v2\/types\/post"}],"author":[{"embeddable":true,"href":"https:\/\/linitiative.ca\/International\/wp-json\/wp\/v2\/users\/1744"}],"replies":[{"embeddable":true,"href":"https:\/\/linitiative.ca\/International\/wp-json\/wp\/v2\/comments?post=34885"}],"version-history":[{"count":0,"href":"https:\/\/linitiative.ca\/International\/wp-json\/wp\/v2\/posts\/34885\/revisions"}],"wp:attachment":[{"href":"https:\/\/linitiative.ca\/International\/wp-json\/wp\/v2\/media?parent=34885"}],"wp:term":[{"taxonomy":"category","embeddable":true,"href":"https:\/\/linitiative.ca\/International\/wp-json\/wp\/v2\/categories?post=34885"},{"taxonomy":"post_tag","embeddable":true,"href":"https:\/\/linitiative.ca\/International\/wp-json\/wp\/v2\/tags?post=34885"}],"curies":[{"name":"wp","href":"https:\/\/api.w.org\/{rel}","templated":true}]}}