{"id":34886,"date":"2019-05-17T15:19:02","date_gmt":"2019-05-17T19:19:02","guid":{"rendered":"https:\/\/linitiative.ca\/International\/cheikh-khaled-bentounes-comprehension-et-solidarite\/"},"modified":"2019-05-17T15:19:02","modified_gmt":"2019-05-17T19:19:02","slug":"cheikh-khaled-bentounes-comprehension-et-solidarite","status":"publish","type":"post","link":"https:\/\/linitiative.ca\/International\/cheikh-khaled-bentounes-comprehension-et-solidarite\/","title":{"rendered":"Cheikh Khaled Bentoun\u00e8s :  Compr\u00e9hension  et solidarit\u00e9"},"content":{"rendered":"<p>Le monde c\u00e9l\u00e8bre ce jeudi 16 mai la journ\u00e9e internationale du vivre-ensemble en paix, d\u00e9cr\u00e9t\u00e9e par l&rsquo;Organisation des Nations unies en 2017, \u00e0 l&rsquo;initiative de l&rsquo;Alg\u00e9rie qui ne cesse de multiplier les efforts afin de promouvoir les valeurs de la paix et de la r\u00e9conciliation au plan international. La r\u00e9solution (72\/130) de l&rsquo;Assembl\u00e9e g\u00e9n\u00e9rale de l&rsquo;ONU relative \u00e0 cette journ\u00e9e a \u00e9t\u00e9 adopt\u00e9e le 8 d\u00e9cembre 2017 par consensus par 193 pays membres de l&rsquo;ONU. Son objectif est de favoriser une \u00abmobilisation continue des efforts d\u00e9ploy\u00e9s par la communaut\u00e9 internationale en faveur de la paix, de la tol\u00e9rance, de l&rsquo;inclusion, de la compr\u00e9hension et de la solidarit\u00e9\u00bb.\u00a0<\/p>\n<p>Pour ce faire, les Etats membres de l&rsquo;ONU sont invit\u00e9s \u00e0 agir en faveur de la paix et du d\u00e9veloppement durable en collaborant avec les chefs religieux, les diverses communaut\u00e9s ou toute autre partie prenante. Le texte de la r\u00e9solution invite \u00e9galement tous les Etats membres, les organismes des Nations unies et les autres organisations internationales et r\u00e9gionales ainsi que la soci\u00e9t\u00e9 civile, y compris les organisations non gouvernementales et les particuliers, \u00e0 \u00abc\u00e9l\u00e9brer la \u2018\u2018Journ\u00e9e internationale du vivre-ensemble en paix\u2019\u2019, dans le respect de la culture et d&rsquo;autres particularit\u00e9s ou coutumes locales, nationales et r\u00e9gionales, y compris en prenant les initiatives \u00e9ducatives et en menant des activit\u00e9s de sensibilisation\u00bb. Dans ce sens, Cheikh Khaled Bentounes, fondateur de l&rsquo;Association internationale soufie Alawiyya, \u00e0 l&rsquo;origine du projet de proclamer une journ\u00e9e internationale du vivre-ensemble en paix, a pr\u00e9conis\u00e9, \u00e0 l&rsquo;occasion de la c\u00e9l\u00e9bration de la deuxi\u00e8me \u00e9dition, de cr\u00e9er des \u00abmaisons de la paix\u00bb au sein d&rsquo;\u00e9coles maternelles et primaires afin \u00abd&rsquo;\u00e9duquer les enfants \u00e0 la culture de la paix gr\u00e2ce \u00e0 une p\u00e9dagogie alternative\u00bb, pr\u00e9cisant qu&rsquo;il en existe d\u00e9j\u00e0 en Alg\u00e9rie, au Maroc et aux Pays-Bas. Dans des d\u00e9clarations aux m\u00e9dias, Cheikh Bentounes a indiqu\u00e9 que son association travaille avec des universit\u00e9s au Canada, en Allemagne, des ONG et l&rsquo;Organisation des Nations unies pour l&rsquo;\u00e9ducation, la science et la culture (Unesco) pour vulgariser la culture de la paix dans toutes les \u00e9coles du monde.<\/p>\n<p>Auteur: elmoudjahid<br \/>\n<a href=\"http:\/\/www.elmoudjahid.com\/fr\/actualites\/137029\">Cliquez ici pour lire l&rsquo;article depuis sa source.<\/a><\/p>\n","protected":false},"excerpt":{"rendered":"<p>Le monde c\u00e9l\u00e8bre ce jeudi 16 mai la journ\u00e9e internationale du vivre-ensemble en paix, d\u00e9cr\u00e9t\u00e9e par l&rsquo;Organisation des Nations unies en 2017, \u00e0 l&rsquo;initiative de l&rsquo;Alg\u00e9rie qui ne cesse de multiplier les efforts afin de promouvoir les valeurs de la paix et de la r\u00e9conciliation au plan international. La r\u00e9solution (72\/130) de l&rsquo;Assembl\u00e9e g\u00e9n\u00e9rale de [&hellip;]<\/p>\n","protected":false},"author":1744,"featured_media":0,"comment_status":"closed","ping_status":"closed","sticky":false,"template":"","format":"standard","meta":{"fifu_image_url":"","fifu_image_alt":"","footnotes":""},"categories":[73,53],"tags":[],"class_list":["post-34886","post","type-post","status-publish","format-standard","hentry","category-actualite","category-algerie"],"_links":{"self":[{"href":"https:\/\/linitiative.ca\/International\/wp-json\/wp\/v2\/posts\/34886","targetHints":{"allow":["GET"]}}],"collection":[{"href":"https:\/\/linitiative.ca\/International\/wp-json\/wp\/v2\/posts"}],"about":[{"href":"https:\/\/linitiative.ca\/International\/wp-json\/wp\/v2\/types\/post"}],"author":[{"embeddable":true,"href":"https:\/\/linitiative.ca\/International\/wp-json\/wp\/v2\/users\/1744"}],"replies":[{"embeddable":true,"href":"https:\/\/linitiative.ca\/International\/wp-json\/wp\/v2\/comments?post=34886"}],"version-history":[{"count":0,"href":"https:\/\/linitiative.ca\/International\/wp-json\/wp\/v2\/posts\/34886\/revisions"}],"wp:attachment":[{"href":"https:\/\/linitiative.ca\/International\/wp-json\/wp\/v2\/media?parent=34886"}],"wp:term":[{"taxonomy":"category","embeddable":true,"href":"https:\/\/linitiative.ca\/International\/wp-json\/wp\/v2\/categories?post=34886"},{"taxonomy":"post_tag","embeddable":true,"href":"https:\/\/linitiative.ca\/International\/wp-json\/wp\/v2\/tags?post=34886"}],"curies":[{"name":"wp","href":"https:\/\/api.w.org\/{rel}","templated":true}]}}