{"id":34887,"date":"2019-05-17T15:19:05","date_gmt":"2019-05-17T19:19:05","guid":{"rendered":"https:\/\/linitiative.ca\/International\/m-omari-sentretient-a-medine-avec-le-ministre-saoudien-de-lagriculture\/"},"modified":"2019-05-17T15:19:05","modified_gmt":"2019-05-17T19:19:05","slug":"m-omari-sentretient-a-medine-avec-le-ministre-saoudien-de-lagriculture","status":"publish","type":"post","link":"https:\/\/linitiative.ca\/International\/m-omari-sentretient-a-medine-avec-le-ministre-saoudien-de-lagriculture\/","title":{"rendered":"M. Omari s\u2019entretient \u00e0 M\u00e9dine avec le ministre saoudien de l\u2019Agriculture"},"content":{"rendered":"<p>Le ministre de l&rsquo;Agriculture, du D\u00e9veloppement rural et de la P\u00eache, Ch\u00e9rif Omari, s&rsquo;est entretenu, jeudi \u00e0 M\u00e9dine, avec le ministre saoudien de l&rsquo;Environnement, de l&rsquo;Eau et de l&rsquo;Agriculture, Abdurrahman bin Abdulmohsen Al-Fadhli, avec lequel il a \u00e9voqu\u00e9 la coop\u00e9ration bilat\u00e9rale dans le secteur.\u00a0<\/p>\n<div readability=\"25\">\n<p>Lors de cet entretien, tenu en marge de la deuxi\u00e8me r\u00e9union du Conseil international des dattes, les deux parties ont discut\u00e9 des voies et moyens afin de renforcer la coop\u00e9ration bilat\u00e9rale dans le domaine de l\u2019agriculture et les opportunit\u00e9s d\u2019investissement, notamment dans les fili\u00e8res dattes et lait en Alg\u00e9rie.\u00a0 \u00ab\u00a0Les deux ministres ont convenu \u00e9galement de renforcer la coop\u00e9ration\u00a0 \u00a0entre les organisations interprofessionnelles de leurs pays respectifs\u00a0\u00bb.\u00a0 M. Omari s\u2019est entretenu \u00e9galement avec le directeur g\u00e9n\u00e9ral de\u00a0 \u00a0l\u2019Organisation arabe de d\u00e9veloppement de l\u2019Agriculture (OADA), Ibrahim Adam Ahmed El-Dekhairi avec lequel il a examin\u00e9 les moyens de renforcer la coop\u00e9ration avec cette organisation.\u00a0 Les deux parties ont abord\u00e9, dans ce cadre, le renforcement des capacit\u00e9s\u00a0 \u00a0notamment dans le domaine de l\u2019aquaculture et la gestion de l\u2019eau ainsi que\u00a0 des projets de d\u00e9veloppement des fili\u00e8res prioritaires. La mise en \u0153uvre de ces projets sera discut\u00e9e lors de la prochaine visite en Alg\u00e9rie du directeur g\u00e9n\u00e9ral de l\u2019OADA. En visite de travail en Arabie saoudite du 15 au 18 mai, \u00e0 l&rsquo;invitation de son homologue saoudien pour participer \u00e0 la deuxi\u00e8me r\u00e9union du Conseil international des dattes, M. Omari a affirm\u00e9, lors de son intervention, l\u2019importance de la fili\u00e8re dattes dans l\u2019\u00e9conomie alg\u00e9rienne et le soutien qu\u2019accorde l\u2019Etat pour l\u2019extension des superficies de production et l\u2019am\u00e9lioration de la valorisation de ce produit strat\u00e9gique\u00a0 \u00a0ainsi que sa promotion \u00e0 l\u2019exportation.\u00a0 Les participants \u00e0 cette r\u00e9union ont discut\u00e9 de la coop\u00e9ration arabe en vue de mettre en \u0153uvre des programmes et des plans de d\u00e9veloppement de la production, de la transformation, de la commercialisation, de\u00a0 \u00a0l\u2019augmentation de la productivit\u00e9, ainsi que de l\u2019am\u00e9lioration des techniques de production.\u00a0 \u00a0\u00ab\u00a0L&rsquo;objectif, c&rsquo;est de garantir la qualit\u00e9 et la durabilit\u00e9 des palmeraies et des dattes dans les pays arabes\u00a0\u00bb.\u00a0<\/p>\n<\/div>\n<p>Auteur: elmoudjahid<br \/>\n<a href=\"http:\/\/www.elmoudjahid.com\/fr\/actualites\/137030\">Cliquez ici pour lire l&rsquo;article depuis sa source.<\/a><\/p>\n","protected":false},"excerpt":{"rendered":"<p>Le ministre de l&rsquo;Agriculture, du D\u00e9veloppement rural et de la P\u00eache, Ch\u00e9rif Omari, s&rsquo;est entretenu, jeudi \u00e0 M\u00e9dine, avec le ministre saoudien de l&rsquo;Environnement, de l&rsquo;Eau et de l&rsquo;Agriculture, Abdurrahman bin Abdulmohsen Al-Fadhli, avec lequel il a \u00e9voqu\u00e9 la coop\u00e9ration bilat\u00e9rale dans le secteur.\u00a0 Lors de cet entretien, tenu en marge de la deuxi\u00e8me r\u00e9union [&hellip;]<\/p>\n","protected":false},"author":1744,"featured_media":0,"comment_status":"closed","ping_status":"closed","sticky":false,"template":"","format":"standard","meta":{"fifu_image_url":"","fifu_image_alt":"","footnotes":""},"categories":[73,53],"tags":[],"class_list":["post-34887","post","type-post","status-publish","format-standard","hentry","category-actualite","category-algerie"],"_links":{"self":[{"href":"https:\/\/linitiative.ca\/International\/wp-json\/wp\/v2\/posts\/34887","targetHints":{"allow":["GET"]}}],"collection":[{"href":"https:\/\/linitiative.ca\/International\/wp-json\/wp\/v2\/posts"}],"about":[{"href":"https:\/\/linitiative.ca\/International\/wp-json\/wp\/v2\/types\/post"}],"author":[{"embeddable":true,"href":"https:\/\/linitiative.ca\/International\/wp-json\/wp\/v2\/users\/1744"}],"replies":[{"embeddable":true,"href":"https:\/\/linitiative.ca\/International\/wp-json\/wp\/v2\/comments?post=34887"}],"version-history":[{"count":0,"href":"https:\/\/linitiative.ca\/International\/wp-json\/wp\/v2\/posts\/34887\/revisions"}],"wp:attachment":[{"href":"https:\/\/linitiative.ca\/International\/wp-json\/wp\/v2\/media?parent=34887"}],"wp:term":[{"taxonomy":"category","embeddable":true,"href":"https:\/\/linitiative.ca\/International\/wp-json\/wp\/v2\/categories?post=34887"},{"taxonomy":"post_tag","embeddable":true,"href":"https:\/\/linitiative.ca\/International\/wp-json\/wp\/v2\/tags?post=34887"}],"curies":[{"name":"wp","href":"https:\/\/api.w.org\/{rel}","templated":true}]}}