{"id":34888,"date":"2019-05-17T15:19:06","date_gmt":"2019-05-17T19:19:06","guid":{"rendered":"https:\/\/linitiative.ca\/International\/ramadhan-lambassade-de-chine-convie-la-presse-nationale-a-un-iftar\/"},"modified":"2019-05-17T15:19:06","modified_gmt":"2019-05-17T19:19:06","slug":"ramadhan-lambassade-de-chine-convie-la-presse-nationale-a-un-iftar","status":"publish","type":"post","link":"https:\/\/linitiative.ca\/International\/ramadhan-lambassade-de-chine-convie-la-presse-nationale-a-un-iftar\/","title":{"rendered":"Ramadhan :  L\u2019ambassade de Chine convie la presse  nationale \u00e0 un Iftar"},"content":{"rendered":"<p>L\u2019ambassade de la R\u00e9publique populaire de Chine a honor\u00e9, jeudi dernier, la presse alg\u00e9rienne en organisant un \u2018\u2018Iftar\u2019\u2019 au si\u00e8ge de la chancellerie chinoise \u00e0 Alger.\u00a0\u00a0<\/p>\n<p>Son Excellence Li Lianhe a mis \u00e0 profit cette opportunit\u00e9 pour souhaiter \u00e0 l\u2019ensemble des Alg\u00e9riens un mois de Ramadhan Moubarak et indiqu\u00e9 d\u2019embl\u00e9e que les relations alg\u00e9ro-chinoises sont \u00abriches\u00bb, \u00abdenses\u00bb et \u00abhistoriques\u00bb. \u00abLes relations entre nos deux nations s\u0153urs sont b\u00e2ties sur l\u2019amiti\u00e9 et l\u2019honn\u00eatet\u00e9\u00bb, a fait savoir en effet l\u2019ambassadeur \u00e0 l\u2019adresse des nombreux journalistes, ce qui contribue, selon lui, au \u00ab renforcement \u00bb des relations entre les deux pays. Et d\u2019ajouter que depuis les ann\u00e9es 1950, la Chine a soutenu de \u00abtoutes ses forces\u00bb le combat lib\u00e9rateur du peuple alg\u00e9rien contre le colonialisme fran\u00e7ais. \u00abNotre soutien pour la cause alg\u00e9rienne \u00e9tait total, bien que nous \u00e9tions \u00e0 cette \u00e9poque un pays pauvre \u00bb, a-t-il relev\u00e9, non sans rappeler que la Chine fut incontestablement le premier pays \u00e0 avoir reconnu le gouvernement provisoire de la R\u00e9publique alg\u00e9rienne (GPRA) et ce, imm\u00e9diatement apr\u00e8s sa proclamation en 1958 au Caire, en Egypte. Il affirmera par ailleurs qu\u2019au lendemain de notre ind\u00e9pendance, en 1963 plus exactement, une premi\u00e8re \u00e9quipe m\u00e9dicale a \u00e9t\u00e9 d\u00e9p\u00each\u00e9e en Alg\u00e9rie pour pr\u00eater main-forte aux \u00e9quipes alg\u00e9riennes et les assister dans leurs t\u00e2ches.<\/p>\n<p>Dans ce m\u00eame sillage, SEM. Li Lianhe a assur\u00e9 que la Chine, gouvernement et peuple, \u00abn\u2019oubliera jamais\u00bb le r\u00f4le \u00abfondamental\u00bb et \u00abpr\u00e9pond\u00e9rant\u00bb jou\u00e9 par l\u2019Alg\u00e9rie dans le retour du si\u00e8ge onusien \u00e0 son pays, en octobre 1971.\u00a0 \u00a0Faisant une r\u00e9trospective des temps forts des relations bilat\u00e9rales entre les deux nations, l\u2019ambassadeur de la R\u00e9publique populaire de Chine \u00e0 Alger n\u2019a pas manqu\u00e9 de revenir en arri\u00e8re pour rappeler qu\u2019en 2014, l\u2019Alg\u00e9rie et la Chine ont sign\u00e9 le plan de coop\u00e9ration strat\u00e9gique global.\u00a0<\/p>\n<p>\u00abIl faut dire que ce plan est tr\u00e8s b\u00e9n\u00e9fique et visionnaire surtout. Il est le premier du genre sign\u00e9 entre la Chine et un pays arabe. C\u2019est la preuve de l\u2019importance que nous accordons \u00e0 nos relations diplomatiques, dont la qualit\u00e9 est excellente avec l\u2019Alg\u00e9rie \u00bb, s\u2019est-il r\u00e9joui.\u00a0<\/p>\n<p>Le diplomate chinois est, d\u2019autre part, revenu sur l\u2019initiative \u2018\u2018la ceinture et la route\u2019\u2019, lanc\u00e9e, en 2013, par le pr\u00e9sident chinois, XI Jinping, et ayant pour but de \u00abrenforcer\u00bb les relations et les consultations politiques avec 127 pays signataires.\u00a0 \u00abDans le cadre de cette initiative, la coop\u00e9ration entre la Chine et ces pays, dont l\u2019Alg\u00e9rie fait partie, s\u2019est traduite par un renforcement notoire\u00bb, a-t-il d\u00e9clar\u00e9, annon\u00e7ant \u00e0 la fin qu\u2019entre 2013 et 2018, le poids des \u00e9changes commerciaux a \u00abgrandement\u00bb augment\u00e9.\u00a0<\/p>\n<p><strong>Sami Kaidi<\/strong><\/p>\n<p>Auteur: elmoudjahid<br \/>\n<a href=\"http:\/\/www.elmoudjahid.com\/fr\/actualites\/137031\">Cliquez ici pour lire l&rsquo;article depuis sa source.<\/a><\/p>\n","protected":false},"excerpt":{"rendered":"<p>L\u2019ambassade de la R\u00e9publique populaire de Chine a honor\u00e9, jeudi dernier, la presse alg\u00e9rienne en organisant un \u2018\u2018Iftar\u2019\u2019 au si\u00e8ge de la chancellerie chinoise \u00e0 Alger.\u00a0\u00a0 Son Excellence Li Lianhe a mis \u00e0 profit cette opportunit\u00e9 pour souhaiter \u00e0 l\u2019ensemble des Alg\u00e9riens un mois de Ramadhan Moubarak et indiqu\u00e9 d\u2019embl\u00e9e que les relations alg\u00e9ro-chinoises sont [&hellip;]<\/p>\n","protected":false},"author":1744,"featured_media":0,"comment_status":"closed","ping_status":"closed","sticky":false,"template":"","format":"standard","meta":{"fifu_image_url":"","fifu_image_alt":"","footnotes":""},"categories":[73,53],"tags":[],"class_list":["post-34888","post","type-post","status-publish","format-standard","hentry","category-actualite","category-algerie"],"_links":{"self":[{"href":"https:\/\/linitiative.ca\/International\/wp-json\/wp\/v2\/posts\/34888","targetHints":{"allow":["GET"]}}],"collection":[{"href":"https:\/\/linitiative.ca\/International\/wp-json\/wp\/v2\/posts"}],"about":[{"href":"https:\/\/linitiative.ca\/International\/wp-json\/wp\/v2\/types\/post"}],"author":[{"embeddable":true,"href":"https:\/\/linitiative.ca\/International\/wp-json\/wp\/v2\/users\/1744"}],"replies":[{"embeddable":true,"href":"https:\/\/linitiative.ca\/International\/wp-json\/wp\/v2\/comments?post=34888"}],"version-history":[{"count":0,"href":"https:\/\/linitiative.ca\/International\/wp-json\/wp\/v2\/posts\/34888\/revisions"}],"wp:attachment":[{"href":"https:\/\/linitiative.ca\/International\/wp-json\/wp\/v2\/media?parent=34888"}],"wp:term":[{"taxonomy":"category","embeddable":true,"href":"https:\/\/linitiative.ca\/International\/wp-json\/wp\/v2\/categories?post=34888"},{"taxonomy":"post_tag","embeddable":true,"href":"https:\/\/linitiative.ca\/International\/wp-json\/wp\/v2\/tags?post=34888"}],"curies":[{"name":"wp","href":"https:\/\/api.w.org\/{rel}","templated":true}]}}