{"id":34889,"date":"2019-05-17T15:19:08","date_gmt":"2019-05-17T19:19:08","guid":{"rendered":"https:\/\/linitiative.ca\/International\/comite-de-suivi-opep-non-opep-m-arkab-a-djeddah\/"},"modified":"2019-05-17T15:19:08","modified_gmt":"2019-05-17T19:19:08","slug":"comite-de-suivi-opep-non-opep-m-arkab-a-djeddah","status":"publish","type":"post","link":"https:\/\/linitiative.ca\/International\/comite-de-suivi-opep-non-opep-m-arkab-a-djeddah\/","title":{"rendered":"Comit\u00e9 de suivi Opep &#8211; non-Opep   :  M. Arkab \u00e0 Djeddah"},"content":{"rendered":"<p>Le ministre de l\u2019Energie, Mohammed Arkab, prendra part \u00e0 la 14e r\u00e9union du Comit\u00e9 de suivi minist\u00e9riel conjoint Opep et non-\u00a0 \u00a0Opep (JMMC) qui aura lieu demain \u00e0 Djeddah au Royaume d&rsquo;Arabie saoudite, a indiqu\u00e9 jeudi un communiqu\u00e9 du minist\u00e8re. Pour rappel, le JMMC est charg\u00e9 d&rsquo;examiner le rapport mensuel pr\u00e9par\u00e9 par\u00a0 \u00a0son Comit\u00e9 technique mixte (JTC) et les d\u00e9veloppements r\u00e9cents sur le\u00a0 \u00a0march\u00e9 mondial du p\u00e9trole, ainsi que les perspectives pour le reste de\u00a0 \u00a0l\u2019ann\u00e9e 2019.\u00a0 Le JMMC a \u00e9t\u00e9 cr\u00e9\u00e9 \u00e0 la suite de la 171e Conf\u00e9rence minist\u00e9rielle de l&rsquo;OPEP du 30 novembre 2016 et de la D\u00e9claration de coop\u00e9ration ult\u00e9rieure faite lors de la r\u00e9union minist\u00e9rielle conjointe Opep-non-Opep tenue le 10 d\u00e9cembre 2016.\u00a0 Co-pr\u00e9sid\u00e9 par le Royaume d&rsquo;Arabie saoudite et la Russie, le JMMC est compos\u00e9 \u00e9galement de l&rsquo;Alg\u00e9rie, les Emirats arabes unis, l&rsquo;Iraq,\u00a0 le\u00a0 \u00a0Kazakhstan, le Kowe\u00eft, le Nigeria et le Venezuela.\u00a0\u00a0<\/p>\n<p>Il y a lieu de rappeler que les pays participants \u00e0 la D\u00e9claration Opep et non-Opep s\u2019engagent en faveur de la stabilit\u00e9 des march\u00e9s p\u00e9troliers, de l&rsquo;int\u00e9r\u00eat mutuel des pays producteurs et consommateurs, de\u00a0 \u00a0l&rsquo;approvisionnement efficace, \u00e9conomique et s\u00fbr des pays consommateurs, d&rsquo;un rendement \u00e9quitable du capital investi, ainsi que du retour de la confiance des investisseurs dans l&rsquo;industrie p\u00e9troli\u00e8re.\u00a0<\/p>\n<p>Auteur: elmoudjahid<br \/>\n<a href=\"http:\/\/www.elmoudjahid.com\/fr\/actualites\/137032\">Cliquez ici pour lire l&rsquo;article depuis sa source.<\/a><\/p>\n","protected":false},"excerpt":{"rendered":"<p>Le ministre de l\u2019Energie, Mohammed Arkab, prendra part \u00e0 la 14e r\u00e9union du Comit\u00e9 de suivi minist\u00e9riel conjoint Opep et non-\u00a0 \u00a0Opep (JMMC) qui aura lieu demain \u00e0 Djeddah au Royaume d&rsquo;Arabie saoudite, a indiqu\u00e9 jeudi un communiqu\u00e9 du minist\u00e8re. Pour rappel, le JMMC est charg\u00e9 d&rsquo;examiner le rapport mensuel pr\u00e9par\u00e9 par\u00a0 \u00a0son Comit\u00e9 technique [&hellip;]<\/p>\n","protected":false},"author":1744,"featured_media":0,"comment_status":"closed","ping_status":"closed","sticky":false,"template":"","format":"standard","meta":{"fifu_image_url":"","fifu_image_alt":"","footnotes":""},"categories":[73,53],"tags":[],"class_list":["post-34889","post","type-post","status-publish","format-standard","hentry","category-actualite","category-algerie"],"_links":{"self":[{"href":"https:\/\/linitiative.ca\/International\/wp-json\/wp\/v2\/posts\/34889","targetHints":{"allow":["GET"]}}],"collection":[{"href":"https:\/\/linitiative.ca\/International\/wp-json\/wp\/v2\/posts"}],"about":[{"href":"https:\/\/linitiative.ca\/International\/wp-json\/wp\/v2\/types\/post"}],"author":[{"embeddable":true,"href":"https:\/\/linitiative.ca\/International\/wp-json\/wp\/v2\/users\/1744"}],"replies":[{"embeddable":true,"href":"https:\/\/linitiative.ca\/International\/wp-json\/wp\/v2\/comments?post=34889"}],"version-history":[{"count":0,"href":"https:\/\/linitiative.ca\/International\/wp-json\/wp\/v2\/posts\/34889\/revisions"}],"wp:attachment":[{"href":"https:\/\/linitiative.ca\/International\/wp-json\/wp\/v2\/media?parent=34889"}],"wp:term":[{"taxonomy":"category","embeddable":true,"href":"https:\/\/linitiative.ca\/International\/wp-json\/wp\/v2\/categories?post=34889"},{"taxonomy":"post_tag","embeddable":true,"href":"https:\/\/linitiative.ca\/International\/wp-json\/wp\/v2\/tags?post=34889"}],"curies":[{"name":"wp","href":"https:\/\/api.w.org\/{rel}","templated":true}]}}