{"id":34894,"date":"2019-05-17T15:19:20","date_gmt":"2019-05-17T19:19:20","guid":{"rendered":"https:\/\/linitiative.ca\/International\/le-chef-de-letat-recoit-les-lettres-de-creances-de-plusieurs-ambassadeurs-elargir-les-relations-de-cooperation\/"},"modified":"2019-05-17T15:19:20","modified_gmt":"2019-05-17T19:19:20","slug":"le-chef-de-letat-recoit-les-lettres-de-creances-de-plusieurs-ambassadeurs-elargir-les-relations-de-cooperation","status":"publish","type":"post","link":"https:\/\/linitiative.ca\/International\/le-chef-de-letat-recoit-les-lettres-de-creances-de-plusieurs-ambassadeurs-elargir-les-relations-de-cooperation\/","title":{"rendered":"Le chef de l&rsquo;Etat re\u00e7oit les lettres de cr\u00e9ances de plusieurs ambassadeurs : \u00e9largir les relations de coop\u00e9ration"},"content":{"rendered":"<p>Le chef de l&rsquo;Etat, Abdelkader Bensalah a re\u00e7u, jeudi dernier, au si\u00e8ge de la pr\u00e9sidence, plusieurs ambassadeurs qui lui ont remis leurs lettres de cr\u00e9ances. Le chef de l&rsquo;Etat a re\u00e7u l&rsquo;ambassadeur du Royaume du Maroc, Lahcen Abdelkhalek qui a affirm\u00e9, dans une d\u00e9claration, avoir transmis \u00e0 M. Bensalah \u00ables salutations et les sentiments de consid\u00e9ration du Roi Mohamed VI ainsi que son souci d&rsquo;\u0153uvrer \u00e0 la consolidation des relations entre les deux pays fr\u00e8res, \u00e0 la faveur de la confiance, de la solidarit\u00e9 et du bon voisinage dans tous les domaines, outre le renforcement de la tradition de coordination et de concertation pour relever les d\u00e9fis r\u00e9gionaux et internationaux\u00bb.\u00a0<\/p>\n<div readability=\"98\">\n<p>A cette occasion, M. Bensalah a charg\u00e9 l&rsquo;ambassadeur marocain de transmettre ses \u00absalutations\u00bb et sa \u00abconsid\u00e9ration\u00bb au roi Mohamed VI, r\u00e9affirmant son \u00absouci\u00bb d&rsquo;\u0153uvrer \u00e0 la consolidation des relations bilat\u00e9rales. Par ailleurs, le chef de l&rsquo;Etat a re\u00e7u l&rsquo;ambassadeur de la R\u00e9publique d&rsquo;Inde, Satbir Singh qui a affirm\u00e9 \u00e0 l&rsquo;issue de l&rsquo;audience que son pays et l&rsquo;Alg\u00e9rie \u00e9taient \u00abli\u00e9s par des relations diplomatiques qui remontent aux ann\u00e9es 60 et par un partenariat \u00e9conomique et commercial dans plusieurs domaines\u00bb.\u00a0<\/p>\n<p>Re\u00e7u \u00e9galement par M. Bensalah, l&rsquo;ambassadeur du Bengladesh, Mohamed Abdul Hye a salu\u00e9, pour sa part, les relations historiques qui lient les deux pays, mettant en valeur le soutien de l&rsquo;Alg\u00e9rie \u00e0 la lib\u00e9ration de son pays. Apr\u00e8s avoir rappel\u00e9 que le Bengladesh \u00e9tait le second plus grand producteur de textile en Asie, l&rsquo;ambassadeur a affirm\u00e9 que la repr\u00e9sentation diplomatique de son pays \u00aba re\u00e7u ces deux derni\u00e8res ann\u00e9es pr\u00e8s de 1.000 demandes de visa par les Alg\u00e9riens\u00bb, mettant l&rsquo;accent sur l&rsquo;importance d&rsquo;\u00e9largir les relations de coop\u00e9ration \u00e9conomique entre les deux pays, notamment en mati\u00e8re d&rsquo;\u00e9nergie et de gaz.\u00a0<\/p>\n<p>Par ailleurs, M. Abdul Hye a exprim\u00e9 son souhait que l&rsquo;Alg\u00e9rie ouvre une repr\u00e9sentation diplomatique au Bengladesh \u00abdans les meilleurs d\u00e9lais\u00bb.\u00a0<\/p>\n<p>D&rsquo;autre part, le chef de l&rsquo;Etat a re\u00e7u l&rsquo;ambassadeur du Y\u00e9men, Ali Mohammed Alaoui Abdullah El-Yazidi qui a salu\u00e9, dans une d\u00e9claration \u00e0 la presse, \u00ables liens \u00e9troits\u00bb unissant les deux peuples, exprimant son souhait que \u00abl&rsquo;Alg\u00e9rie soit toujours un rempart pour la Nation arabe qui lutte pour ses causes\u00bb. Dans le m\u00eame sillage, M. Bensalah a re\u00e7u l&rsquo;ambassadrice de la R\u00e9publique de Namibie, Panduleni-Kaino Shigenge qui lui a remis ses lettres de cr\u00e9ances, \u00e9voquant \u00ables relations bilat\u00e9rales et les d\u00e9nominateurs communs \u00e0 commencer par leur combat pour la lib\u00e9ration\u00bb.\u00a0<\/p>\n<p>L&rsquo;ambassadrice namibienne a mis en avant la volont\u00e9 des deux pays de \u00abpromouvoir leurs relations bilat\u00e9rales et d&rsquo;intensifier la coordination notamment lors des concerts internationaux, au sujet de plusieurs questions, en t\u00eate desquelles la cause sahraouie\u00bb. Enfin, le chef de l&rsquo;Etat a re\u00e7u l&rsquo;ambassadeur de la R\u00e9publique du B\u00e9nin, Orou Sego Orou Gab\u00e9, qui a salu\u00e9, dans sa d\u00e9claration \u00e0 la presse, \u00ables relations fructueuses\u00bb liant les deux pays. Le chef de l&rsquo;Etat a aussi re\u00e7u les ambassadeurs de quatre autres pays. Il s&rsquo;agit des ambassadeurs, de la Serbie, Alexandar Jankovic, du Vietnam, Pham Quoc Tru, et de la Guin\u00e9e Bissau, Pedro Maria Mendes Costa et de la France, Xavier Driencourt. Dans une d\u00e9claration \u00e0 la presse \u00e0 l&rsquo;issue de l&rsquo;audience, M. Jankovic a qualifi\u00e9 les relations bilat\u00e9rales entre les deux pays \u00abd&rsquo;excellentes et de traditionnellement fortes\u00bb, rappelant que la Serbie a \u00absoutenu l&rsquo;Alg\u00e9rie dans sa juste lutte pour son ind\u00e9pendance\u00bb et que sa capitale, Belgrade, a \u00e9t\u00e9 \u00abla premi\u00e8re capitale europ\u00e9enne \u00e0 avoir reconnu le Gouvernement provisoire de la R\u00e9publique alg\u00e9rienne (GPRA). Pour sa part, M. Pham Quoc Tru a rappel\u00e9 aussi les relations d&rsquo;amiti\u00e9 \u00abde longue date forg\u00e9es dans la lutte commune des deux pays contre le colonialisme\u00bb qu&rsquo;entretiennent l&rsquo;Alg\u00e9rie et le Vietnam.\u00a0<\/p>\n<p>Ces relations, a t-il ajout\u00e9, ont \u00e9t\u00e9 ensuite \u00abrenforc\u00e9es\u00bb gr\u00e2ce \u00e0 la \u00abcoop\u00e9ration \u00e9troite dans divers domaines\u00bb, souhaitant pouvoir contribuer \u00e0 leur d\u00e9veloppement.\u00a0<\/p>\n<p>Dans une d\u00e9claration au terme de l&rsquo;audience, M. Pedro Maria Mendes a indiqu\u00e9 que les relations bilat\u00e9rales entre les deux pays sont \u00abexcellentes\u00bb, appelant \u00e0 plus d&rsquo;efforts des deux c\u00f4t\u00e9s pour les consolider \u00e0 tous les niveaux.\u00a0<\/p>\n<p>De son c\u00f4t\u00e9, M.\u2008Xavier Driencourt, a r\u00e9fut\u00e9 toute \u00abvolont\u00e9 d&rsquo;ing\u00e9rence\u00bb de la France dans les affaires internes de l&rsquo;Alg\u00e9rie, affirmant que son pays suit \u00abavec beaucoup de respect\u00bb la situation en Alg\u00e9rie.\u00a0<\/p>\n<p>La France \u00absuit, comme d&rsquo;autres pays europ\u00e9ens, avec beaucoup de respect tout ce qui se passe en Alg\u00e9rie sans porter de jugement et sans aucune volont\u00e9 d&rsquo;ing\u00e9rence dans les affaires alg\u00e9riennes\u00bb, a-t-il d\u00e9clar\u00e9 \u00e0 la presse. Rappelant qu&rsquo;il a d\u00e9j\u00e0 \u00e9t\u00e9 en fonction en Alg\u00e9rie, M. Driencourt s&rsquo;est dit \u00abconscient de se trouver dans une situation et un moment tr\u00e8s particuliers de l&rsquo;histoire de l&rsquo;Alg\u00e9rie\u00bb. \u00abL&rsquo;Alg\u00e9rie est un grand pays que nous admirons et mon souhait est de d\u00e9velopper ensemble les relations dans tous les domaines entre les deux gouvernements mais aussi et surtout entre les deux peuples fran\u00e7ais et alg\u00e9riens amis\u00bb, a-t-il ajout\u00e9. Pour l&rsquo;ambassadeur fran\u00e7ais, \u00able peuple fran\u00e7ais est impressionn\u00e9 par la maturit\u00e9 politique du grand peuple alg\u00e9rien\u00bb.<\/p>\n<\/div>\n<p>Auteur: elmoudjahid<br \/>\n<a href=\"http:\/\/www.elmoudjahid.com\/fr\/actualites\/137036\">Cliquez ici pour lire l&rsquo;article depuis sa source.<\/a><\/p>\n","protected":false},"excerpt":{"rendered":"<p>Le chef de l&rsquo;Etat, Abdelkader Bensalah a re\u00e7u, jeudi dernier, au si\u00e8ge de la pr\u00e9sidence, plusieurs ambassadeurs qui lui ont remis leurs lettres de cr\u00e9ances. Le chef de l&rsquo;Etat a re\u00e7u l&rsquo;ambassadeur du Royaume du Maroc, Lahcen Abdelkhalek qui a affirm\u00e9, dans une d\u00e9claration, avoir transmis \u00e0 M. Bensalah \u00ables salutations et les sentiments de [&hellip;]<\/p>\n","protected":false},"author":1744,"featured_media":0,"comment_status":"closed","ping_status":"closed","sticky":false,"template":"","format":"standard","meta":{"fifu_image_url":"","fifu_image_alt":"","footnotes":""},"categories":[73,53],"tags":[],"class_list":["post-34894","post","type-post","status-publish","format-standard","hentry","category-actualite","category-algerie"],"_links":{"self":[{"href":"https:\/\/linitiative.ca\/International\/wp-json\/wp\/v2\/posts\/34894","targetHints":{"allow":["GET"]}}],"collection":[{"href":"https:\/\/linitiative.ca\/International\/wp-json\/wp\/v2\/posts"}],"about":[{"href":"https:\/\/linitiative.ca\/International\/wp-json\/wp\/v2\/types\/post"}],"author":[{"embeddable":true,"href":"https:\/\/linitiative.ca\/International\/wp-json\/wp\/v2\/users\/1744"}],"replies":[{"embeddable":true,"href":"https:\/\/linitiative.ca\/International\/wp-json\/wp\/v2\/comments?post=34894"}],"version-history":[{"count":0,"href":"https:\/\/linitiative.ca\/International\/wp-json\/wp\/v2\/posts\/34894\/revisions"}],"wp:attachment":[{"href":"https:\/\/linitiative.ca\/International\/wp-json\/wp\/v2\/media?parent=34894"}],"wp:term":[{"taxonomy":"category","embeddable":true,"href":"https:\/\/linitiative.ca\/International\/wp-json\/wp\/v2\/categories?post=34894"},{"taxonomy":"post_tag","embeddable":true,"href":"https:\/\/linitiative.ca\/International\/wp-json\/wp\/v2\/tags?post=34894"}],"curies":[{"name":"wp","href":"https:\/\/api.w.org\/{rel}","templated":true}]}}