{"id":34895,"date":"2019-05-17T15:19:22","date_gmt":"2019-05-17T19:19:22","guid":{"rendered":"https:\/\/linitiative.ca\/International\/reunion-du-gouvernement-preserver-les-reserves-de-changes\/"},"modified":"2019-05-17T15:19:22","modified_gmt":"2019-05-17T19:19:22","slug":"reunion-du-gouvernement-preserver-les-reserves-de-changes","status":"publish","type":"post","link":"https:\/\/linitiative.ca\/International\/reunion-du-gouvernement-preserver-les-reserves-de-changes\/","title":{"rendered":"R\u00e9union du gouvernement :  Pr\u00e9server les r\u00e9serves de changes"},"content":{"rendered":"<p>Rationaliser les importations des kits CKD\/SKD destin\u00e9s au montage automobile et \u00e0 la fabrication des produits \u00e9lectrom\u00e9nagers.<\/p>\n<p>Mise en \u0153uvre de la strat\u00e9gie nationale de pr\u00e9vention et de lutte contre les MTH.<\/p>\n<div readability=\"123\">\n<p>Le gouvernement a pris, lors de sa r\u00e9union tenue mercredi sous la pr\u00e9sidence du Premier ministre, Noureddine Bedoui, plusieurs mesures pour r\u00e9duire le d\u00e9ficit de la balance des paiements en vue de pr\u00e9server les r\u00e9serves de changes. Les services du Premier minist\u00e8re ont rendu public un communiqu\u00e9, dont voici le texte int\u00e9gral :\u00a0<\/p>\n<p>\u00abLe Gouvernement a tenu une r\u00e9union sous la pr\u00e9sidence du Premier ministre, Noureddine Bedoui, lors de laquelle le ministre des Finances a pr\u00e9sent\u00e9 son expos\u00e9 p\u00e9riodique sur les mesures \u00e0 prendre pour r\u00e9duire le d\u00e9ficit de la balance des paiements et pr\u00e9server les r\u00e9serves de changes, \u00e0 la lumi\u00e8re des travaux de la commission y aff\u00e9rente, compos\u00e9e de repr\u00e9sentants des minist\u00e8res des Finances, du Commerce et de l&rsquo;Industrie. Plusieurs mesures ont \u00e9t\u00e9 prises concernant l&rsquo;importation des kits CKD\/SKD des appareils \u00e9lectrom\u00e9nagers et \u00e9lectroniques de large consommation et t\u00e9l\u00e9phones mobiles, afin de rationaliser les importations dans les domaines de l&rsquo;activit\u00e9 en question.\u00a0<\/p>\n<p>Le Gouvernement a pris les d\u00e9cisions suivantes :\u00a0<\/p>\n<p>&#8211; L&rsquo;acc\u00e9l\u00e9ration du processus d&rsquo;\u00e9laboration d&rsquo;un cahier de charge concernant l&rsquo;activit\u00e9 d&rsquo;assemblage des appareils \u00e9lectrom\u00e9nagers et \u00e9lectroniques, dans le respect des normes et conditions r\u00e9gissant cette activit\u00e9, notamment le taux d&rsquo;int\u00e9gration, le recrutement de la main-d&rsquo;\u0153uvre locale et l&rsquo;exigence de l&rsquo;exportation.\u00a0<\/p>\n<p>&#8211; L&rsquo;amendement du d\u00e9cret ex\u00e9cutif paru en 2000 fixant les conditions d&rsquo;identification des activit\u00e9s de production \u00e0 partir de collections destin\u00e9es aux industries de montage et aux collections dites CKD, devant \u00eatre limit\u00e9 aux composants essentiels du produit, en int\u00e9grant la sous-traitance et en d\u00e9terminant la dur\u00e9e pour b\u00e9n\u00e9ficier des diff\u00e9rentes mesures incitatives.\u00a0<\/p>\n<p>&#8211; Engagement de la mise en \u0153uvre des mesures incitatives pr\u00e9vues par la loi des Finances 2017 \u00e0 travers l&rsquo;acc\u00e9l\u00e9ration de la promulgation de l&rsquo;arr\u00eat\u00e9 interminist\u00e9riel y aff\u00e9rent.\u00a0<\/p>\n<p>&#8211; Promulgation de l&rsquo;arr\u00eat\u00e9 interminist\u00e9riel, en cours d&rsquo;\u00e9laboration, fixant le taux d&rsquo;int\u00e9gration dans le domaine d&rsquo;activit\u00e9 relatif \u00e0 l&rsquo;assemblage et au montage. Pour rationaliser l&rsquo;importation et pr\u00e9server les r\u00e9serves de changes, le Gouvernement a approuv\u00e9 la d\u00e9cision portant prolongation, \u00e0 long terme, du paiement diff\u00e9r\u00e9 de la valeur des importations en vigueur au profit de certains secteurs d&rsquo;activit\u00e9, \u00e0 condition que ce d\u00e9lai ne d\u00e9passe pas, dans tous les cas, une ann\u00e9e, en vertu de ce qui est en vigueur dans le cadre des \u00e9changes commerciaux internationaux. Deux expos\u00e9s sur les mesures \u00e0 prendre dans le but de lutter contre le ph\u00e9nom\u00e8ne de la violence dans les stades ont \u00e9galement \u00e9t\u00e9 pr\u00e9sent\u00e9s par les ministres de l&rsquo;Int\u00e9rieur et de la Jeunesse et des sports.\u00a0<\/p>\n<p>Le Premier ministre a, ensuite, donn\u00e9 les orientations suivantes :\u00a0<\/p>\n<p>&#8211; D\u00e9but progressif de la mise en \u0153uvre des mesures propos\u00e9es dans le cadre d&rsquo;une strat\u00e9gie et sous le contr\u00f4le et l&rsquo;\u00e9valuation p\u00e9riodiques d&rsquo;une instance nationale charg\u00e9e de la lutte contre la violence dans les stades, avec l&rsquo;implication de tous les acteurs, y compris la f\u00e9d\u00e9ration, les ligues, les clubs et associations sportives, les m\u00e9dias et autres.\u00a0<\/p>\n<p>&#8211; Recours \u00e0 l\u2019utilisation des technologies modernes en vue de lutter contre le ph\u00e9nom\u00e8ne, notamment par la mise en service de la base de donn\u00e9es des personnes interdites d\u2019entr\u00e9e dans les stades et l\u2019\u00e9quipement de ces derniers en cam\u00e9ras de surveillance.\u00a0<\/p>\n<p>Le Gouvernement a examin\u00e9 et approuv\u00e9 les projets de d\u00e9crets ex\u00e9cutifs ayant trait \u00e0 :\u00a0<\/p>\n<p>&#8211; La cr\u00e9ation, l\u2019organisation, le fonctionnement et la d\u00e9finition de missions de la Commission nationale de pr\u00e9vention et de lutte contre les maladies \u00e0 transmission hydrique (MTH), sur la base des recommandations issues de l\u2019exp\u00e9rience v\u00e9cue par certaines wilayas du pays suite \u00e0 l\u2019apparition, l\u2019\u00e9t\u00e9 dernier, de l&rsquo;\u00e9pid\u00e9mie du chol\u00e9ra, en mettant l\u2019accent sur l\u2019action pr\u00e9ventive qui garantit la sant\u00e9 des citoyens et en assurant un environnement sain pour la soci\u00e9t\u00e9. Le texte vise l&rsquo;actualisation du syst\u00e8me juridique en la mati\u00e8re qui date de plus de 25 ans, \u00e0 travers la mise en place de m\u00e9canismes au niveau central, de wilaya, de da\u00efra et communal, lesquels veillent \u00e0 la mise en \u0153uvre de la strat\u00e9gie nationale de pr\u00e9vention et de lutte contre les MTH, ainsi qu\u2019\u00e0 son contr\u00f4le efficace, une strat\u00e9gie que le ministre de l\u2019Int\u00e9rieur a \u00e9t\u00e9 charg\u00e9 de soumettre au Gouvernement, lors des prochaines r\u00e9unions.\u00a0<\/p>\n<p>&#8211; Adapter la r\u00e8glementation administrative et scientifique de l&rsquo;universit\u00e9 de Boumerd\u00e8s, pour une meilleure prise en charge des \u00e9tudiants de lettres et de langues, en termes de programmation, de suivi et d&rsquo;\u00e9valuation, et redresser le d\u00e9s\u00e9quilibre enregistr\u00e9 dans les facult\u00e9s des sciences et de droit, notamment en ce qui concerne la coordination des activit\u00e9s de leurs d\u00e9partements. Le texte pr\u00e9voit, \u00e9galement, l&rsquo;\u00e9largissement de la liste des principaux secteurs susceptibles de participer au Conseil d&rsquo;administration de l&rsquo;universit\u00e9 de Boumerd\u00e8s, tels que la Culture, et le Commerce, afin de consolider la relation entre l&rsquo;universit\u00e9 et son environnement socio-\u00e9conomique et culturel.\u00a0<\/p>\n<p>&#8211; Consacrer une parcelle de terrain relevant des domaines forestiers dans la localit\u00e9 de Beni Yadel, commune de Djaafra (wilaya de Bordj Bou-Arr\u00e9ridj), \u00e0 la r\u00e9alisation d&rsquo;un coll\u00e8ge, conform\u00e9ment \u00e0 l&rsquo;article 7 de la loi 12-84 du 23 juin 1984, portant r\u00e9gime g\u00e9n\u00e9ral des for\u00eats, amend\u00e9e et compl\u00e9t\u00e9e.\u00bb<\/p>\n<\/div>\n<p>Auteur: elmoudjahid<br \/>\n<a href=\"http:\/\/www.elmoudjahid.com\/fr\/actualites\/137037\">Cliquez ici pour lire l&rsquo;article depuis sa source.<\/a><\/p>\n","protected":false},"excerpt":{"rendered":"<p>Rationaliser les importations des kits CKD\/SKD destin\u00e9s au montage automobile et \u00e0 la fabrication des produits \u00e9lectrom\u00e9nagers. Mise en \u0153uvre de la strat\u00e9gie nationale de pr\u00e9vention et de lutte contre les MTH. Le gouvernement a pris, lors de sa r\u00e9union tenue mercredi sous la pr\u00e9sidence du Premier ministre, Noureddine Bedoui, plusieurs mesures pour r\u00e9duire le [&hellip;]<\/p>\n","protected":false},"author":1744,"featured_media":0,"comment_status":"closed","ping_status":"closed","sticky":false,"template":"","format":"standard","meta":{"fifu_image_url":"","fifu_image_alt":"","footnotes":""},"categories":[73,53],"tags":[],"class_list":["post-34895","post","type-post","status-publish","format-standard","hentry","category-actualite","category-algerie"],"_links":{"self":[{"href":"https:\/\/linitiative.ca\/International\/wp-json\/wp\/v2\/posts\/34895","targetHints":{"allow":["GET"]}}],"collection":[{"href":"https:\/\/linitiative.ca\/International\/wp-json\/wp\/v2\/posts"}],"about":[{"href":"https:\/\/linitiative.ca\/International\/wp-json\/wp\/v2\/types\/post"}],"author":[{"embeddable":true,"href":"https:\/\/linitiative.ca\/International\/wp-json\/wp\/v2\/users\/1744"}],"replies":[{"embeddable":true,"href":"https:\/\/linitiative.ca\/International\/wp-json\/wp\/v2\/comments?post=34895"}],"version-history":[{"count":0,"href":"https:\/\/linitiative.ca\/International\/wp-json\/wp\/v2\/posts\/34895\/revisions"}],"wp:attachment":[{"href":"https:\/\/linitiative.ca\/International\/wp-json\/wp\/v2\/media?parent=34895"}],"wp:term":[{"taxonomy":"category","embeddable":true,"href":"https:\/\/linitiative.ca\/International\/wp-json\/wp\/v2\/categories?post=34895"},{"taxonomy":"post_tag","embeddable":true,"href":"https:\/\/linitiative.ca\/International\/wp-json\/wp\/v2\/tags?post=34895"}],"curies":[{"name":"wp","href":"https:\/\/api.w.org\/{rel}","templated":true}]}}