{"id":34908,"date":"2019-05-17T13:11:00","date_gmt":"2019-05-17T17:11:00","guid":{"rendered":"https:\/\/linitiative.ca\/International\/selon-lavocat-rachid-khane-louisa-hanoune-avoue-avoir-rencontre-said-et-toufik\/"},"modified":"2019-05-17T13:11:00","modified_gmt":"2019-05-17T17:11:00","slug":"selon-lavocat-rachid-khane-louisa-hanoune-avoue-avoir-rencontre-said-et-toufik","status":"publish","type":"post","link":"https:\/\/linitiative.ca\/International\/selon-lavocat-rachid-khane-louisa-hanoune-avoue-avoir-rencontre-said-et-toufik\/","title":{"rendered":"SELON  L\u2019AVOCAT RACHID KHANE : Louisa Hanoune avoue avoir rencontr\u00e9 Said et Toufik"},"content":{"rendered":"<p><br id=\"sep_para_1\" class=\"sep_para access\"\/><\/p>\n<div id=\"para_1\" class=\"para_31071422 resize\">\n<div class=\"texte access firstletter\">Louisa Hanoune avoue avoir rencontr\u00e9 Said Bouteflika et le g\u00e9n\u00e9ral Toufik le 27 mars dernier soit 7 jours avant la d\u00e9mission de Bouteflika, Louisa Hanoune justifie cette rencontre qu\u2019elle qualifie \u00ab d\u2019apport politique \u00bb , \u00ab il est de ma responsabilit\u00e9 dans les circonstances actuelles de trouver un moyen de sortir de la situation actuelle et je ne peux pas imaginer qu\u2019un acte purement politique puisse \u00eatre criminalis\u00e9. Je n\u2019imaginais pas qu\u2019en 2019 un responsable politique soit humili\u00e9 \u00e0 cause d\u2019un apport politique \u00bb, rapporte son avocat, Rachid Khane, \u00e0 travers un communiqu\u00e9 rendu publique sur sa page Facebook. L\u2019avocat d\u00e9taille que la rencontre a eu lieu dans la r\u00e9sidence officielle \u00ab Dar El Afia \u00bb \u00e0 Alger et a dur\u00e9 une heure \u00ab seulement \u00bb, ajoutant que la rencontre avait pour objectif de \u00ab donner son avis sur la situation politique, et elle pensait que cette rencontre \u00e9tait officielle avec l\u2019accord de la pr\u00e9sidence de la R\u00e9publique sinon, comment expliquer qu\u2019en l\u2019espace d\u2019une heure, elle aurait pu commettre tous ces actes qui repr\u00e9sentent des accusations graves passibles de la peine de mort \u00bb, poursuit Me Khane. Louisa Hanoune se d\u00e9fend et explique qu\u2019entant que chef de parti et d\u00e9put\u00e9, \u00ab la constitution lui donne le droit de repr\u00e9senter le peuple devant les instances officielles \u00bb avant de poursuivre \u00bble seul p\u00e9ch\u00e9 que j\u2019ai commis est d\u2019avoir rempli mes hautes fonctions politiques. \u00bb\u00a0\u00a0\u00a0<\/div>\n<\/div>\n<p>Auteur: Nadine<br \/>\n<a href=\"https:\/\/www.reflexiondz.net\/SELON-L-AVOCAT-RACHID-KHANE-Louisa-Hanoune-avoue-avoir-rencontre-Said-et-Toufik_a55888.html\">Cliquez ici pour lire l&rsquo;article depuis sa source.<\/a><\/p>\n","protected":false},"excerpt":{"rendered":"<p>Louisa Hanoune avoue avoir rencontr\u00e9 Said Bouteflika et le g\u00e9n\u00e9ral Toufik le 27 mars dernier soit 7 jours avant la d\u00e9mission de Bouteflika, Louisa Hanoune justifie cette rencontre qu\u2019elle qualifie \u00ab d\u2019apport politique \u00bb , \u00ab il est de ma responsabilit\u00e9 dans les circonstances actuelles de trouver un moyen de sortir de la situation actuelle [&hellip;]<\/p>\n","protected":false},"author":1740,"featured_media":0,"comment_status":"closed","ping_status":"closed","sticky":false,"template":"","format":"standard","meta":{"fifu_image_url":"","fifu_image_alt":"","footnotes":""},"categories":[53,76],"tags":[],"class_list":["post-34908","post","type-post","status-publish","format-standard","hentry","category-algerie","category-regions"],"_links":{"self":[{"href":"https:\/\/linitiative.ca\/International\/wp-json\/wp\/v2\/posts\/34908","targetHints":{"allow":["GET"]}}],"collection":[{"href":"https:\/\/linitiative.ca\/International\/wp-json\/wp\/v2\/posts"}],"about":[{"href":"https:\/\/linitiative.ca\/International\/wp-json\/wp\/v2\/types\/post"}],"author":[{"embeddable":true,"href":"https:\/\/linitiative.ca\/International\/wp-json\/wp\/v2\/users\/1740"}],"replies":[{"embeddable":true,"href":"https:\/\/linitiative.ca\/International\/wp-json\/wp\/v2\/comments?post=34908"}],"version-history":[{"count":0,"href":"https:\/\/linitiative.ca\/International\/wp-json\/wp\/v2\/posts\/34908\/revisions"}],"wp:attachment":[{"href":"https:\/\/linitiative.ca\/International\/wp-json\/wp\/v2\/media?parent=34908"}],"wp:term":[{"taxonomy":"category","embeddable":true,"href":"https:\/\/linitiative.ca\/International\/wp-json\/wp\/v2\/categories?post=34908"},{"taxonomy":"post_tag","embeddable":true,"href":"https:\/\/linitiative.ca\/International\/wp-json\/wp\/v2\/tags?post=34908"}],"curies":[{"name":"wp","href":"https:\/\/api.w.org\/{rel}","templated":true}]}}