{"id":34914,"date":"2019-05-17T13:12:00","date_gmt":"2019-05-17T17:12:00","guid":{"rendered":"https:\/\/linitiative.ca\/International\/enseignement-superieur-le-ministre-ecarte-lannee-blanche\/"},"modified":"2019-05-17T13:12:00","modified_gmt":"2019-05-17T17:12:00","slug":"enseignement-superieur-le-ministre-ecarte-lannee-blanche","status":"publish","type":"post","link":"https:\/\/linitiative.ca\/International\/enseignement-superieur-le-ministre-ecarte-lannee-blanche\/","title":{"rendered":"ENSEIGNEMENT SUPERIEUR : Le ministre \u00e9carte l\u2019ann\u00e9e blanche"},"content":{"rendered":"<p><br id=\"sep_para_1\" class=\"sep_para access\"\/><\/p>\n<div id=\"para_1\" class=\"para_31071565 resize\">\n<div class=\"texte access firstletter\">Alors que le mouvement des \u00e9tudiants ne faiblit pas, le ministre de l&rsquo;Enseignement sup\u00e9rieur et de la recherche scientifique, Tayeb Bouzid rassure sur la poursuite des cours. Lors d\u2019une conf\u00e9rence de presse anim\u00e9e, ce jeudi, \u00e0 l&rsquo;issue de l&rsquo;ouverture de la conf\u00e9rence nationale des universit\u00e9s, le ministre a affirm\u00e9 qu'\u00a0\u00bbil n&rsquo;y a pas lieu de parler d&rsquo;une ann\u00e9e blanche, vu que les cours ont \u00e9t\u00e9 dispens\u00e9s normalement durant le premier semestre\u00a0\u00bb, ajoutant que le retard p\u00e9dagogique sera, n\u00e9anmoins, rattrap\u00e9, \u00e0 la faveur d&rsquo;une s\u00e9rie de mesures qui feront l&rsquo;objet d&rsquo;examen au niveau des \u00e9tablissements universitaires\u00a0\u00bb. Plusieurs solutions ont \u00e9t\u00e9 d\u00e9finies par le secteur pour \u00ab\u00a0rattraper les \u00e9carts enregistr\u00e9es dans les activit\u00e9s p\u00e9dagogiques, et ce afin de pr\u00e9server la cr\u00e9dibilit\u00e9 de la formation, d&rsquo;autant que l&rsquo;\u00e9cart n&rsquo;existe pas uniquement entre les diff\u00e9rentes universit\u00e9s, mais au sein d&rsquo;un m\u00eame \u00e9tablissement, entre sp\u00e9cialit\u00e9s, classes ou facult\u00e9s\u00a0\u00bb. Le ministre a appel\u00e9 les directeurs des \u00e9tablissements universitaires, des centres et agences de la recherche scientifique, \u00e0 \u00ab\u00a0la n\u00e9cessit\u00e9 de s&rsquo;engager \u00e0 l&rsquo;adoption du dialogue comme m\u00e9thode et de la concertation comme moyen, en vue de trouver les solutions idoines \u00e0 m\u00eame de prendre en charge les impacts induits par les circonstances exceptionnelles que vit le syst\u00e8me universitaire\u00a0\u00bb.\u00a0\u00a0\u00a0<\/div>\n<\/div>\n<p>Auteur: Ismain<br \/>\n<a href=\"https:\/\/www.reflexiondz.net\/ENSEIGNEMENT-SUPERIEUR-Le-ministre-ecarte-l-annee-blanche_a55892.html\">Cliquez ici pour lire l&rsquo;article depuis sa source.<\/a><\/p>\n","protected":false},"excerpt":{"rendered":"<p>Alors que le mouvement des \u00e9tudiants ne faiblit pas, le ministre de l&rsquo;Enseignement sup\u00e9rieur et de la recherche scientifique, Tayeb Bouzid rassure sur la poursuite des cours. Lors d\u2019une conf\u00e9rence de presse anim\u00e9e, ce jeudi, \u00e0 l&rsquo;issue de l&rsquo;ouverture de la conf\u00e9rence nationale des universit\u00e9s, le ministre a affirm\u00e9 qu&rsquo;\u00a0\u00bbil n&rsquo;y a pas lieu de [&hellip;]<\/p>\n","protected":false},"author":1740,"featured_media":0,"comment_status":"closed","ping_status":"closed","sticky":false,"template":"","format":"standard","meta":{"fifu_image_url":"","fifu_image_alt":"","footnotes":""},"categories":[53,76],"tags":[],"class_list":["post-34914","post","type-post","status-publish","format-standard","hentry","category-algerie","category-regions"],"_links":{"self":[{"href":"https:\/\/linitiative.ca\/International\/wp-json\/wp\/v2\/posts\/34914","targetHints":{"allow":["GET"]}}],"collection":[{"href":"https:\/\/linitiative.ca\/International\/wp-json\/wp\/v2\/posts"}],"about":[{"href":"https:\/\/linitiative.ca\/International\/wp-json\/wp\/v2\/types\/post"}],"author":[{"embeddable":true,"href":"https:\/\/linitiative.ca\/International\/wp-json\/wp\/v2\/users\/1740"}],"replies":[{"embeddable":true,"href":"https:\/\/linitiative.ca\/International\/wp-json\/wp\/v2\/comments?post=34914"}],"version-history":[{"count":0,"href":"https:\/\/linitiative.ca\/International\/wp-json\/wp\/v2\/posts\/34914\/revisions"}],"wp:attachment":[{"href":"https:\/\/linitiative.ca\/International\/wp-json\/wp\/v2\/media?parent=34914"}],"wp:term":[{"taxonomy":"category","embeddable":true,"href":"https:\/\/linitiative.ca\/International\/wp-json\/wp\/v2\/categories?post=34914"},{"taxonomy":"post_tag","embeddable":true,"href":"https:\/\/linitiative.ca\/International\/wp-json\/wp\/v2\/tags?post=34914"}],"curies":[{"name":"wp","href":"https:\/\/api.w.org\/{rel}","templated":true}]}}