{"id":34915,"date":"2019-05-17T13:31:00","date_gmt":"2019-05-17T17:31:00","guid":{"rendered":"https:\/\/linitiative.ca\/International\/le-local-du-cpa\/"},"modified":"2019-05-17T13:31:00","modified_gmt":"2019-05-17T17:31:00","slug":"le-local-du-cpa","status":"publish","type":"post","link":"https:\/\/linitiative.ca\/International\/le-local-du-cpa\/","title":{"rendered":"Le local du CPA !"},"content":{"rendered":"<p><br id=\"sep_para_1\" class=\"sep_para access\"\/><\/p>\n<div id=\"para_1\" class=\"para_31071575 resize\">\n<div class=\"photo shadow left\"><img decoding=\"async\" class=\"responsive c9\" src=\"https:\/\/www.reflexiondz.net\/photo\/art\/grande\/33809563-31071575.jpg?v=1558115332\" alt=\"Le local du CPA !\" title=\"Le local du CPA !\"\/><img decoding=\"async\" class=\"not-responsive\" src=\"https:\/\/www.reflexiondz.net\/photo\/art\/default\/33809563-31071575.jpg?v=1558115332\" alt=\"Le local du CPA !\" title=\"Le local du CPA !\"\/><\/div>\n<div class=\"texte access firstletter\">On ne peut cacher le soleil par un tamis, t\u00f4t ou tard la v\u00e9rit\u00e9 \u00e9clatera ! Encore la dissimulation de la v\u00e9rit\u00e9 au wali de Mostaganem, mais cette fois-ci, l\u2019information concerne une banque Etatique, le CPA de Mostaganem, qui vient d\u2019inaugurer en fanfare, le 5 mai dernier, un nouveau si\u00e8ge au niveau des 400 logements, en pr\u00e9sence du wali et du directeur r\u00e9gional ! Une des deux, soit le r\u00e9dacteur de la page officielle du FB de la wilaya \u2018\u2019Rah Saim \u2018\u2019 soit les responsables du CPA veulent nous mener en bateau ! L\u2019information rapport\u00e9e par la Page Facebook de la wilaya, rapporte, que le nouveau si\u00e8ge du CPA inaugur\u00e9, se situe aux 400 logements et que cet \u00e9difice, est parmi les structures inoccup\u00e9es recens\u00e9es, puis r\u00e9cup\u00e9r\u00e9es et am\u00e9nag\u00e9es et \u00e9quip\u00e9es. Information fausse ! Cet \u00e9difice (le nouveau si\u00e8ge du CPA) n\u2019\u00e9tait pas vide ou ferm\u00e9. Ce local est une propri\u00e9t\u00e9 priv\u00e9e lou\u00e9 \u00e0 soci\u00e9t\u00e9 g\u00e9n\u00e9rale auparavant et maintenant il est lou\u00e9 au CPA ! La question : Est-ce que c\u2019est faisable qu\u2019une banque \u00e9tatique loue un bien priv\u00e9 \u00e0 coup de millions alors qu\u2019elle pouvait acheter ou construire un si\u00e8ge? Une enqu\u00eate devrait \u00eatre ouverte pour lever les doutes sur cette affaire ! La location est devenue une mode chez les institutions \u00e9tatiques ! Comme \u2018\u2019Moul les bus bleus\u2019\u2019, qui loue une villa \u00e0 la Salamandre au d\u00e9triment de ses chauffeurs !?<\/div>\n<\/div>\n<p>Auteur: R\u00e9flexion<br \/>\n<a href=\"https:\/\/www.reflexiondz.net\/Le-local-du-CPA-_a55895.html\">Cliquez ici pour lire l&rsquo;article depuis sa source.<\/a><\/p>\n","protected":false},"excerpt":{"rendered":"<p>On ne peut cacher le soleil par un tamis, t\u00f4t ou tard la v\u00e9rit\u00e9 \u00e9clatera ! Encore la dissimulation de la v\u00e9rit\u00e9 au wali de Mostaganem, mais cette fois-ci, l\u2019information concerne une banque Etatique, le CPA de Mostaganem, qui vient d\u2019inaugurer en fanfare, le 5 mai dernier, un nouveau si\u00e8ge au niveau des 400 logements, [&hellip;]<\/p>\n","protected":false},"author":1740,"featured_media":0,"comment_status":"closed","ping_status":"closed","sticky":false,"template":"","format":"standard","meta":{"fifu_image_url":"","fifu_image_alt":"","footnotes":""},"categories":[53,76],"tags":[],"class_list":["post-34915","post","type-post","status-publish","format-standard","hentry","category-algerie","category-regions"],"_links":{"self":[{"href":"https:\/\/linitiative.ca\/International\/wp-json\/wp\/v2\/posts\/34915","targetHints":{"allow":["GET"]}}],"collection":[{"href":"https:\/\/linitiative.ca\/International\/wp-json\/wp\/v2\/posts"}],"about":[{"href":"https:\/\/linitiative.ca\/International\/wp-json\/wp\/v2\/types\/post"}],"author":[{"embeddable":true,"href":"https:\/\/linitiative.ca\/International\/wp-json\/wp\/v2\/users\/1740"}],"replies":[{"embeddable":true,"href":"https:\/\/linitiative.ca\/International\/wp-json\/wp\/v2\/comments?post=34915"}],"version-history":[{"count":0,"href":"https:\/\/linitiative.ca\/International\/wp-json\/wp\/v2\/posts\/34915\/revisions"}],"wp:attachment":[{"href":"https:\/\/linitiative.ca\/International\/wp-json\/wp\/v2\/media?parent=34915"}],"wp:term":[{"taxonomy":"category","embeddable":true,"href":"https:\/\/linitiative.ca\/International\/wp-json\/wp\/v2\/categories?post=34915"},{"taxonomy":"post_tag","embeddable":true,"href":"https:\/\/linitiative.ca\/International\/wp-json\/wp\/v2\/tags?post=34915"}],"curies":[{"name":"wp","href":"https:\/\/api.w.org\/{rel}","templated":true}]}}