{"id":34916,"date":"2019-05-17T13:31:00","date_gmt":"2019-05-17T17:31:00","guid":{"rendered":"https:\/\/linitiative.ca\/International\/hirak-ou-revolution\/"},"modified":"2019-05-17T13:31:00","modified_gmt":"2019-05-17T17:31:00","slug":"hirak-ou-revolution","status":"publish","type":"post","link":"https:\/\/linitiative.ca\/International\/hirak-ou-revolution\/","title":{"rendered":"Hirak ou R\u00e9volution ?"},"content":{"rendered":"<p><br id=\"sep_para_1\" class=\"sep_para access\"\/><\/p>\n<div id=\"para_1\" class=\"para_31071570 resize\">\n<div class=\"texte access firstletter\">Les marches entam\u00e9es par les Alg\u00e9riens ont, d\u00e8s le 22 f\u00e9vrier 2019 premier vendredi de marche, port\u00e9 sur des revendications politiques. Il s\u2019agissait pour le citoyen de recouvrer sa dignit\u00e9 bafou\u00e9e par un clan et ses sbires qui ont pratiqu\u00e9 le m\u00e9pris et la Hogra comme principal mode de gestion des affaires du pays et ce \u00e0 toutes les \u00e9chelles de l\u2019administration publique. La r\u00e9gression touchera alors tous les secteurs et engendrera son lot de calamit\u00e9s : l\u2019absence de moralit\u00e9 dans la vie politique, la corruption \u00e0 tous les niveaux, les passe-droits, l\u2019accaparation des richesses du pays par une mafia politico-financi\u00e8re, l\u2019impunit\u00e9, la marginalisation des comp\u00e9tences, l\u2019instauration de la m\u00e9diocratie comme mode de gouvernance des institutions, la d\u00e9gradation des secteurs de la Sant\u00e9, de la Justice, de l\u2019Education, des m\u00e9dias publics et priv\u00e9s, le retour de la pens\u00e9e magique, l\u2019instrumentalisation \u00e0 outrance de la religion \u00e0 des fins politiques, la restriction des libert\u00e9s individuelles, le verrouillage du champ politique et m\u00e9diatique, la propagation de la drogue dans tous les milieux, social et \u00e9ducatif, l\u2019amplification du ph\u00e9nom\u00e8ne de la harga, etc. Toutes les raisons de la col\u00e8re \u00e9taient r\u00e9unies et bien d\u2019autres encore qui ont fini par pousser des millions d\u2019Alg\u00e9riens \u00e0 investir, comme un seul corps, les rues avec pour principale arme de guerre DES SLOGANS, des slogans-phares qui vont appeler au changement radical du syst\u00e8me et porter haut et fort les revendications des citoyens alg\u00e9riens. Ces revendications vont constituer une sorte de plateforme populaire qui attend d\u2019\u00eatre prise en compte dans le cadre de l\u2019\u00e9laboration d\u2019une nouvelle constitution en phase avec un r\u00e9gime r\u00e9ellement d\u00e9mocratique et l\u2019instauration d\u2019un Etat de droit. Les jeunes, d\u00e9bordants de potentialit\u00e9s cr\u00e9atives, seront \u00e0 l\u2019avant-garde de ce qu\u2019on aura peine \u00e0 nommer tant les qualificatifs abondent et lui correspondent : hirak, r\u00e9volution pacifique ou encore r\u00e9volution du sourire.<\/div>\n<\/div>\n<p>Auteur: Ismain<br \/>\n<a href=\"https:\/\/www.reflexiondz.net\/Hirak-ou-Revolution_a55894.html\">Cliquez ici pour lire l&rsquo;article depuis sa source.<\/a><\/p>\n","protected":false},"excerpt":{"rendered":"<p>Les marches entam\u00e9es par les Alg\u00e9riens ont, d\u00e8s le 22 f\u00e9vrier 2019 premier vendredi de marche, port\u00e9 sur des revendications politiques. Il s\u2019agissait pour le citoyen de recouvrer sa dignit\u00e9 bafou\u00e9e par un clan et ses sbires qui ont pratiqu\u00e9 le m\u00e9pris et la Hogra comme principal mode de gestion des affaires du pays et [&hellip;]<\/p>\n","protected":false},"author":1740,"featured_media":0,"comment_status":"closed","ping_status":"closed","sticky":false,"template":"","format":"standard","meta":{"fifu_image_url":"","fifu_image_alt":"","footnotes":""},"categories":[53,76],"tags":[],"class_list":["post-34916","post","type-post","status-publish","format-standard","hentry","category-algerie","category-regions"],"_links":{"self":[{"href":"https:\/\/linitiative.ca\/International\/wp-json\/wp\/v2\/posts\/34916","targetHints":{"allow":["GET"]}}],"collection":[{"href":"https:\/\/linitiative.ca\/International\/wp-json\/wp\/v2\/posts"}],"about":[{"href":"https:\/\/linitiative.ca\/International\/wp-json\/wp\/v2\/types\/post"}],"author":[{"embeddable":true,"href":"https:\/\/linitiative.ca\/International\/wp-json\/wp\/v2\/users\/1740"}],"replies":[{"embeddable":true,"href":"https:\/\/linitiative.ca\/International\/wp-json\/wp\/v2\/comments?post=34916"}],"version-history":[{"count":0,"href":"https:\/\/linitiative.ca\/International\/wp-json\/wp\/v2\/posts\/34916\/revisions"}],"wp:attachment":[{"href":"https:\/\/linitiative.ca\/International\/wp-json\/wp\/v2\/media?parent=34916"}],"wp:term":[{"taxonomy":"category","embeddable":true,"href":"https:\/\/linitiative.ca\/International\/wp-json\/wp\/v2\/categories?post=34916"},{"taxonomy":"post_tag","embeddable":true,"href":"https:\/\/linitiative.ca\/International\/wp-json\/wp\/v2\/tags?post=34916"}],"curies":[{"name":"wp","href":"https:\/\/api.w.org\/{rel}","templated":true}]}}