{"id":34917,"date":"2019-05-17T13:31:00","date_gmt":"2019-05-17T17:31:00","guid":{"rendered":"https:\/\/linitiative.ca\/International\/affaire-de-corruption-lancien-wali-de-tipaza-entendu-par-le-juge-dinstruction\/"},"modified":"2019-05-17T13:31:00","modified_gmt":"2019-05-17T17:31:00","slug":"affaire-de-corruption-lancien-wali-de-tipaza-entendu-par-le-juge-dinstruction","status":"publish","type":"post","link":"https:\/\/linitiative.ca\/International\/affaire-de-corruption-lancien-wali-de-tipaza-entendu-par-le-juge-dinstruction\/","title":{"rendered":"AFFAIRE DE CORRUPTION : L\u2019ancien wali de Tipaza entendu par le juge d\u2019instruction"},"content":{"rendered":"<p><br id=\"sep_para_1\" class=\"sep_para access\"\/><\/p>\n<div id=\"para_1\" class=\"para_31071566 resize\">\n<div class=\"texte access firstletter\">L\u2019ancien wali de Tipaza, Mustapha Layadi, (exercice 2011\/2015) a comparu ce jeudi devant le juge d\u2019instruction pr\u00e8s le tribunal de Tipaza pour \u00eatre entendu dans le cadre d\u2019une enqu\u00eate judiciaire sur une affaire de corruption, a indiqu\u00e9 une source judiciaire. M. Layadia \u00e9t\u00e9 entendu dans le cadre de cette enqu\u00eate enclench\u00e9e suite \u00e0 une plainte d\u00e9pos\u00e9e par la Direction locale des domaines, a indiqu\u00e9 la m\u00eame source, cit\u00e9e par l\u2019APS. L\u2019audition de l\u2019ancien wali a dur\u00e9 plus de deux heures \u00e0 la suite de laquelle M. Layadi a quitt\u00e9 le tribunal sans qu\u2019une accusation directe ne lui soit suscit\u00e9e, a ajout\u00e9 la source, tout en soulignant que les auditions devaient se poursuivre ult\u00e9rieurement. Le parquet de Tipaza avait auditionn\u00e9 la semaine derni\u00e8re et dans le cadre de cette m\u00eame enqu\u00eate l\u2019ancien wali Moussa Ghelay qui a \u00e9t\u00e9 chef de l\u2019ex\u00e9cutif local de 2016 \u00e0 2018, ainsi que l\u2019ancien Directeur g\u00e9n\u00e9ral de la s\u00fbret\u00e9 nationale (DGSN), Abdelghani Hamel, et son fils Mourad, sans leur intenter des accusations directes, alors que les auditions devaient se poursuivre.\u00a0\u00a0\u00a0\u00a0\u00a0\u00a0\u00a0\u00a0\u00a0\u00a0<\/div>\n<\/div>\n<p>Auteur: Nadine<br \/>\n<a href=\"https:\/\/www.reflexiondz.net\/AFFAIRE-DE-CORRUPTION-L-ancien-wali-de-Tipaza-entendu-par-le-juge-d-instruction_a55893.html\">Cliquez ici pour lire l&rsquo;article depuis sa source.<\/a><\/p>\n","protected":false},"excerpt":{"rendered":"<p>L\u2019ancien wali de Tipaza, Mustapha Layadi, (exercice 2011\/2015) a comparu ce jeudi devant le juge d\u2019instruction pr\u00e8s le tribunal de Tipaza pour \u00eatre entendu dans le cadre d\u2019une enqu\u00eate judiciaire sur une affaire de corruption, a indiqu\u00e9 une source judiciaire. M. Layadia \u00e9t\u00e9 entendu dans le cadre de cette enqu\u00eate enclench\u00e9e suite \u00e0 une plainte [&hellip;]<\/p>\n","protected":false},"author":1740,"featured_media":0,"comment_status":"closed","ping_status":"closed","sticky":false,"template":"","format":"standard","meta":{"fifu_image_url":"","fifu_image_alt":"","footnotes":""},"categories":[53,76],"tags":[],"class_list":["post-34917","post","type-post","status-publish","format-standard","hentry","category-algerie","category-regions"],"_links":{"self":[{"href":"https:\/\/linitiative.ca\/International\/wp-json\/wp\/v2\/posts\/34917","targetHints":{"allow":["GET"]}}],"collection":[{"href":"https:\/\/linitiative.ca\/International\/wp-json\/wp\/v2\/posts"}],"about":[{"href":"https:\/\/linitiative.ca\/International\/wp-json\/wp\/v2\/types\/post"}],"author":[{"embeddable":true,"href":"https:\/\/linitiative.ca\/International\/wp-json\/wp\/v2\/users\/1740"}],"replies":[{"embeddable":true,"href":"https:\/\/linitiative.ca\/International\/wp-json\/wp\/v2\/comments?post=34917"}],"version-history":[{"count":0,"href":"https:\/\/linitiative.ca\/International\/wp-json\/wp\/v2\/posts\/34917\/revisions"}],"wp:attachment":[{"href":"https:\/\/linitiative.ca\/International\/wp-json\/wp\/v2\/media?parent=34917"}],"wp:term":[{"taxonomy":"category","embeddable":true,"href":"https:\/\/linitiative.ca\/International\/wp-json\/wp\/v2\/categories?post=34917"},{"taxonomy":"post_tag","embeddable":true,"href":"https:\/\/linitiative.ca\/International\/wp-json\/wp\/v2\/tags?post=34917"}],"curies":[{"name":"wp","href":"https:\/\/api.w.org\/{rel}","templated":true}]}}