{"id":34918,"date":"2019-05-17T05:00:27","date_gmt":"2019-05-17T09:00:27","guid":{"rendered":"https:\/\/linitiative.ca\/International\/universites-annee-blanche-ecartee-et-rattrapage-des-cours-perdus\/"},"modified":"2019-05-17T05:00:27","modified_gmt":"2019-05-17T09:00:27","slug":"universites-annee-blanche-ecartee-et-rattrapage-des-cours-perdus","status":"publish","type":"post","link":"https:\/\/linitiative.ca\/International\/universites-annee-blanche-ecartee-et-rattrapage-des-cours-perdus\/","title":{"rendered":"Universit\u00e9s : ann\u00e9e blanche \u00e9cart\u00e9e et rattrapage des cours perdus"},"content":{"rendered":"<h4 class=\"title-14\"\/>\n<div class=\"featured_image\"><img width=\"1000\" height=\"677\" data-cfsrc=\"https:\/\/www.elwatan.com\/wp-content\/uploads\/2018\/10\/universite\u0301-souhil.gif\" class=\"attachment-post-thumbnail size-post-thumbnail wp-post-image c1\" alt=\"D\u00e9faillance du syst\u00e8me d\u2019inscription : Les \u00e9tudiants en mast\u00e8re en col\u00e8re\"\/><noscript><\/p>\n<p><img loading=\"lazy\" decoding=\"async\" width=\"1000\" height=\"677\" src=\"https:\/\/www.elwatan.com\/wp-content\/uploads\/2018\/10\/universite%CC%81-souhil.gif\" class=\"attachment-post-thumbnail size-post-thumbnail wp-post-image\" alt=\"D\u00e9faillance du syst\u00e8me d\u2019inscription : Les \u00e9tudiants en mast\u00e8re en col\u00e8re\"\/><\/p>\n<p><\/noscript> <span class=\"featured-image-caption\">Photo : B. Souhil\/archives<\/span><\/div>\n<p>Ils ont prouv\u00e9 leur force. Ils \u00e9taient bien dans leur r\u00f4le. Les \u00e9tudiants de plusieurs facult\u00e9s du pays n\u2019ont pas manqu\u00e9 \u00e0 l\u2019appel depuis le 26 f\u00e9vrier dernier. Chaque mardi, RDV pour manifester contre le syst\u00e8me et le d\u00e9part de tous ses symboles. De longues gr\u00e8ves ont \u00e9t\u00e9 lanc\u00e9es, m\u00eame si certaines structures universitaires ont fini par reprendre, mais \u00e9videmment sans toucher \u00e0 la journ\u00e9e de mardi.<\/p>\n<p>En tout cas, les cours sont s\u00e9rieusement perturb\u00e9s. Mais le nouveaux ministre l\u2019Enseignement sup\u00e9rieur et de la Recherche scientifique \u2013 install\u00e9 pour la gestion des affaires courantes, mais estim\u00e9 comme non l\u00e9gitime \u2013 tient un autre discours. Pour banaliser le mouvement des \u00e9tudiants, il a \u00e9cart\u00e9, hier \u00e0 Alger, l\u2019\u00e9ventualit\u00e9 de \u00abd\u00e9cr\u00e9ter une ann\u00e9e blanche pour l\u2019ann\u00e9e universitaire actuelle\u00bb. Tayeb Bouzid a assur\u00e9 que les cours n\u2019ayant pas \u00e9t\u00e9 dispens\u00e9s en raison de la gr\u00e8ve au niveau des universit\u00e9s seront rattrap\u00e9s. Il dit qu\u2019\u00abil n\u2019y a pas lieu de parler d\u2019ann\u00e9e blanche, vu que les cours ont \u00e9t\u00e9 dispens\u00e9s normalement durant la premier semestre\u00bb.<\/p>\n<p>Pour lui le retard p\u00e9dagogique sera n\u00e9anmoins, rattrap\u00e9, \u00e0 la faveur d\u2019une s\u00e9rie de mesures qui feront l\u2019objet d\u2019examen au niveau des \u00e9tablissements universitaires. Plusieurs solutions ont \u00e9t\u00e9 d\u00e9finies pour \u00abrattraper les \u00e9carts enregistr\u00e9es dans les activit\u00e9s p\u00e9dagogiques et ce, afin de pr\u00e9server la cr\u00e9dibilit\u00e9 de la formation, d\u2019autant que l\u2019\u00e9cart n\u2019existe pas uniquement entre les diff\u00e9rentes universit\u00e9s, mais au sein d\u2019un m\u00eame \u00e9tablissement entre sp\u00e9cialit\u00e9s, classes ou facult\u00e9s\u00bb.<\/p>\n<p>Le ministre \u00e9voque le mouvement populaire en raison duquel ces universit\u00e9s \u00e9tait d\u00e9sert\u00e9es. Mais Tayeb Bouzid tente tout de m\u00eame de sensibiliser l\u2019ensemble des partenaires universitaires. : \u00abIl est de notre devoir \u00e0 tous, enseignants-chercheurs, \u00e9tudiants, fonctionnaires et responsables d\u2019\u0153uvrer \u00e0 prot\u00e9ger l\u2019universit\u00e9 alg\u00e9rienne contre tout risque de d\u00e9rapage pouvant compromettre le processus p\u00e9dagogique de l\u2019\u00e9tudiant, et de contrer toute tentative visant \u00e0 porter atteinte \u00e0 la cr\u00e9dibilit\u00e9 du dipl\u00f4me de l\u2019enseignement sup\u00e9rieur et \u00e0 la r\u00e9putation de l\u2019universit\u00e9.\u00bb Une d\u00e9claration qui sonne comme une tentative de vouloir dissuader cette force ou d\u2019extraire l\u2019universit\u00e9 du mouvement. N\u00e9anmoins, plusieurs universit\u00e9s ont d\u2019ailleurs d\u00e9cid\u00e9 de reprendre les cours d\u00e8s dimanche prochain.<\/p>\n<p>C\u2019est le cas \u00e0 l\u2019universit\u00e9 Saad Dahlab de Blida. \u00abNous reprendrons les cours ce dimanche\u00bb, nous a confi\u00e9 le recteur. \u00abUne d\u00e9cision qui a \u00e9t\u00e9 probablement faite sous pression de ces sup\u00e9rieurs\u00bb, rapporte Meriem, \u00e9tudiante en 3e ann\u00e9e m\u00e9canique \u00e0 Blida.<\/p>\n<p>Par ailleurs, \u00e0 Bab Ezzouar, la d\u00e9cision des \u00e9tudiants est mitig\u00e9e entre reprendre les cours ou continuer la gr\u00e8ve. \u00abMalgr\u00e9 la d\u00e9cision unanyme du syndicat des \u00e9tudiants de poursuivre la gr\u00e8ve, certaines sections et sp\u00e9cialit\u00e9s ne l\u2019entendent pas de cette oreille et d\u00e9cident de suivre les cours avec les professeurs qui souhaitent poursuivre le programme\u00bb, explique Lyna, \u00e9tudiante en mast\u00e8re \u00e0 Bab Ezzouar.<\/p>\n<p>Le ministre a rappel\u00e9 aux directeurs des \u00e9tablissements universitaires, des centres et agences de recherche scientifique \u00e0 \u00abla n\u00e9cessit\u00e9 de s\u2019engager \u00e0 l\u2019adoption du dialogue comme m\u00e9thode et de la concertation comme moyen, en vue de trouver les solutions idoines \u00e0 m\u00eame de prendre en charge les impacts induits par les circonstances exceptionnelles que vit le syst\u00e8me universitaire\u00bb.<\/p>\n<p>Tayeb Bouzid a \u00e9galement exhort\u00e9 les m\u00eame responsables \u00e0 \u00abrattraper le temps p\u00e9dagogique perdu \u00e0 travers leurs initiatives dans le cadre de plans et programmes adopt\u00e9s en concertation avec toutes les composantes de la corporation universitaire, tout en prenant en compte les contrastes enregistr\u00e9s\u00bb.<\/p>\n<p>Le ministre a notamment indiqu\u00e9 que le mouvement populaire a perturb\u00e9 le d\u00e9roulement r\u00e9gulier des activit\u00e9s p\u00e9dagogique dans la plupart des \u00e9tablissements universitaires et ajoute que \u00able hirak a r\u00e9v\u00e9l\u00e9 la force, l\u2019efficacit\u00e9 et la contribution de la corporation universitaire et scientifique dans la dynamique du sursaut nationale que conna\u00eet la soci\u00e9t\u00e9\u00bb. Quoiqu\u2019il en soit gr\u00e8ve ou pas gr\u00e8ve, les \u00e9tudiants ne manqueront pas \u00e0 leur devoir du mardi\u00a0: une manifestation pacifique pour r\u00e9it\u00e9rer le d\u00e9part du syst\u00e8me, mais surtout pour une Alg\u00e9rie d\u00e9mocratique.<\/p>\n<div class=\"yuzo_related_post style-1\" data-version=\"5.12.88\">\n<p><h3>Related Post<\/h3>\n<\/p>\n<div class=\"yuzo_wraps\">\n<div class=\"relatedthumb relatedpost-294568 c11\"><a href=\"https:\/\/www.elwatan.com\/edition\/culture\/concert-de-mory-kante-a-riadh-el-feth-koracorps-dun-griot-11-07-2009\"\/><\/p>\n<p><span class=\"yuzo__text--title c10\">Concert de Mory Kant\u00e9 \u00e0 Riadh El Feth : Kora\u2026corp&#8230;<\/span><\/div>\n<div class=\"relatedthumb relatedpost-563084 c11\"><a href=\"https:\/\/www.elwatan.com\/regions\/ouest\/tiaret\/tiaret-107-familles-relogees-10-03-2019\"\/><\/p>\n<p><span class=\"yuzo__text--title c10\">Tiaret : 107 familles relog\u00e9es<\/span><\/div>\n<div class=\"relatedthumb relatedpost-413450 c11\"><a href=\"https:\/\/www.elwatan.com\/point-zero\/lhomme-de-lannee-30-12-2018\"\/><\/p>\n<p><span class=\"yuzo__text--title c10\">L\u2019homme de l\u2019ann\u00e9e<\/span><\/div>\n<div class=\"relatedthumb relatedpost-575575 c11\"><a href=\"https:\/\/www.elwatan.com\/edition\/actualite\/on-vous-le-dit-4022-29-04-2019\"\/><\/p>\n<p><span class=\"yuzo__text--title c10\">On vous le dit<\/span><\/div>\n<\/div>\n<\/div>\n<p><span class=\"post-views-label\">Post Views:<\/span> <span class=\"post-views-count\">1\u00a0051<\/span><\/p>\n<p>Auteur: Hicham Chouadria<br \/>\n<a href=\"https:\/\/www.elwatan.com\/edition\/actualite\/universites-annee-blanche-ecartee-et-rattrapage-des-cours-perdus-17-05-2019\">Cliquez ici pour lire l&rsquo;article depuis sa source.<\/a><\/p>\n","protected":false},"excerpt":{"rendered":"<p>Photo : B. Souhil\/archives Ils ont prouv\u00e9 leur force. Ils \u00e9taient bien dans leur r\u00f4le. Les \u00e9tudiants de plusieurs facult\u00e9s du pays n\u2019ont pas manqu\u00e9 \u00e0 l\u2019appel depuis le 26 f\u00e9vrier dernier. Chaque mardi, RDV pour manifester contre le syst\u00e8me et le d\u00e9part de tous ses symboles. De longues gr\u00e8ves ont \u00e9t\u00e9 lanc\u00e9es, m\u00eame si [&hellip;]<\/p>\n","protected":false},"author":1743,"featured_media":34919,"comment_status":"closed","ping_status":"closed","sticky":false,"template":"","format":"standard","meta":{"fifu_image_url":"","fifu_image_alt":"","footnotes":""},"categories":[73,53],"tags":[],"class_list":["post-34918","post","type-post","status-publish","format-standard","has-post-thumbnail","hentry","category-actualite","category-algerie"],"_links":{"self":[{"href":"https:\/\/linitiative.ca\/International\/wp-json\/wp\/v2\/posts\/34918","targetHints":{"allow":["GET"]}}],"collection":[{"href":"https:\/\/linitiative.ca\/International\/wp-json\/wp\/v2\/posts"}],"about":[{"href":"https:\/\/linitiative.ca\/International\/wp-json\/wp\/v2\/types\/post"}],"author":[{"embeddable":true,"href":"https:\/\/linitiative.ca\/International\/wp-json\/wp\/v2\/users\/1743"}],"replies":[{"embeddable":true,"href":"https:\/\/linitiative.ca\/International\/wp-json\/wp\/v2\/comments?post=34918"}],"version-history":[{"count":0,"href":"https:\/\/linitiative.ca\/International\/wp-json\/wp\/v2\/posts\/34918\/revisions"}],"wp:featuredmedia":[{"embeddable":true,"href":"https:\/\/linitiative.ca\/International\/wp-json\/"}],"wp:attachment":[{"href":"https:\/\/linitiative.ca\/International\/wp-json\/wp\/v2\/media?parent=34918"}],"wp:term":[{"taxonomy":"category","embeddable":true,"href":"https:\/\/linitiative.ca\/International\/wp-json\/wp\/v2\/categories?post=34918"},{"taxonomy":"post_tag","embeddable":true,"href":"https:\/\/linitiative.ca\/International\/wp-json\/wp\/v2\/tags?post=34918"}],"curies":[{"name":"wp","href":"https:\/\/api.w.org\/{rel}","templated":true}]}}