{"id":34928,"date":"2019-05-17T11:00:46","date_gmt":"2019-05-17T15:00:46","guid":{"rendered":"https:\/\/linitiative.ca\/International\/bejaia-13e-vendredi-ulac-lvote-ulac\/"},"modified":"2019-05-17T11:00:46","modified_gmt":"2019-05-17T15:00:46","slug":"bejaia-13e-vendredi-ulac-lvote-ulac","status":"publish","type":"post","link":"https:\/\/linitiative.ca\/International\/bejaia-13e-vendredi-ulac-lvote-ulac\/","title":{"rendered":"B\u00e9jaia, 13e vendredi : \u00ab Ulac l\u2019vote ulac\u201d"},"content":{"rendered":"<h4 class=\"title-14\"\/>\n<div class=\"featured_image\"><img width=\"1548\" height=\"1161\" data-cfsrc=\"https:\/\/www.elwatan.com\/wp-content\/uploads\/2019\/05\/60737677_2356687831276115_7554776915941261312_n.jpg\" class=\"attachment-post-thumbnail size-post-thumbnail wp-post-image c1\" alt=\"\" srcset=\"https:\/\/www.elwatan.com\/wp-content\/uploads\/2019\/05\/60737677_2356687831276115_7554776915941261312_n.jpg 1548w, https:\/\/www.elwatan.com\/wp-content\/uploads\/2019\/05\/60737677_2356687831276115_7554776915941261312_n-300x225.jpg 300w, https:\/\/www.elwatan.com\/wp-content\/uploads\/2019\/05\/60737677_2356687831276115_7554776915941261312_n-768x576.jpg 768w, https:\/\/www.elwatan.com\/wp-content\/uploads\/2019\/05\/60737677_2356687831276115_7554776915941261312_n-1024x768.jpg 1024w, https:\/\/www.elwatan.com\/wp-content\/uploads\/2019\/05\/60737677_2356687831276115_7554776915941261312_n-1320x990.jpg 1320w\" sizes=\"(max-width: 1548px) 100vw, 1548px\"\/><noscript><\/p>\n<p><img loading=\"lazy\" decoding=\"async\" width=\"1548\" height=\"1161\" src=\"https:\/\/www.elwatan.com\/wp-content\/uploads\/2019\/05\/60737677_2356687831276115_7554776915941261312_n.jpg\" class=\"attachment-post-thumbnail size-post-thumbnail wp-post-image\" alt=\"\" srcset=\"https:\/\/www.elwatan.com\/wp-content\/uploads\/2019\/05\/60737677_2356687831276115_7554776915941261312_n.jpg 1548w, https:\/\/www.elwatan.com\/wp-content\/uploads\/2019\/05\/60737677_2356687831276115_7554776915941261312_n-300x225.jpg 300w, https:\/\/www.elwatan.com\/wp-content\/uploads\/2019\/05\/60737677_2356687831276115_7554776915941261312_n-768x576.jpg 768w, https:\/\/www.elwatan.com\/wp-content\/uploads\/2019\/05\/60737677_2356687831276115_7554776915941261312_n-1024x768.jpg 1024w, https:\/\/www.elwatan.com\/wp-content\/uploads\/2019\/05\/60737677_2356687831276115_7554776915941261312_n-1320x990.jpg 1320w\" sizes=\"auto, (max-width: 1548px) 100vw, 1548px\"\/><\/p>\n<p><\/noscript><\/div>\n<p>A B\u00e9jaia, ce 13e vendredi de contestation \u00e0 \u00e9t\u00e9 domin\u00e9 par le mot d\u2019ordres Ulac l\u2019vot ( pas d\u2019\u00e9lection ) et des slogans hostiles \u00e0 Bensalah et Gaid Salah.<\/p>\n<p>La marche \u00e0 commenc\u00e9 vers 13h30 depuis l\u2019esplanade de la maison de la culture. Les manifestants, des milliers, ont avanc\u00e9 vers la Place Sa\u00efd Mekbel en scandant \u00ab Ulac l\u2019vot Ulac \u00bb, \u00ab aneddu alama yeghli udavu ( nous marcherons jusqu\u2019\u00e0 la chute du r\u00e9gime\u201d.<\/p>\n<p>Les banderoles et les pancartes brandies par la foule ont r\u00e9it\u00e9r\u00e9 les revendications exprim\u00e9es par les Alg\u00e9riens depuis plusieurs semaines dont : \u00ab une r\u00e9publique, pas une caserne\u201d, \u00ab syst\u00e8me d\u00e9gage\u201d et \u00ab Alg\u00e9rie libre et d\u00e9mocratique.<\/p>\n<p>Abdelkader Bensalah et Gaid Salah, respectivement chef de l\u2019\u00e9tat par int\u00e9rim et chef d\u2019\u00e9tat-major de l\u2019arm\u00e9e ont \u00e9t\u00e9 particuli\u00e8rement vis\u00e9s par les slogans des manifestants.<\/p>\n<p><a href=\"https:\/\/www.elwatan.com\/wp-content\/uploads\/2019\/05\/60442770_2496726220338391_3013974904623071232_n.jpg\" data-rel=\"lightbox-image-0\" data-rl_title=\"\" data-rl_caption=\"\" title=\"\"><img class=\"size-medium wp-image-579180 aligncenter c1\" data-cfsrc=\"https:\/\/www.elwatan.com\/wp-content\/uploads\/2019\/05\/60442770_2496726220338391_3013974904623071232_n-300x225.jpg\" alt=\"\" width=\"300\" height=\"225\" srcset=\"https:\/\/www.elwatan.com\/wp-content\/uploads\/2019\/05\/60442770_2496726220338391_3013974904623071232_n-300x225.jpg 300w, https:\/\/www.elwatan.com\/wp-content\/uploads\/2019\/05\/60442770_2496726220338391_3013974904623071232_n-768x576.jpg 768w, https:\/\/www.elwatan.com\/wp-content\/uploads\/2019\/05\/60442770_2496726220338391_3013974904623071232_n-1024x768.jpg 1024w, https:\/\/www.elwatan.com\/wp-content\/uploads\/2019\/05\/60442770_2496726220338391_3013974904623071232_n-1320x990.jpg 1320w, https:\/\/www.elwatan.com\/wp-content\/uploads\/2019\/05\/60442770_2496726220338391_3013974904623071232_n.jpg 1548w\" sizes=\"(max-width: 300px) 100vw, 300px\"\/><noscript><\/p>\n<p><img loading=\"lazy\" decoding=\"async\" class=\"size-medium wp-image-579180 aligncenter\" src=\"https:\/\/www.elwatan.com\/wp-content\/uploads\/2019\/05\/60442770_2496726220338391_3013974904623071232_n-300x225.jpg\" alt=\"\" width=\"300\" height=\"225\" srcset=\"https:\/\/www.elwatan.com\/wp-content\/uploads\/2019\/05\/60442770_2496726220338391_3013974904623071232_n-300x225.jpg 300w, https:\/\/www.elwatan.com\/wp-content\/uploads\/2019\/05\/60442770_2496726220338391_3013974904623071232_n-768x576.jpg 768w, https:\/\/www.elwatan.com\/wp-content\/uploads\/2019\/05\/60442770_2496726220338391_3013974904623071232_n-1024x768.jpg 1024w, https:\/\/www.elwatan.com\/wp-content\/uploads\/2019\/05\/60442770_2496726220338391_3013974904623071232_n-1320x990.jpg 1320w, https:\/\/www.elwatan.com\/wp-content\/uploads\/2019\/05\/60442770_2496726220338391_3013974904623071232_n.jpg 1548w\" sizes=\"auto, (max-width: 300px) 100vw, 300px\"\/><\/p>\n<p><\/noscript><\/a><\/p>\n<p>\u00ab Bensalah allez dormir chez-vous ! \u00bb, \u00ab Gaid Salah votre place est dans la caserne\u00bb. Les marcheurs, des dizaines de milliers \u00e0 partir de 15h ont adress\u00e9 d\u2019autres messages politiques au pouvoir et \u00e0 l\u2019opinion publique.<\/p>\n<p>\u00ab Non au racisme\u201d, \u00ab Gr\u00e8ve g\u00e9n\u00e9rale pour faire tomber le r\u00e9gime\u201d ou encore \u00ab le pouvoir du peuple doit arr\u00eater le pouvoir maffieux ! \u00bb. Les manifestants ont commenc\u00e9 \u00e0 se disperser vers 15h30.<\/p>\n<p><a href=\"https:\/\/www.elwatan.com\/wp-content\/uploads\/2019\/05\/61025129_1736715616475118_4911201043192217600_n.jpg\" data-rel=\"lightbox-image-1\" data-rl_title=\"\" data-rl_caption=\"\" title=\"\"><img class=\"size-medium wp-image-579181 aligncenter c1\" data-cfsrc=\"https:\/\/www.elwatan.com\/wp-content\/uploads\/2019\/05\/61025129_1736715616475118_4911201043192217600_n-300x225.jpg\" alt=\"\" width=\"300\" height=\"225\" srcset=\"https:\/\/www.elwatan.com\/wp-content\/uploads\/2019\/05\/61025129_1736715616475118_4911201043192217600_n-300x225.jpg 300w, https:\/\/www.elwatan.com\/wp-content\/uploads\/2019\/05\/61025129_1736715616475118_4911201043192217600_n-768x576.jpg 768w, https:\/\/www.elwatan.com\/wp-content\/uploads\/2019\/05\/61025129_1736715616475118_4911201043192217600_n-1024x768.jpg 1024w, https:\/\/www.elwatan.com\/wp-content\/uploads\/2019\/05\/61025129_1736715616475118_4911201043192217600_n-1320x990.jpg 1320w, https:\/\/www.elwatan.com\/wp-content\/uploads\/2019\/05\/61025129_1736715616475118_4911201043192217600_n.jpg 1548w\" sizes=\"(max-width: 300px) 100vw, 300px\"\/><noscript><\/p>\n<p><img loading=\"lazy\" decoding=\"async\" class=\"size-medium wp-image-579181 aligncenter\" src=\"https:\/\/www.elwatan.com\/wp-content\/uploads\/2019\/05\/61025129_1736715616475118_4911201043192217600_n-300x225.jpg\" alt=\"\" width=\"300\" height=\"225\" srcset=\"https:\/\/www.elwatan.com\/wp-content\/uploads\/2019\/05\/61025129_1736715616475118_4911201043192217600_n-300x225.jpg 300w, https:\/\/www.elwatan.com\/wp-content\/uploads\/2019\/05\/61025129_1736715616475118_4911201043192217600_n-768x576.jpg 768w, https:\/\/www.elwatan.com\/wp-content\/uploads\/2019\/05\/61025129_1736715616475118_4911201043192217600_n-1024x768.jpg 1024w, https:\/\/www.elwatan.com\/wp-content\/uploads\/2019\/05\/61025129_1736715616475118_4911201043192217600_n-1320x990.jpg 1320w, https:\/\/www.elwatan.com\/wp-content\/uploads\/2019\/05\/61025129_1736715616475118_4911201043192217600_n.jpg 1548w\" sizes=\"auto, (max-width: 300px) 100vw, 300px\"\/><\/p>\n<p><\/noscript><\/a><\/p>\n<div class=\"yuzo_related_post style-1\" data-version=\"5.12.88\">\n<p><h3>Related Post<\/h3>\n<\/p>\n<div class=\"yuzo_wraps\">\n<div class=\"relatedthumb relatedpost-563374 c12\"><a href=\"https:\/\/www.elwatan.com\/edition\/culture\/un-artiste-prolifique-12-03-2019\"\/><\/p>\n<p><span class=\"yuzo__text--title c11\">Un artiste prolifique<\/span><\/div>\n<div class=\"relatedthumb relatedpost-373765 c12\"><a href=\"https:\/\/www.elwatan.com\/edition\/actualite\/setif-saisie-de-31-millions-deuros-contrefaits-22-12-2018\"\/><\/p>\n<p><span class=\"yuzo__text--title c11\">S\u00e9tif :\u00a0Saisie de 3,1 millions d\u2019euros contrefaits&#8230;<\/span><\/div>\n<div class=\"relatedthumb relatedpost-568219 c12\"><a href=\"https:\/\/www.elwatan.com\/edition\/actualite\/fertial-perd-son-statut-doperateur-economique-agree-07-04-2019\"\/><\/p>\n<p><span class=\"yuzo__text--title c11\">Fertial perd son statut d\u2019op\u00e9rateur \u00e9conomiq&#8230;<\/span><\/div>\n<div class=\"relatedthumb relatedpost-557023 c12\"><a href=\"https:\/\/www.elwatan.com\/regions\/est\/actu-est\/plus-de-4-000-cas-recenses-07-02-2019\"\/><\/p>\n<p><span class=\"yuzo__text--title c11\">Plus de 4 000 cas recens\u00e9s \u00a0 \u00a0<\/span><\/div>\n<\/div>\n<\/div>\n<p><span class=\"post-views-label\">Post Views:<\/span> <span class=\"post-views-count\">577<\/span><\/p>\n<p>Auteur: Mourad Hachid<br \/>\n<a href=\"https:\/\/www.elwatan.com\/edition\/actualite\/bejaia-13e-vendredi-ulac-lvote-ulac-17-05-2019\">Cliquez ici pour lire l&rsquo;article depuis sa source.<\/a><\/p>\n","protected":false},"excerpt":{"rendered":"<p>A B\u00e9jaia, ce 13e vendredi de contestation \u00e0 \u00e9t\u00e9 domin\u00e9 par le mot d\u2019ordres Ulac l\u2019vot ( pas d\u2019\u00e9lection ) et des slogans hostiles \u00e0 Bensalah et Gaid Salah. La marche \u00e0 commenc\u00e9 vers 13h30 depuis l\u2019esplanade de la maison de la culture. Les manifestants, des milliers, ont avanc\u00e9 vers la Place Sa\u00efd Mekbel en [&hellip;]<\/p>\n","protected":false},"author":1743,"featured_media":34929,"comment_status":"closed","ping_status":"closed","sticky":false,"template":"","format":"standard","meta":{"fifu_image_url":"","fifu_image_alt":"","footnotes":""},"categories":[73,53],"tags":[],"class_list":["post-34928","post","type-post","status-publish","format-standard","has-post-thumbnail","hentry","category-actualite","category-algerie"],"_links":{"self":[{"href":"https:\/\/linitiative.ca\/International\/wp-json\/wp\/v2\/posts\/34928","targetHints":{"allow":["GET"]}}],"collection":[{"href":"https:\/\/linitiative.ca\/International\/wp-json\/wp\/v2\/posts"}],"about":[{"href":"https:\/\/linitiative.ca\/International\/wp-json\/wp\/v2\/types\/post"}],"author":[{"embeddable":true,"href":"https:\/\/linitiative.ca\/International\/wp-json\/wp\/v2\/users\/1743"}],"replies":[{"embeddable":true,"href":"https:\/\/linitiative.ca\/International\/wp-json\/wp\/v2\/comments?post=34928"}],"version-history":[{"count":0,"href":"https:\/\/linitiative.ca\/International\/wp-json\/wp\/v2\/posts\/34928\/revisions"}],"wp:featuredmedia":[{"embeddable":true,"href":"https:\/\/linitiative.ca\/International\/wp-json\/"}],"wp:attachment":[{"href":"https:\/\/linitiative.ca\/International\/wp-json\/wp\/v2\/media?parent=34928"}],"wp:term":[{"taxonomy":"category","embeddable":true,"href":"https:\/\/linitiative.ca\/International\/wp-json\/wp\/v2\/categories?post=34928"},{"taxonomy":"post_tag","embeddable":true,"href":"https:\/\/linitiative.ca\/International\/wp-json\/wp\/v2\/tags?post=34928"}],"curies":[{"name":"wp","href":"https:\/\/api.w.org\/{rel}","templated":true}]}}