{"id":34936,"date":"2019-05-17T13:40:45","date_gmt":"2019-05-17T17:40:45","guid":{"rendered":"https:\/\/linitiative.ca\/International\/mascara-les-manifestants-ne-veulent-plus-du-systeme-fln\/"},"modified":"2019-05-17T13:40:45","modified_gmt":"2019-05-17T17:40:45","slug":"mascara-les-manifestants-ne-veulent-plus-du-systeme-fln","status":"publish","type":"post","link":"https:\/\/linitiative.ca\/International\/mascara-les-manifestants-ne-veulent-plus-du-systeme-fln\/","title":{"rendered":"Mascara : Les manifestants ne veulent plus du syst\u00e8me FLN"},"content":{"rendered":"<h4 class=\"title-14\"\/>\n<div class=\"featured_image\"><img width=\"800\" height=\"448\" data-cfsrc=\"https:\/\/www.elwatan.com\/wp-content\/uploads\/2019\/05\/mascara-13.jpg\" class=\"attachment-post-thumbnail size-post-thumbnail wp-post-image c1\" alt=\"\" srcset=\"https:\/\/www.elwatan.com\/wp-content\/uploads\/2019\/05\/mascara-13.jpg 800w, https:\/\/www.elwatan.com\/wp-content\/uploads\/2019\/05\/mascara-13-300x168.jpg 300w, https:\/\/www.elwatan.com\/wp-content\/uploads\/2019\/05\/mascara-13-768x430.jpg 768w\" sizes=\"(max-width: 800px) 100vw, 800px\"\/><noscript><\/p>\n<p><img loading=\"lazy\" decoding=\"async\" width=\"800\" height=\"448\" src=\"https:\/\/www.elwatan.com\/wp-content\/uploads\/2019\/05\/mascara-13.jpg\" class=\"attachment-post-thumbnail size-post-thumbnail wp-post-image\" alt=\"\" srcset=\"https:\/\/www.elwatan.com\/wp-content\/uploads\/2019\/05\/mascara-13.jpg 800w, https:\/\/www.elwatan.com\/wp-content\/uploads\/2019\/05\/mascara-13-300x168.jpg 300w, https:\/\/www.elwatan.com\/wp-content\/uploads\/2019\/05\/mascara-13-768x430.jpg 768w\" sizes=\"auto, (max-width: 800px) 100vw, 800px\"\/><\/p>\n<p><\/noscript> <span class=\"featured-image-caption\">13e vendredi \u00e0 Mascara. Photo : A Souag.<\/span><\/div>\n<p><strong>\u00c0 Mascara, le parti FLN \u00e9tait la principale cible des manifestants en ce 13<sup>e<\/sup> vendredi. \u00ab<em>Le FLN d\u00e9gage<\/em>\u00bb et \u00abMakanche intikhabate ma\u00e2 issabate\u00a0(Pas d\u2019\u00e9lections avec les bandes de voleurs)\u00bb \u00e9taient les slogans soulev\u00e9s par les manifestants qui ne cessaient de r\u00e9clamer la dissolution pure et simple des assembl\u00e9es notamment l\u2019APN et le S\u00e9nat.<\/strong><\/p>\n<p><strong>\u00ab<\/strong><em>Le FLN est la source de tous les maux qu\u2019\u00e0 connu le pays ces derni\u00e8res ann\u00e9es en Alg\u00e9rie en g\u00e9n\u00e9ral et \u00e0 Mascara en particulier<\/em>\u00bb, d\u00e9clare un manifestant drap\u00e9 de l\u2019embl\u00e8me national. Et d\u2019ajouter\u00a0: \u00ab<em>les \u00e9lus du FLN et du RND notamment ceux de l\u2019APN et du S\u00e9nat se cachent derri\u00e8re leurs \u00e9crans pour insulter tous ceux qui s\u2019opposent \u00e0 la tenue d\u2019une pr\u00e9sidentielle. \u00a0Il n\u2019aura pas d\u2019\u00e9lection pr\u00e9sidentielle tant que les fraudeurs, les voleurs et les hors la loi sont au pouvoir.\u00bb<\/em><\/p>\n<p>En outre, tout au long de l\u2019itin\u00e9raire de la grandiose marche, les manifestants, hommes et femmes, ont appel\u00e9 le chef d\u2019\u00c9tat-major de l\u2019ANP, Ahmed Ga\u00efd Salah, \u00e0 tenir ses engagements envers la population notamment l\u2019instauration d\u2019une deuxi\u00e8me R\u00e9publique d\u00e9mocratique et moderne et juger tous ceux qui ont pill\u00e9 l\u2019argent du peuple.<\/p>\n<p>\u00ab<em>Dawla madania machi askaria (Un \u00c9tat civil, pas militaire)<\/em>\u00bb, \u00ab<em>Djaiche cha\u00e2b khawa khawa (ANP et peuple sont des fr\u00e8res)<\/em>\u00bb et \u00ab<em>Ya El-Ga\u00efd el-lossous fi ma\u00e2skar rahom bezaf (M. Ga\u00efd les voleurs \u00e0 Mascara sont nombreux)<\/em>\u00bb, sont parmi les nombreux slogans scand\u00e9s par les manifestants qui ont battu le pav\u00e9 des principales rues de la ville de Mascara.<\/p>\n<p>\u00c0 la rue Tounsi Mohamed, les manifestants r\u00e9it\u00e8rent leur rejet des pr\u00e9sidentielles du 4 juillet. \u00ab<em>Makanche intikhabate ya issabate (Pas d\u2019\u00e9lections bandes de voleurs)<\/em>\u00bb, \u00ab<em>FLN, RND, Bedoui et Bensalah, voleurs d\u00e9gagez<\/em>\u00bb, \u00ab<em>Helou barlamane el hafafate (Dissolvez le parlement de coiffeuses)<\/em>\u00bb sont parmi les slogans scand\u00e9s \u00e0 tue-t\u00eate par les manifestants.<\/p>\n<p>En arrivant devant la st\u00e8le des martyres \u00e0 la place Mustafa Bentouhami, en plein centre-ville de Mascara, les manifestants ont cl\u00f4tur\u00e9 leur marche par le chant de l\u2019hymne national.<\/p>\n<div class=\"yuzo_related_post style-1\" data-version=\"5.12.88\">\n<p><h3>Related Post<\/h3>\n<\/p>\n<div class=\"yuzo_wraps\">\n<div class=\"relatedthumb relatedpost-560014 c11\"><a href=\"https:\/\/www.elwatan.com\/edition\/actualite\/fln-mouad-bouchareb-sous-le-choc-23-02-2019\"\/><\/p>\n<p><span class=\"yuzo__text--title c10\">FLN : Mouad Bouchareb sous le choc<\/span><\/div>\n<div class=\"relatedthumb relatedpost-569184 c11\"><a href=\"https:\/\/www.elwatan.com\/edition\/actualite\/manifestation-ce-matin-a-alger-bensalah-et-gaid-salah-partez-11-04-2019\"\/><\/p>\n<p><span class=\"yuzo__text--title c10\">Manifestation ce matin \u00e0 Alger : \u00ab Bensalah et Ga&#8230;<\/span><\/div>\n<div class=\"relatedthumb relatedpost-153043 c11\"><a href=\"https:\/\/www.elwatan.com\/edito\/majorite-aux-ordres-01-10-2018\"\/><\/p>\n<p><span class=\"yuzo__text--title c10\">Majorit\u00e9 aux ordres<\/span><\/div>\n<div class=\"relatedthumb relatedpost-559513 c11\"><a href=\"https:\/\/www.elwatan.com\/edition\/actualite\/mouwatana-appelle-a-une-manifestation-contre-le-5e-mandat-a-alger-20-02-2019\"\/><\/p>\n<p><span class=\"yuzo__text--title c10\">Mouwatana appelle \u00e0 une manifestation contre le 5e&#8230;<\/span><\/div>\n<\/div>\n<\/div>\n<p><span class=\"post-views-label\">Post Views:<\/span> <span class=\"post-views-count\">133<\/span><\/p>\n<p>Auteur: Farouk Djouadi<br \/>\n<a href=\"https:\/\/www.elwatan.com\/edition\/actualite\/mascara-les-manifestants-ne-veulent-plus-du-systeme-fln-17-05-2019\">Cliquez ici pour lire l&rsquo;article depuis sa source.<\/a><\/p>\n","protected":false},"excerpt":{"rendered":"<p>13e vendredi \u00e0 Mascara. Photo : A Souag. \u00c0 Mascara, le parti FLN \u00e9tait la principale cible des manifestants en ce 13e vendredi. \u00abLe FLN d\u00e9gage\u00bb et \u00abMakanche intikhabate ma\u00e2 issabate\u00a0(Pas d\u2019\u00e9lections avec les bandes de voleurs)\u00bb \u00e9taient les slogans soulev\u00e9s par les manifestants qui ne cessaient de r\u00e9clamer la dissolution pure et simple des [&hellip;]<\/p>\n","protected":false},"author":1743,"featured_media":34937,"comment_status":"closed","ping_status":"closed","sticky":false,"template":"","format":"standard","meta":{"fifu_image_url":"","fifu_image_alt":"","footnotes":""},"categories":[73,53],"tags":[],"class_list":["post-34936","post","type-post","status-publish","format-standard","has-post-thumbnail","hentry","category-actualite","category-algerie"],"_links":{"self":[{"href":"https:\/\/linitiative.ca\/International\/wp-json\/wp\/v2\/posts\/34936","targetHints":{"allow":["GET"]}}],"collection":[{"href":"https:\/\/linitiative.ca\/International\/wp-json\/wp\/v2\/posts"}],"about":[{"href":"https:\/\/linitiative.ca\/International\/wp-json\/wp\/v2\/types\/post"}],"author":[{"embeddable":true,"href":"https:\/\/linitiative.ca\/International\/wp-json\/wp\/v2\/users\/1743"}],"replies":[{"embeddable":true,"href":"https:\/\/linitiative.ca\/International\/wp-json\/wp\/v2\/comments?post=34936"}],"version-history":[{"count":0,"href":"https:\/\/linitiative.ca\/International\/wp-json\/wp\/v2\/posts\/34936\/revisions"}],"wp:featuredmedia":[{"embeddable":true,"href":"https:\/\/linitiative.ca\/International\/wp-json\/"}],"wp:attachment":[{"href":"https:\/\/linitiative.ca\/International\/wp-json\/wp\/v2\/media?parent=34936"}],"wp:term":[{"taxonomy":"category","embeddable":true,"href":"https:\/\/linitiative.ca\/International\/wp-json\/wp\/v2\/categories?post=34936"},{"taxonomy":"post_tag","embeddable":true,"href":"https:\/\/linitiative.ca\/International\/wp-json\/wp\/v2\/tags?post=34936"}],"curies":[{"name":"wp","href":"https:\/\/api.w.org\/{rel}","templated":true}]}}