{"id":34938,"date":"2019-05-17T07:52:00","date_gmt":"2019-05-17T11:52:00","guid":{"rendered":"https:\/\/linitiative.ca\/International\/leurovision-met-a-nu-israel-ainsi-est-pris-qui-croyait-prendre\/"},"modified":"2019-05-17T07:52:00","modified_gmt":"2019-05-17T11:52:00","slug":"leurovision-met-a-nu-israel-ainsi-est-pris-qui-croyait-prendre","status":"publish","type":"post","link":"https:\/\/linitiative.ca\/International\/leurovision-met-a-nu-israel-ainsi-est-pris-qui-croyait-prendre\/","title":{"rendered":"L\u2019eurovision met \u00e0 nu Isra\u00ebl : ainsi est pris qui croyait prendre!"},"content":{"rendered":"<p><img decoding=\"async\" src=\"\/uploads\/FCK_files\/Mohamed-Larbi-Bouguera(79).jpg\" alt=\"\" width=\"30%\" vspace=\"5\" hspace=\"5\" align=\"right\"\/>A l\u2019heure o\u00f9 Netanyahou sue sang et eau pour former un gouvernement qui lui permettrait d\u2019\u00e9chapper \u00e0 l\u2019inculpation pour faux, abus de confiance et concussion avec une majorit\u00e9 de racistes, d\u2019ultra-orthodoxes et de boutefeux -du type du d\u00e9put\u00e9 enrag\u00e9 Bezalel Smotrich- qui veulent ravager la r\u00e9gion voire l\u2019Iran, Madonna d\u00e9barque \u00e0 l\u2019Eurovision \u00e0 Tel Aviv parce qu\u2019un ch\u00e8que d\u2019un million de dollars lui est r\u00e9dig\u00e9 par un richissime pro-isra\u00e9lien (Journal de 20 h de France 2 du 16 mai 2019), il est utile de lire l\u2019article de Gideon Levy : <em>\u00abUne visite guid\u00e9e du vrai Isra\u00ebl\u00bb<\/em> <strong>(Haaretz, 16 mai 2019)<\/strong> au moment m\u00eame o\u00f9 les Palestiniens et le monde se souviennent de la Nakba ce 15 mai et d\u2019appr\u00e9cier la strat\u00e9gie du groupe islandais techno-punk demi-finaliste \u00e0 l\u2019Eurovision qui a d\u00e9cid\u00e9 d\u2019\u00eatre pr\u00e9sent \u00e0 Tel Aviv pour d\u00e9noncer la situation faite \u00e0 la population de Gaza et pour condamner l\u2019apartheid isra\u00e9lien.<\/p>\n<h2>Ainsi vous voila en Isra\u00ebl<\/h2>\n<p>L\u00e9vy \u00e9crit, s\u2019adressant \u00e0 un spectateur imaginaire de l\u2019Eurovision: \u00abAinsi, vous avez d\u00e9cid\u00e9 d\u2019\u00eatre l\u00e0 malgr\u00e9 les adjurations de Roger Waters [musicien rocker] et tout et tout. Bienvenue en Isra\u00ebl. Vous \u00eates ici et tout est nickel: le soleil, l\u2019alcool, le rock and roll, la gentillesse des gens, une production fantastique, une f\u00eate \u00e9norme. Regardez l\u2019Isra\u00ebl que les postcards vid\u00e9os diffus\u00e9es avant chaque chanson ne vous montreront jamais- l\u2019Isra\u00ebl qui est cach\u00e9 aux regards, la face sombre de la lune sur laquelle vous dansez.<\/p>\n<p>Il est immoral de l\u2019ignorer. Oserez-vous r\u00eaver ? R\u00eavez si vous le voulez mais il arrive que la f\u00eate prenne fin et que ses lampions s\u2019\u00e9teignent. Oubliez TripAdvisor pour le moment et laissez-moi \u00eatre votre guide pour un voyage et une visite d\u2019un autre genre.<\/p>\n<p>Quand vous quittez le parc des expositions de Tel Aviv- \u00abExpo Tel Aviv\u00bb,dirigez-vous \u00e0 l\u2019ouest un petit moment. Vous apercevrez un \u00e9norme complexe de buildings. C\u2019est un b\u00e2timent de la s\u00e9curit\u00e9 et les gens qui y travaillent sont coupables de nombreux crimes et des injustices que vous allez voir tout au long de la journ\u00e9e. Par exemple, d\u2019ici, on affecte les agents qui apprennent aux femmes-soldats \u00e0 pratiquer, au domicile d\u2019une femme palestinienne, examens vaginaux et rectaux<span class=\"c2\"><sup><strong>*<\/strong><\/sup><\/span>.<\/p>\n<p>C\u2019est le quartier g\u00e9n\u00e9ral des s\u00e9vices inflig\u00e9s au peuple palestinien au nom de la s\u00e9curit\u00e9. Vous apercevez dans le parking un grillage derri\u00e8re lequel il y a quelques tombes en d\u00e9sh\u00e9rence. C\u2019est l\u00e0 le cimeti\u00e8re du village en 1948. Isra\u00ebl a effac\u00e9 de la surface de la terre plus de 400 villages comme celui-l\u00e0 en ne laissant, grand seigneur, que les s\u00e9pultures. Vous pouvez rencontrer les descendants des habitants, enfants des r\u00e9fugi\u00e9s qui sont parvenus \u00e0 s\u2019\u00e9chapper ou qui ont \u00e9t\u00e9 expuls\u00e9s vers le Liban, la Syrie ou la Jordanie\u2026 Ils ne sont pas en Europe ni en Isra\u00ebl. Vous les rencontrerez plus tard dans notre tour, dans les camps de r\u00e9fugi\u00e9s.\u00a0<\/p>\n<p>Cap au sud \u00e0 pr\u00e9sent, cap sur Gaza. A une heure de voiture du parc de Tel Aviv et vous voil\u00e0 au croisement d\u2019Erez, la porte d\u2018entr\u00e9e de la plus grande cage du monde. Vous voulez voir \u00e0 quoi ressemblent les exp\u00e9riences sur les humains ?\u00a0 Ce qui arrive aux gens enferm\u00e9s 13 ans durant dans un poulailler et qu\u2019on arrose de bombes de temps \u00e0 autre ? Mais seuls les journalistes parmi vous porteurs d\u2019un pass \u00e9manant du Bureau de presse du Gouvernement- oui, une telle chose existe dans l\u2019unique d\u00e9mocratie du Moyen-Orient- sont autoris\u00e9s \u00e0 entrer.A l\u2019exception des journalistes, nul n\u2019est autoris\u00e9 \u00e0 entrer dans cette prison,.<\/p>\n<p>Erez est un endroit plut\u00f4t d\u00e9sert. La porte d\u2019entr\u00e9e pour 2,5 millions de prisonniers est toujours d\u00e9serte. Nul ne peut entrer ou sortir sauf un petit nombre de journalistes \u00e9trangers, quelques marchands et des malades en phase terminale que les services de s\u00e9curit\u00e9 isra\u00e9liens du Shin Bet font chanter<span class=\"c2\"><sup><strong>**<\/strong><\/sup><\/span>. R\u00e9fl\u00e9chissez \u00e0 la ville habit\u00e9e par 2,5 millions de personnes d\u2019o\u00f9 vous venez et aux routes qui en partent ou y arrivent et imaginez que seules quelquesdouzaines de personnes sont autoris\u00e9es \u00e0 y rentrer ou en sortir chaque jour.<\/p>\n<p>Vous n\u2019avez jamais rien vu de pareil. Et ceci \u00e0 une heure de voiture de l\u2019exub\u00e9rant \u00abExpo Tel Aviv\u00bb. C\u2019est un endroit que l\u2019ONU juge inhabitable, indigne d\u2019accueillir des humains l\u2019ann\u00e9e prochaine. L\u2019an 2020 marque la fin de la vie de Gaza et personne ne semble s\u2019en \u00e9mouvoir. A l\u2019heure actuelle, avec l\u2019argent des Qataris, on sert une soupe claire et les queues de devenir plus longues. Mercredi 15 mai, des dizaines de milliers de Gazaouis se sont mass\u00e9s pr\u00e8s des grillages pour marquer la Journ\u00e9e de la Nakba et les soldats leur ont tir\u00e9 dessus.<\/p>\n<p>De l\u00e0, on se dirige vers l\u2019est, vers la Cisjordanie. Territoires occup\u00e9s. Aucun pays au monde ne reconna\u00eet l\u2019occupation. Deux peuples vivent ici: d\u2019abord des colons juifs ont envahi ce territoire au cours des derni\u00e8res d\u00e9cennies. Ils jouissent de tous les droits et de toutes les ressources ; ensuite les autochtones Palestiniens qui vivent ici depuis des si\u00e8cles et qui sont priv\u00e9s de droits. La plupart de leurs terres ont \u00e9t\u00e9 d\u00e9j\u00e0 vol\u00e9es, pill\u00e9es par les colonies, parfois par la force et toujours avec le patronage de l\u2019Etat d\u2019Isra\u00ebl. Ce qui est de l\u2019apartheid. C\u2019est ce \u00e0 quoi ressemble l\u2019apartheid et c\u2019est ainsi qu\u2019il se conduit.<br \/>Dirigeons-nous vers le sud du mont H\u00e9bron, l\u00e0 o\u00f9 Isra\u00ebl exproprie m\u00eame les troglodytes de leurs grottes. Visitons la section H2 d\u2019H\u00e9bron. Une ville fant\u00f4me. Des milliers de Palestiniens qui vivaient ici ont fui \u00e0 cause des colons. Imaginez qu\u2019ici il y a des routes r\u00e9serv\u00e9es aux seuls juifs. Au nord et au sud, il y a les camps de r\u00e9fugi\u00e9s d\u2019al Faouar, d\u2019al Arroub et de Deheicha. Une vision du Tiers Monde. Durant la P\u00e2que juive, les r\u00e9sidents sont confin\u00e9s derri\u00e8re les check-points et par des soldats en armes: ainsi, les juifs peuvent c\u00e9l\u00e9brer leur f\u00eate. Vous pouvez voir des sc\u00e8nes similaires \u00e0 travers toute la Cisjordanie et ce qui reste des terres des Palestiniens.<\/p>\n<p>Et L\u00e9vy de conclure: \u00abNous voil\u00e0 de retour au complexe de l\u2019Eurovision o\u00f9 tout est luxe, f\u00eate et amusements. Levons notre verre \u00e0 Isra\u00ebl, ce fantastique pays h\u00f4te.\u00bb<\/p>\n<p>Un groupe techno-punk islandais d\u00e9nonce l\u2019apartheid isra\u00e9lien:<\/p>\n<p>Comme en \u00e9cho \u00e0 l\u2019article de L\u00e9vy, le chanteur techno-punk islandais Hataritout de cuir v\u00eatu, a d\u00e9clar\u00e9 que <em>\u00abla r\u00e9alit\u00e9 politique en Isra\u00ebl est contradictoire et absurde et que l\u2019apartheid y est \u00e9vident.\u00bb<\/em> Lui et son groupe ont d\u00e9cid\u00e9 de participer \u00e0 l\u2019Eurovision en Isra\u00ebl avec l\u2019intention de protester contre la politique isra\u00e9lienne.\u00a0<\/p>\n<p>Le pr\u00e9sentateur du groupe islandais- qui doit jouer samedi soir lors de la finale de l\u2019Eurovision- a affirm\u00e9 mardi devant le public de Tel Avivque <em>\u00able visage le plus laid de l\u2019occupation est la situation \u00e0 Gaza.\u00bb<\/em> Un membre de l\u2019orchestre islandais, Matthias Tryggvi Haraldsson, de son c\u00f4t\u00e9, n\u2019a pas froid aux yeux quand il dit: \u00abL\u2019Eurovision est une belle chose et elle est enracin\u00e9e dans un esprit d\u2019unit\u00e9 et de paix mais l\u2019amener dans un pays marqu\u00e9 par un tel conflit est un acte politique et contradictoire.\u00bb Un autre musicien du groupe Klemens Nikul\u00e1sson Hannigan affirme : \u00abNous avons chang\u00e9 compl\u00e8tement d\u2019opinion en arrivant ici\u00bb \u00e9voquant la visite faite \u00e0 H\u00e9bron sous la conduite d\u2019un guide palestinien. Apr\u00e8s avoir vu \u00ables rues fant\u00f4mes de la ville \u00bb et les commerces palestiniens ferm\u00e9s ainsi que les routes r\u00e9serv\u00e9es aux seuls Isra\u00e9liens, Hannigancommente : <em>\u00abla s\u00e9gr\u00e9gation est claire et nette.\u00bb<\/em> Haraldssonapprouve et confirme : <em>\u00abL\u2019apartheid est parfaitement clair \u00e0 H\u00e9bron. \u00bb<\/em> <strong>(Haaretz, 15 mai 2019)<\/strong><br \/>Les deux musiciens disent que leur pr\u00e9sence dans la comp\u00e9tition leur offre une tribune internationale pour critiquer Isra\u00ebl, pour rendre les gens,\u00a0 \u00e0 travers le monde entier,\u00a0 conscients de ce qui se passe dans les territoires occup\u00e9s d\u2019autant que cela leur donne aussi un pouvoir de d\u00e9cision important sur l\u2019ordre du jour et cela leur permet de mettre la protestation sur l\u2019agenda de l\u2019Eurovision.<\/p>\n<p>Rappelons que l\u2019Eurovision a \u00e9t\u00e9 lanc\u00e9e dans les ann\u00e9es 1950 pour cr\u00e9er le sentiment d\u2019une nouvelle solidarit\u00e9 europ\u00e9enne dans un continent qui avait\u00a0 \u00e9t\u00e9 ravag\u00e9 par la guerre. Ainsi, on a prouv\u00e9 avec succ\u00e8s l\u2019engagement en faveur de la paix et de la solidarit\u00e9. Mais \u00e9crit Anshel Pfeffer: <em>\u00abDepuis 71 ans les Isra\u00e9liens ne se sont pas faits \u00e0 l\u2019id\u00e9e de vivre au Moyen-Orient. Il est illusoire de penser qu\u2019on peut \u00e9chapper au Moyen-Orient. Quel que soit le nombre d\u2019Eurovision qu\u2019Isra\u00ebl accueillera, il ne fera jamais partie de l\u2019Europe. \u00bb<\/em> <strong>(Haaretz, 16 mai 2019)<\/strong><\/p>\n<p>Ainsi est pris qui croyait prendre : le pi\u00e8ge se referme sur Isra\u00ebl\u2026.et Madonna en critiquant\u00a0 le BDS devant des millions de spectateurs prouve que les Palestiniens et tous les hommes \u00e9pris de justice et de paix n\u2019ont pas baiss\u00e9 les bras et elle a fait une belle publicit\u00e9 \u00e0 ce mouvement de r\u00e9sistance non-violente.<\/p>\n<p class=\"c3\"><strong>Mohamed Larbi Bouguerra<\/strong><em><br \/><\/em><\/p>\n<p><span class=\"c4\"><em>(*) Ce type d\u2019examens n\u2019est pas une nouveaut\u00e9. Il y a longtemps, un coll\u00e8gue universitaire palestinien de Jordanie m\u2019a dit qu\u2019il avait cess\u00e9 de visiter les siens en Cisjordanie parce que ces examens \u00e9taient faits en public au pont Allenby !<br \/>(**) Les malades n\u2019\u00e9taient autoris\u00e9s \u00e0 sortir de Gaza pour se faire soigner \u00e0 l\u2019\u00e9tranger que s\u2019ils consentaient \u00e0 renseigner le Shin Bet.<\/em><\/span><\/p>\n<p>Auteur:<br \/>\n<a href=\"https:\/\/www.leaders.com.tn\/article\/27128-l-eurovision-met-a-nu-israel-ainsi-est-pris-qui-croyait-prendre\">Cliquez ici pour lire l&rsquo;article depuis sa source.<\/a><\/p>\n","protected":false},"excerpt":{"rendered":"<p>A l\u2019heure o\u00f9 Netanyahou sue sang et eau pour former un gouvernement qui lui permettrait d\u2019\u00e9chapper \u00e0 l\u2019inculpation pour faux, abus de confiance et concussion avec une majorit\u00e9 de racistes, d\u2019ultra-orthodoxes et de boutefeux -du type du d\u00e9put\u00e9 enrag\u00e9 Bezalel Smotrich- qui veulent ravager la r\u00e9gion voire l\u2019Iran, Madonna d\u00e9barque \u00e0 l\u2019Eurovision \u00e0 Tel Aviv [&hellip;]<\/p>\n","protected":false},"author":1772,"featured_media":34939,"comment_status":"closed","ping_status":"closed","sticky":false,"template":"","format":"standard","meta":{"fifu_image_url":"","fifu_image_alt":"","footnotes":""},"categories":[73,55],"tags":[],"class_list":["post-34938","post","type-post","status-publish","format-standard","has-post-thumbnail","hentry","category-actualite","category-tunisie"],"_links":{"self":[{"href":"https:\/\/linitiative.ca\/International\/wp-json\/wp\/v2\/posts\/34938","targetHints":{"allow":["GET"]}}],"collection":[{"href":"https:\/\/linitiative.ca\/International\/wp-json\/wp\/v2\/posts"}],"about":[{"href":"https:\/\/linitiative.ca\/International\/wp-json\/wp\/v2\/types\/post"}],"author":[{"embeddable":true,"href":"https:\/\/linitiative.ca\/International\/wp-json\/wp\/v2\/users\/1772"}],"replies":[{"embeddable":true,"href":"https:\/\/linitiative.ca\/International\/wp-json\/wp\/v2\/comments?post=34938"}],"version-history":[{"count":0,"href":"https:\/\/linitiative.ca\/International\/wp-json\/wp\/v2\/posts\/34938\/revisions"}],"wp:featuredmedia":[{"embeddable":true,"href":"https:\/\/linitiative.ca\/International\/wp-json\/"}],"wp:attachment":[{"href":"https:\/\/linitiative.ca\/International\/wp-json\/wp\/v2\/media?parent=34938"}],"wp:term":[{"taxonomy":"category","embeddable":true,"href":"https:\/\/linitiative.ca\/International\/wp-json\/wp\/v2\/categories?post=34938"},{"taxonomy":"post_tag","embeddable":true,"href":"https:\/\/linitiative.ca\/International\/wp-json\/wp\/v2\/tags?post=34938"}],"curies":[{"name":"wp","href":"https:\/\/api.w.org\/{rel}","templated":true}]}}