{"id":34943,"date":"2019-05-17T10:39:00","date_gmt":"2019-05-17T14:39:00","guid":{"rendered":"https:\/\/linitiative.ca\/International\/delicious-lance-officiellement-sa-nouvelle-collection-boho-clic-ete-2019\/"},"modified":"2019-05-17T10:39:00","modified_gmt":"2019-05-17T14:39:00","slug":"delicious-lance-officiellement-sa-nouvelle-collection-boho-clic-ete-2019","status":"publish","type":"post","link":"https:\/\/linitiative.ca\/International\/delicious-lance-officiellement-sa-nouvelle-collection-boho-clic-ete-2019\/","title":{"rendered":"DELICIOUS lance officiellement sa nouvelle collection \u00abBoho Clic\u00bb \u00e9t\u00e9 2019"},"content":{"rendered":"<p>La marque de pr\u00eat \u00e0 porter et accessoires, DELICIOUS, vient de pr\u00e9senter ce jeudi 16 mai 2019, sa nouvelle collection Capsule \u00abBoho Clic\u00bb pour l\u2019\u00e9t\u00e9 2019.<\/p>\n<p>Pour l&rsquo;occasion, une belle soir\u00e9e s&rsquo;est tenue \u00e0 la boutique de la marque situ\u00e9e \u00e0 La Marsa, o\u00f9 de nombreuses personnalit\u00e9s \u00e9taient r\u00e9unies pour \u00e0 la fois d\u00e9couvrir la Collection, sign\u00e9e In\u00e8s Soula,et partager un moment agr\u00e9able, dans une ambiance musicale d\u00e9tendue.<\/p>\n<p class=\"c2\"><img loading=\"lazy\" decoding=\"async\" src=\"\/uploads\/FCK_files\/IMG_0236.jpg\" class=\"responsive_img\" width=\"700\" vspace=\"5\" hspace=\"5\" height=\"427\" align=\"middle\" alt=\"\"\/><\/p>\n<p>La collection capsule\u00ab BOHO CLIC \u00bbde DELICIOUS multicolore et audacieuse, en alliant une subtile association de mati\u00e8res et de galons ; inspire au romantisme, au glamour et \u00e0 la sensualit\u00e9.<\/p>\n<p>Ines Soula, la cr\u00e9atrice de DELICIOUS, a cr\u00e9\u00e9 cette nouvelle collection parce que \u00ab La vie est un \u00e9t\u00e9 \u00e9ternel \u00bb. Nous confirmons.<\/p>\n<p>Auteur:<br \/>\n<a href=\"https:\/\/www.leaders.com.tn\/article\/27134-delicious-lance-officiellement-sa-nouvelle-collection-boho-clic-ete-2019\">Cliquez ici pour lire l&rsquo;article depuis sa source.<\/a><\/p>\n","protected":false},"excerpt":{"rendered":"<p>La marque de pr\u00eat \u00e0 porter et accessoires, DELICIOUS, vient de pr\u00e9senter ce jeudi 16 mai 2019, sa nouvelle collection Capsule \u00abBoho Clic\u00bb pour l\u2019\u00e9t\u00e9 2019. Pour l&rsquo;occasion, une belle soir\u00e9e s&rsquo;est tenue \u00e0 la boutique de la marque situ\u00e9e \u00e0 La Marsa, o\u00f9 de nombreuses personnalit\u00e9s \u00e9taient r\u00e9unies pour \u00e0 la fois d\u00e9couvrir la [&hellip;]<\/p>\n","protected":false},"author":1772,"featured_media":34944,"comment_status":"closed","ping_status":"closed","sticky":false,"template":"","format":"standard","meta":{"fifu_image_url":"","fifu_image_alt":"","footnotes":""},"categories":[73,55],"tags":[],"class_list":["post-34943","post","type-post","status-publish","format-standard","has-post-thumbnail","hentry","category-actualite","category-tunisie"],"_links":{"self":[{"href":"https:\/\/linitiative.ca\/International\/wp-json\/wp\/v2\/posts\/34943","targetHints":{"allow":["GET"]}}],"collection":[{"href":"https:\/\/linitiative.ca\/International\/wp-json\/wp\/v2\/posts"}],"about":[{"href":"https:\/\/linitiative.ca\/International\/wp-json\/wp\/v2\/types\/post"}],"author":[{"embeddable":true,"href":"https:\/\/linitiative.ca\/International\/wp-json\/wp\/v2\/users\/1772"}],"replies":[{"embeddable":true,"href":"https:\/\/linitiative.ca\/International\/wp-json\/wp\/v2\/comments?post=34943"}],"version-history":[{"count":0,"href":"https:\/\/linitiative.ca\/International\/wp-json\/wp\/v2\/posts\/34943\/revisions"}],"wp:featuredmedia":[{"embeddable":true,"href":"https:\/\/linitiative.ca\/International\/wp-json\/"}],"wp:attachment":[{"href":"https:\/\/linitiative.ca\/International\/wp-json\/wp\/v2\/media?parent=34943"}],"wp:term":[{"taxonomy":"category","embeddable":true,"href":"https:\/\/linitiative.ca\/International\/wp-json\/wp\/v2\/categories?post=34943"},{"taxonomy":"post_tag","embeddable":true,"href":"https:\/\/linitiative.ca\/International\/wp-json\/wp\/v2\/tags?post=34943"}],"curies":[{"name":"wp","href":"https:\/\/api.w.org\/{rel}","templated":true}]}}