{"id":34945,"date":"2019-05-17T10:56:00","date_gmt":"2019-05-17T14:56:00","guid":{"rendered":"https:\/\/linitiative.ca\/International\/hanen-allouch-une-jeune-tunisienne-docteure-pour-la-deuxieme-fois\/"},"modified":"2019-05-17T10:56:00","modified_gmt":"2019-05-17T14:56:00","slug":"hanen-allouch-une-jeune-tunisienne-docteure-pour-la-deuxieme-fois","status":"publish","type":"post","link":"https:\/\/linitiative.ca\/International\/hanen-allouch-une-jeune-tunisienne-docteure-pour-la-deuxieme-fois\/","title":{"rendered":"Hanen Allouch, une jeune tunisienne docteure pour la deuxi\u00e8me fois"},"content":{"rendered":"<p>F\u00e9licitations \u00e0 la jeune tunisienne Hanen Allouch pour son parcours atypique qui a \u00e9t\u00e9 couronn\u00e9 par deux doctorats, en Tunisie et au Canada, apr\u00e8s deux masters, en Tunisie et en France.<\/p>\n<p>En effet, apr\u00e8s un premier doctorat en litt\u00e9rature fran\u00e7aise du XX<sup>e<\/sup> si\u00e8cle, avec une th\u00e8se sur \u00abL\u2019\u00e9criture de l\u2019emp\u00eachement dans l\u2019\u0153uvre de Louis-Ren\u00e9 des For\u00eats\u00bb, soutenue \u00e0\u00a0 l\u2019Universit\u00e9 de la Manouba, en d\u00e9cembre 2016, sous la directeur de la professeure H\u00e9dia Abdelk\u00e9fi, la jeune tunisienne Hanen Allouch soutient une deuxi\u00e8me th\u00e8se de doctorat, en litt\u00e9rature compar\u00e9e, domaines francophones, arabophones, italophones et anglophones, sur les \u00abBios \u00e9ducatifs. Probl\u00e8mes du biopouvoir dans les repr\u00e9sentations litt\u00e9raires et cin\u00e9matographies du milieu \u00e9ducatif (1984-2015)\u00bb \u00e0 l\u2019Universit\u00e9 de Montr\u00e9al sous la direction du professeur Simon Harel.<\/p>\n<p>Bravo aux jeunes tunisiennes qui repr\u00e9sentent la Tunisie \u00e0 l\u2019\u00e9tranger et qui m\u00e8nent un combat quotidien pour garantir son rayonnement.<\/p>\n<p>Auteur:<br \/>\n<a href=\"https:\/\/www.leaders.com.tn\/article\/27135-hanen-allouch-une-jeune-tunisienne-docteure-pour-la-deuxieme-fois\">Cliquez ici pour lire l&rsquo;article depuis sa source.<\/a><\/p>\n","protected":false},"excerpt":{"rendered":"<p>F\u00e9licitations \u00e0 la jeune tunisienne Hanen Allouch pour son parcours atypique qui a \u00e9t\u00e9 couronn\u00e9 par deux doctorats, en Tunisie et au Canada, apr\u00e8s deux masters, en Tunisie et en France. En effet, apr\u00e8s un premier doctorat en litt\u00e9rature fran\u00e7aise du XXe si\u00e8cle, avec une th\u00e8se sur \u00abL\u2019\u00e9criture de l\u2019emp\u00eachement dans l\u2019\u0153uvre de Louis-Ren\u00e9 des [&hellip;]<\/p>\n","protected":false},"author":1772,"featured_media":0,"comment_status":"closed","ping_status":"closed","sticky":false,"template":"","format":"standard","meta":{"fifu_image_url":"","fifu_image_alt":"","footnotes":""},"categories":[73,55],"tags":[],"class_list":["post-34945","post","type-post","status-publish","format-standard","hentry","category-actualite","category-tunisie"],"_links":{"self":[{"href":"https:\/\/linitiative.ca\/International\/wp-json\/wp\/v2\/posts\/34945","targetHints":{"allow":["GET"]}}],"collection":[{"href":"https:\/\/linitiative.ca\/International\/wp-json\/wp\/v2\/posts"}],"about":[{"href":"https:\/\/linitiative.ca\/International\/wp-json\/wp\/v2\/types\/post"}],"author":[{"embeddable":true,"href":"https:\/\/linitiative.ca\/International\/wp-json\/wp\/v2\/users\/1772"}],"replies":[{"embeddable":true,"href":"https:\/\/linitiative.ca\/International\/wp-json\/wp\/v2\/comments?post=34945"}],"version-history":[{"count":0,"href":"https:\/\/linitiative.ca\/International\/wp-json\/wp\/v2\/posts\/34945\/revisions"}],"wp:attachment":[{"href":"https:\/\/linitiative.ca\/International\/wp-json\/wp\/v2\/media?parent=34945"}],"wp:term":[{"taxonomy":"category","embeddable":true,"href":"https:\/\/linitiative.ca\/International\/wp-json\/wp\/v2\/categories?post=34945"},{"taxonomy":"post_tag","embeddable":true,"href":"https:\/\/linitiative.ca\/International\/wp-json\/wp\/v2\/tags?post=34945"}],"curies":[{"name":"wp","href":"https:\/\/api.w.org\/{rel}","templated":true}]}}