{"id":34946,"date":"2019-05-17T11:04:00","date_gmt":"2019-05-17T15:04:00","guid":{"rendered":"https:\/\/linitiative.ca\/International\/tout-sur-la-tournee-de-ghannouchi-en-france-paris-lyon-marseille-album-photos\/"},"modified":"2019-05-17T11:04:00","modified_gmt":"2019-05-17T15:04:00","slug":"tout-sur-la-tournee-de-ghannouchi-en-france-paris-lyon-marseille-album-photos","status":"publish","type":"post","link":"https:\/\/linitiative.ca\/International\/tout-sur-la-tournee-de-ghannouchi-en-france-paris-lyon-marseille-album-photos\/","title":{"rendered":"Tout sur la tourn\u00e9e de Ghannouchi en France : Paris &#8211; Lyon &#8211; Marseille (Album Photos)"},"content":{"rendered":"<p>Il ne manquait que les honneurs militaires aux Invalides, la gerbe de fleurs \u00e0 l\u2019Arc de Triomphe, la visite \u00e0 l\u2019H\u00f4tel de Ville et les entretiens avec Emmanuel Macron et Edouard Philippe, pour que l&rsquo;accueil soit au format protocolaire d\u2019une visite d\u2019Etat ! La visite qu\u2019effectue en France depuis mardi, le pr\u00e9sident du mouvement Ennahdha, Rached Ghannouchi \u00e0 la t\u00eate d&rsquo;une d\u00e9l\u00e9gation, apr\u00e8s celle en Allemagne et en Italie, a \u00e9t\u00e9 soigneusement pr\u00e9par\u00e9e par l\u2019agence-conseil en Relations publiques d\u2019Ennahdha et ses relais dans l\u2019Hexagone. Elle a \u00e9t\u00e9 sc\u00e9naris\u00e9e en trois grandes \u00e9tapes : Paris, Lyon (samedi) et Marseille (dimanche et lundi). Chacune de ces \u00e9tapes s\u2019articule autour de quatre \u00ab moments forts \u00bb : entretiens avec les officiels et des \u00e9lus, rencontres avec des chercheurs et leaders d\u2019opinions, d\u00e9bats avec des comp\u00e9tences tunisiennes, et meetings avec les militants du mouvement. Des interviews s\u2019y ins\u00e8rent.\u00a0<\/p>\n<p>\u00ab A quelques mois des \u00e9ch\u00e9ances \u00e9lectorales, explique-t-on, et en plein tumulte international, avec en toile de fond la situation en Libye, au Soudan et en Alg\u00e9rie, ainsi que la mont\u00e9e du populisme droitier qui plombe les \u00e9lections europ\u00e9ennes de la semaine prochaine, cette tourn\u00e9e s\u2019adosse \u00e0 un contrat imp\u00e9ratif : exposer la position du mouvement islamiste et \u00e9couter la voix de la France dans sa multiplicit\u00e9. \u00bb Tr\u00e8s instituelle, la d\u00e9l\u00e9gation comprend notamment Rafik Abdessalem, chef du d\u00e9partement des Relations ext\u00e9rieures, les deux d\u00e9put\u00e9s de la circonscription France Nord, Houcine Jaziri et Karima Nagguez, une figure de proue historique\u00a0 d\u2019Ennahda en France, Ridha Driss, membre du bureau ex\u00e9cutif et Karim Azouz, ancien consul g\u00e9n\u00e9ral de Tunisie \u00e0 Paris sous la Tro\u00efka et repr\u00e9sentant du mouvement dans la circonscription France Nord. Khalil Lamari, secr\u00e9taire d\u2019Etat charg\u00e9 de la Recherche scientifique a \u00e9galement pris part \u00e0 l\u2019Iftar avec les comp\u00e9tences tunisiennes organis\u00e9 mercredi soir sur une p\u00e9niche.<\/p>\n<h2>Diplomatie&#8230;<\/h2>\n<p><span class=\"c3\"><strong>Point d\u2019orgue de la visite, la rencontre mardi apr\u00e8s-midi au Palais de l\u2019Elys\u00e9e<\/strong><\/span> avec deux conseillers au sein de la Cellule diplomatique, du pr\u00e9sident Macron, Aur\u00e9lien le Chevalier et Marie Philippe. \u00ab Le Chevalier, c\u2019est du gros poisson \u00bb, commente \u00e0 Leaders un connaisseur du s\u00e9rail. \u00ab Il est tr\u00e8s proche de Macron dont il a \u00e9t\u00e9 camarade de promotion \u00e0 l\u2019ENA. Conseiller diplomatique adjoint et charg\u00e9 du G7 dont la France accueillera cet \u00e9t\u00e9 le sommet \u00e0 Biarritz, il a avait \u00e9t\u00e9 notamment conseiller d\u2019ambassade \u00e0 Washington et directeur de l\u2019Institut fran\u00e7ais du Liban (2010 &#8211; 2013) un poste qui lui avait permis de s\u2019impr\u00e9gner de la r\u00e9alit\u00e9 enchev\u00eatr\u00e9e dans le monde arabe. Quant \u00e0 Mme Philippe, conseill\u00e8re technique Afrique du Nord et Moyen-Orient, r\u00e9cemment rentr\u00e9e de New York, elle a pris le relais de la Tunisienne Ahlem Gharbi, partie \u00e0 l\u2019AFD.<\/p>\n<p><span class=\"c3\"><strong>Toujours dans la boucle diplomatique, rendez-vous a \u00e9t\u00e9 pris au Quai d\u2019Orsay<\/strong><\/span> avec le Directeur Afrique du Nord et Moyen-Orient au J\u00e9r\u00f4me Bonnafont, et le Secr\u00e9taire d\u2019Etat, Jean-Baptiste Lemoyne.<\/p>\n<p><span class=\"c3\"><strong>A Matignon<\/strong><\/span>, Emmanuel Lenain Conseiller du Premier Ministre pr\u00eatera oreille \u00e0 Rached Ghannouchi et sa d\u00e9l\u00e9gation.\u00a0<\/p>\n<p><span class=\"c3\"><strong>A l\u2019Assembl\u00e9e nationale,<\/strong><\/span> c\u2019est Marielle de Sarnez de la Commission des Affaires \u00e9trang\u00e8res et J\u00e9r\u00f4me Lambert pr\u00e9sident du groupe d\u2019amiti\u00e9 de l\u2019Assembl\u00e9e Nationale, qui re\u00e7oivent le chef d\u2019Ennahda. Alors qu\u2019au S\u00e9nat, l\u2019accueil sera assur\u00e9 par le pr\u00e9sident G\u00e9rard Larcher et les pr\u00e9sidents de la commission des Affaires Etrang\u00e8res du S\u00e9nat Christian Cambon et du groupe d\u2019amiti\u00e9 du S\u00e9nat, Jean-Pierre Sueur.<\/p>\n<p>Toujours dans la m\u00eame sph\u00e8re ont \u00e9t\u00e9 inscrits des entretiens avec <strong><span class=\"c3\">Jean-Pierre Chev\u00e8nement<\/span><\/strong>, <span class=\"c3\"><strong>Jean-Pierre Raffarin<\/strong><\/span>, et <span class=\"c3\"><strong>Jack Lang<\/strong><\/span> (Institut du Monde arabe).<\/p>\n<p>Samedi (par train) \u00e0 Lyon, pas d\u2019audience officielle, mais une visite de la ville alors qu\u2019\u00e0 Marseille o\u00f9 il se rendra,\u00a0\u00a0 d\u00e8s dimanche matin, Rached Ghannouchi sera re\u00e7u lundi avant son d\u00e9part pour Tunis, par le Maire, <span class=\"c3\"><strong>Jean-Pierre Gaudin<\/strong><\/span>.<\/p>\n<h2>Le Louvre et Notre Dame<\/h2>\n<p><strong><span class=\"c3\">La \u00ab s\u00e9quence intellectuelle \u00bb<\/span><\/strong> est habilement meubl\u00e9e : Chercheurs universitaires trans-courants, iftar avec <strong><span class=\"c3\">Hakim el Karoui<\/span><\/strong>, l\u2019auteur du rapport \u00ab Un islam fran\u00e7ais est possible \u00bb (Institut Montaigne) et fondateur de l\u2019Association Musulmane pour l\u2019Islam de France, Conf\u00e9rence \u00e0 l\u2019Institut Fran\u00e7ais des Relations Internationales (IFRI) et d\u00e9bat mod\u00e9r\u00e9 par <span class=\"c3\"><strong>Gilles Kepel<\/strong><\/span>.<\/p>\n<p>Elle est compl\u00e9t\u00e9e par une escapade culturelle au mus\u00e9e du Louvre et une visite de compassion \u00e0 l\u2019Eglise de Notre Dame endeuill\u00e9e par le feu.<\/p>\n<p><span class=\"c3\"><strong>Startups et business :<\/strong><\/span> Rached Ghannouchi visite le salon Salon Viva-Tech \u00e0 la Porte de Versailles, et se rend au si\u00e8ge de Business France, avec, sur son agenda, des rencontres avec des start ups.<\/p>\n<p><span class=\"c3\"><strong>Comp\u00e9tences tunisiennes :<\/strong><\/span> une rencontre-d\u00e9bat, sur une p\u00e9niche, \u00e0 Paris, qui sera d\u00e9clin\u00e9e dans un format similaire \u00e0 Lyon et Marseille.<\/p>\n<h2>La fi\u00e8vre des prochaines \u00e9lections<\/h2>\n<p>Du temps a \u00e9t\u00e9 r\u00e9serv\u00e9 pour les adh\u00e9rents et les cadres du mouvement Ennahda. Sous divers formats, des rencontres sont au programme \u00e0 Paris, Lyon et Marseille. Avec l\u2019effervescence des \u00e9lections, l\u2019imp\u00e9ratif de mobilisation pour un vote massif et align\u00e9, et la course \u00e0 l\u2019investiture du mouvement pour les l\u00e9gislatives, ces rendez-vous en interne, sont aussi importants que les autres s\u00e9quences de relations publiques.<\/p>\n<p><strong>Lire aussi<\/strong><\/p>\n<p>Auteur:<br \/>\n<a href=\"https:\/\/www.leaders.com.tn\/article\/27136-tout-sur-le-periple-de-ghannouchi-en-france-paris-lyon-marseille\">Cliquez ici pour lire l&rsquo;article depuis sa source.<\/a><\/p>\n","protected":false},"excerpt":{"rendered":"<p>Il ne manquait que les honneurs militaires aux Invalides, la gerbe de fleurs \u00e0 l\u2019Arc de Triomphe, la visite \u00e0 l\u2019H\u00f4tel de Ville et les entretiens avec Emmanuel Macron et Edouard Philippe, pour que l&rsquo;accueil soit au format protocolaire d\u2019une visite d\u2019Etat ! La visite qu\u2019effectue en France depuis mardi, le pr\u00e9sident du mouvement Ennahdha, [&hellip;]<\/p>\n","protected":false},"author":1772,"featured_media":0,"comment_status":"closed","ping_status":"closed","sticky":false,"template":"","format":"standard","meta":{"fifu_image_url":"","fifu_image_alt":"","footnotes":""},"categories":[73,55],"tags":[],"class_list":["post-34946","post","type-post","status-publish","format-standard","hentry","category-actualite","category-tunisie"],"_links":{"self":[{"href":"https:\/\/linitiative.ca\/International\/wp-json\/wp\/v2\/posts\/34946","targetHints":{"allow":["GET"]}}],"collection":[{"href":"https:\/\/linitiative.ca\/International\/wp-json\/wp\/v2\/posts"}],"about":[{"href":"https:\/\/linitiative.ca\/International\/wp-json\/wp\/v2\/types\/post"}],"author":[{"embeddable":true,"href":"https:\/\/linitiative.ca\/International\/wp-json\/wp\/v2\/users\/1772"}],"replies":[{"embeddable":true,"href":"https:\/\/linitiative.ca\/International\/wp-json\/wp\/v2\/comments?post=34946"}],"version-history":[{"count":0,"href":"https:\/\/linitiative.ca\/International\/wp-json\/wp\/v2\/posts\/34946\/revisions"}],"wp:attachment":[{"href":"https:\/\/linitiative.ca\/International\/wp-json\/wp\/v2\/media?parent=34946"}],"wp:term":[{"taxonomy":"category","embeddable":true,"href":"https:\/\/linitiative.ca\/International\/wp-json\/wp\/v2\/categories?post=34946"},{"taxonomy":"post_tag","embeddable":true,"href":"https:\/\/linitiative.ca\/International\/wp-json\/wp\/v2\/tags?post=34946"}],"curies":[{"name":"wp","href":"https:\/\/api.w.org\/{rel}","templated":true}]}}