{"id":34947,"date":"2019-05-17T11:23:00","date_gmt":"2019-05-17T15:23:00","guid":{"rendered":"https:\/\/linitiative.ca\/International\/ghannouchi-a-paris-iftar-sur-une-peniche-amarree-quai-de-bercy-avec-des-competences-tunisiennes-album-photos\/"},"modified":"2019-05-17T11:23:00","modified_gmt":"2019-05-17T15:23:00","slug":"ghannouchi-a-paris-iftar-sur-une-peniche-amarree-quai-de-bercy-avec-des-competences-tunisiennes-album-photos","status":"publish","type":"post","link":"https:\/\/linitiative.ca\/International\/ghannouchi-a-paris-iftar-sur-une-peniche-amarree-quai-de-bercy-avec-des-competences-tunisiennes-album-photos\/","title":{"rendered":"Ghannouchi \u00e0 Paris : Iftar sur une p\u00e9niche amarr\u00e9e Quai de Bercy, avec des comp\u00e9tences tunisiennes (Album Photos)"},"content":{"rendered":"<p>S\u2019il ne m\u00e8ne pas son public en bateau, comme tout chef de parti, Rached Ghannouchi en visite en France a invit\u00e9 quelques dizaines de \u00ab comp\u00e9tences tunisiennes \u00bb, \u00e0 un iftar, mercredi soir sur une p\u00e9niche \u00abLa Baleine Blanche\u00bb, amarr\u00e9e Quai de Bercy, dans le 13\u00e8me \u00e0 Paris. Lieu, casting et programme ont \u00e9t\u00e9 voulus dans le non-conformisme. Dans un gentleman agreement de fait, ni Ghannouchi ni ses invit\u00e9s n\u2019ont \u00e9t\u00e9 dans l\u2019actualit\u00e9 politique br\u00fblante, \u00e9vitant les sujets qui f\u00e2chent. Quatre heures durant, de 20 h jusqu\u2019\u00e0 minuit, le d\u00e9bat n\u2019a pas manqu\u00e9 d\u2019int\u00e9r\u00eat. Le chef du mouvement Ennahda \u00e9tait accompagn\u00e9 notamment de Rafik Abdessalem, Houcine Jaziri et Khalil Lamiri, secr\u00e9taire d\u2019Eta \u00e0 la Recherche scientifique. Mongi Marzoug, ancien ministre des Technologies de l\u2019Information sous la Tro\u00efka, puis des Mines et de l\u2019Energie, dans le gouvernement Habib Essid, y \u00e9tait invit\u00e9 parmi les comp\u00e9tences tunisiennes.<\/p>\n<p class=\"c2\"><img loading=\"lazy\" decoding=\"async\" src=\"\/uploads\/FCK_files\/P%C3%A9niche2.jpg\" class=\"responsive_img\" alt=\"\" width=\"700\" vspace=\"5\" hspace=\"5\" height=\"467\" align=\"middle\"\/><\/p>\n<p>Pr\u00e8s de 70 personnes \u00e9taient pr\u00e9sentes : un public de cadres tunisiens de la diaspora, beaucoup d&rsquo;universitaires et d&rsquo;ing\u00e9nieurs, assez transpartisan, les jeunes bien repr\u00e9sent\u00e9s, seule une moiti\u00e9 de sympathisants av\u00e9r\u00e9s du mouvement \u00e0 Paris.\u00a0<\/p>\n<p><strong class=\"c3\">Pr\u00eache d\u00e9mocratique<\/strong><\/p>\n<p>Le but \u00e9tait de d\u00e9battre des probl\u00e8mes de l&rsquo;enseignement sup\u00e9rieur en Tunisie, et de faire valoir les propositions de la diaspora. L&rsquo;un des th\u00e8mes qui est le plus revenu \u00e9tait \u00ab\u00a0comment mieux associer les comp\u00e9tences tunisiennes \u00e0 l&rsquo;\u00e9tranger\u00a0\u00bb, et \u00ab\u00a0comment enrayer l&rsquo;exode des universitaires et m\u00e9decins et autres comp\u00e9tences tunisiennes\u00a0\u00bb, qui est devenu un ph\u00e9nom\u00e8ne pr\u00e9occupant. Les d\u00e9bats \u00e9taient courtois et n&rsquo;\u00e9taient pas politis\u00e9s. Rached Ghannouchi a surtout \u00e9cout\u00e9, et est intervenu pour conclure la soir\u00e9e autour de minuit, apr\u00e8s l&rsquo;iftar, il a prononc\u00e9 une sorte de \u00ab\u00a0<span class=\"c4\"><strong>pr\u00eache d\u00e9mocratique<\/strong><\/span>\u00ab\u00a0, dans lequel il a invit\u00e9 les Tunisiens \u00e0 ne pas avoir honte de leur r\u00e9volution et a dit sa conviction que le progr\u00e8s \u00e9conomique suivrait les progr\u00e8s de la libert\u00e9. Il a invit\u00e9 \u00e0 la patience.\u00a0<\/p>\n<p class=\"c2\"><img loading=\"lazy\" decoding=\"async\" src=\"\/uploads\/FCK_files\/P%C3%A9niche-1.jpg\" class=\"responsive_img\" alt=\"\" width=\"700\" vspace=\"5\" hspace=\"5\" height=\"244\" align=\"middle\"\/><\/p>\n<p class=\"c5\"><strong>Lire aussi<\/strong><\/p>\n<p class=\"c5\"><a href=\"https:\/\/www.leaders.com.tn\/article\/27136-tout-sur-le-periple-de-ghannouchi-en-france-paris-lyon-marseille\" target=\"_blank\" rel=\"noopener noreferrer\">Tout sur la tourn\u00e9e de Ghannouchi en France : Paris &#8211; Lyon &#8211; Marseille (Album Photos)<\/a><\/p>\n<p>Auteur:<br \/>\n<a href=\"https:\/\/www.leaders.com.tn\/article\/27137-ghannouchi-a-paris-iftar-sur-une-peniche-amarree-quai-de-bercy-avec-des-competences-tunisiennes\">Cliquez ici pour lire l&rsquo;article depuis sa source.<\/a><\/p>\n","protected":false},"excerpt":{"rendered":"<p>S\u2019il ne m\u00e8ne pas son public en bateau, comme tout chef de parti, Rached Ghannouchi en visite en France a invit\u00e9 quelques dizaines de \u00ab comp\u00e9tences tunisiennes \u00bb, \u00e0 un iftar, mercredi soir sur une p\u00e9niche \u00abLa Baleine Blanche\u00bb, amarr\u00e9e Quai de Bercy, dans le 13\u00e8me \u00e0 Paris. Lieu, casting et programme ont \u00e9t\u00e9 voulus [&hellip;]<\/p>\n","protected":false},"author":1772,"featured_media":34948,"comment_status":"closed","ping_status":"closed","sticky":false,"template":"","format":"standard","meta":{"fifu_image_url":"","fifu_image_alt":"","footnotes":""},"categories":[73,55],"tags":[],"class_list":["post-34947","post","type-post","status-publish","format-standard","has-post-thumbnail","hentry","category-actualite","category-tunisie"],"_links":{"self":[{"href":"https:\/\/linitiative.ca\/International\/wp-json\/wp\/v2\/posts\/34947","targetHints":{"allow":["GET"]}}],"collection":[{"href":"https:\/\/linitiative.ca\/International\/wp-json\/wp\/v2\/posts"}],"about":[{"href":"https:\/\/linitiative.ca\/International\/wp-json\/wp\/v2\/types\/post"}],"author":[{"embeddable":true,"href":"https:\/\/linitiative.ca\/International\/wp-json\/wp\/v2\/users\/1772"}],"replies":[{"embeddable":true,"href":"https:\/\/linitiative.ca\/International\/wp-json\/wp\/v2\/comments?post=34947"}],"version-history":[{"count":0,"href":"https:\/\/linitiative.ca\/International\/wp-json\/wp\/v2\/posts\/34947\/revisions"}],"wp:featuredmedia":[{"embeddable":true,"href":"https:\/\/linitiative.ca\/International\/wp-json\/"}],"wp:attachment":[{"href":"https:\/\/linitiative.ca\/International\/wp-json\/wp\/v2\/media?parent=34947"}],"wp:term":[{"taxonomy":"category","embeddable":true,"href":"https:\/\/linitiative.ca\/International\/wp-json\/wp\/v2\/categories?post=34947"},{"taxonomy":"post_tag","embeddable":true,"href":"https:\/\/linitiative.ca\/International\/wp-json\/wp\/v2\/tags?post=34947"}],"curies":[{"name":"wp","href":"https:\/\/api.w.org\/{rel}","templated":true}]}}