{"id":34953,"date":"2019-05-17T09:11:34","date_gmt":"2019-05-17T13:11:34","guid":{"rendered":"https:\/\/linitiative.ca\/International\/la-surete-nationale-celebre-son-63e-anniversaire-a-casablanca\/"},"modified":"2019-05-17T09:11:34","modified_gmt":"2019-05-17T13:11:34","slug":"la-surete-nationale-celebre-son-63e-anniversaire-a-casablanca","status":"publish","type":"post","link":"https:\/\/linitiative.ca\/International\/la-surete-nationale-celebre-son-63e-anniversaire-a-casablanca\/","title":{"rendered":"La s\u00fbret\u00e9 nationale c\u00e9l\u00e8bre son 63\u00e8 anniversaire \u00e0 Casablanca"},"content":{"rendered":"<p>La <strong>pr\u00e9fecture de police de Casablanca<\/strong> a organis\u00e9, jeudi, une c\u00e9r\u00e9monie \u00e0 l\u2019occasion de la c\u00e9l\u00e9bration du 63\u00e8me anniversaire de la cr\u00e9ation de la <strong>s\u00fbret\u00e9 nationale<\/strong>, qui permet chaque ann\u00e9e de dresser le bilan des actions r\u00e9alis\u00e9es pour garantir la s\u00e9curit\u00e9 de la Nation et des citoyens et de faire \u00e9tat des projets structurants en cours d\u2019ex\u00e9cution pour rehausser la qualit\u00e9 des prestations s\u00e9curitaires, ainsi que des chantiers planifi\u00e9s dans le cadre de la strat\u00e9gie visant la modernisation valorisante du syst\u00e8me de\u00a0 s\u00e9curit\u00e9 du royaume.<\/p>\n<div class=\"c10\"\/>\n<p>S\u2019exprimant \u00e0 cette occasion, le directeur g\u00e9n\u00e9ral de la S\u00fbret\u00e9 Nationale et de la DGST, <strong>Abdellatif Hammouchi<\/strong>, a soulign\u00e9 que \u00ab\u00a0la c\u00e9l\u00e9bration, chaque ann\u00e9e, de l\u2019anniversaire de la cr\u00e9ation de la DGSN offre l\u2019occasion renouvel\u00e9e de dresser le bilan des actions r\u00e9alis\u00e9es pour garantir la s\u00e9curit\u00e9 de la nation et des citoyens et de mettre en \u00e9vidence les projets structurants en cours d\u2019ex\u00e9cution pour rehausser la qualit\u00e9 des prestations s\u00e9curitaires, ainsi que les chantiers programm\u00e9s dans le cadre de la strat\u00e9gie visant la modernisation valorisante du syst\u00e8me de s\u00e9curit\u00e9 dans notre pays\u00a0\u00bb.<\/p>\n<p>Le pr\u00e9fet de police \u00e0 la pr\u00e9fecture de Casablanca Abdellah El Wardi a notamment mis l\u2019accent sur les efforts d\u00e9ploy\u00e9s au quotidien et \u00e0 diff\u00e9rents niveaux par les services de la police afin de faire face aux d\u00e9fis s\u00e9curitaires au niveau de la r\u00e9gion Casablanca-Settat o\u00f9 le taux de criminalit\u00e9 a enregistr\u00e9 \u00ab\u00a0une baisse notable\u00a0\u00bb.<\/p>\n<p>Au cours de cette c\u00e9r\u00e9monie, marqu\u00e9e par la pr\u00e9sentation de spectacles artistiques, plusieurs \u00e9l\u00e9ments de la police relevant de la pr\u00e9fecture de Casablanca ont \u00e9t\u00e9 d\u00e9cor\u00e9s de Wissams de diff\u00e9rentes cat\u00e9gories, qui leur ont \u00e9t\u00e9 d\u00e9cern\u00e9s par SM le Roi Mohammed VI.<\/p>\n<div class=\"c17\">\n<fieldset class=\"c16\">\n<legend><strong><span class=\"c11\">Challenge<\/span><span class=\"c12\">news<\/span><\/strong><\/legend>\n<div class=\"c15\">Le meilleur de la r\u00e9daction s\u00e9lectionn\u00e9 par Challenge :<\/p>\n<\/div>\n<\/fieldset>\n<\/div>\n<p>Auteur: Hajar DARI<br \/>\n<a href=\"https:\/\/www.challenge.ma\/la-surete-nationale-celebre-son-63e-anniversaire-a-casablanca-109240\/\">Cliquez ici pour lire l&rsquo;article depuis sa source.<\/a><\/p>\n","protected":false},"excerpt":{"rendered":"<p>La pr\u00e9fecture de police de Casablanca a organis\u00e9, jeudi, une c\u00e9r\u00e9monie \u00e0 l\u2019occasion de la c\u00e9l\u00e9bration du 63\u00e8me anniversaire de la cr\u00e9ation de la s\u00fbret\u00e9 nationale, qui permet chaque ann\u00e9e de dresser le bilan des actions r\u00e9alis\u00e9es pour garantir la s\u00e9curit\u00e9 de la Nation et des citoyens et de faire \u00e9tat des projets structurants en [&hellip;]<\/p>\n","protected":false},"author":1787,"featured_media":0,"comment_status":"closed","ping_status":"closed","sticky":false,"template":"","format":"standard","meta":{"fifu_image_url":"","fifu_image_alt":"","footnotes":""},"categories":[78,54],"tags":[],"class_list":["post-34953","post","type-post","status-publish","format-standard","hentry","category-economie","category-maroc"],"_links":{"self":[{"href":"https:\/\/linitiative.ca\/International\/wp-json\/wp\/v2\/posts\/34953","targetHints":{"allow":["GET"]}}],"collection":[{"href":"https:\/\/linitiative.ca\/International\/wp-json\/wp\/v2\/posts"}],"about":[{"href":"https:\/\/linitiative.ca\/International\/wp-json\/wp\/v2\/types\/post"}],"author":[{"embeddable":true,"href":"https:\/\/linitiative.ca\/International\/wp-json\/wp\/v2\/users\/1787"}],"replies":[{"embeddable":true,"href":"https:\/\/linitiative.ca\/International\/wp-json\/wp\/v2\/comments?post=34953"}],"version-history":[{"count":0,"href":"https:\/\/linitiative.ca\/International\/wp-json\/wp\/v2\/posts\/34953\/revisions"}],"wp:attachment":[{"href":"https:\/\/linitiative.ca\/International\/wp-json\/wp\/v2\/media?parent=34953"}],"wp:term":[{"taxonomy":"category","embeddable":true,"href":"https:\/\/linitiative.ca\/International\/wp-json\/wp\/v2\/categories?post=34953"},{"taxonomy":"post_tag","embeddable":true,"href":"https:\/\/linitiative.ca\/International\/wp-json\/wp\/v2\/tags?post=34953"}],"curies":[{"name":"wp","href":"https:\/\/api.w.org\/{rel}","templated":true}]}}