{"id":34954,"date":"2019-05-17T09:51:26","date_gmt":"2019-05-17T13:51:26","guid":{"rendered":"https:\/\/linitiative.ca\/International\/lexisnexis-organise-la-1ere-edition-du-casa-business-law-forum\/"},"modified":"2019-05-17T09:51:26","modified_gmt":"2019-05-17T13:51:26","slug":"lexisnexis-organise-la-1ere-edition-du-casa-business-law-forum","status":"publish","type":"post","link":"https:\/\/linitiative.ca\/International\/lexisnexis-organise-la-1ere-edition-du-casa-business-law-forum\/","title":{"rendered":"LexisNexis organise la 1\u00e8re \u00e9dition du Casa Business Law Forum"},"content":{"rendered":"<p>Apr\u00e8s un immense succ\u00e8s \u00e0 Duba\u00ef, Oman, Doha et Koweit city, LexisNexis lance la premi\u00e8re \u00e9dition du <strong>Casa Business Law Forum<\/strong>, les 27 et 28 juin 2019. Organis\u00e9e en partenariat avec Ikone Juris, distributeur exclusif des produits et services d\u2019information juridique en ligne du groupe LexisNexis au Maroc, les experts marocains et internationaux interviendront sur les th\u00e8mes de l\u2019OHADA, de l\u2019investissement &#038; arbitrage, des nouvelles technologies appliqu\u00e9es aux pratiques juridiques ou bien encore du climat des affaires.<\/p>\n<div class=\"c10\"\/>\n<p>Cette conf\u00e9rence est un \u00e9v\u00e9nement majeur pour tous les acteurs du droit des affaires au Maroc. Pendant deux jours et sous diff\u00e9rentes formes, de grands juristes et experts marocains et internationaux partageront leurs exp\u00e9riences avec les cabinets et entreprises marocains et internationaux impliqu\u00e9s dans des op\u00e9rations d\u2019investissement au Maroc.<\/p>\n<p>Le Casa Business Law Forum s\u2019articulera autour de trois temps forts \u2013 une premi\u00e8re journ\u00e9e de conf\u00e9rence pl\u00e9ni\u00e8re, une soir\u00e9e de \u00ab Gala &#038; Awards \u00bb r\u00e9compensant les meilleurs cabinets et services juridiques marocains de l\u2019ann\u00e9e, et une deuxi\u00e8me journ\u00e9e de formation. Le programme r\u00e9serve \u00e9galement de larges plages horaires au networking, permettant aux participants de se rencontrer et d\u2019\u00e9changer les id\u00e9es dans un cadre convivial.<\/p>\n<p>Rappelons que depuis 10 ans le BLF accompagne les dirigeants des entreprises, des pouvoirs publics et des conseils souhaitant r\u00e9fl\u00e9chir, identifier et\u00a0<em>benchmarker<\/em> leurs pratiques professionnelles pour toujours plus d\u2019\u00e9thique\u00a0et de performance.<\/p>\n<div class=\"c17\">\n<fieldset class=\"c16\">\n<legend><strong><span class=\"c11\">Challenge<\/span><span class=\"c12\">news<\/span><\/strong><\/legend>\n<div class=\"c15\">Le meilleur de la r\u00e9daction s\u00e9lectionn\u00e9 par Challenge :<\/p>\n<\/div>\n<\/fieldset>\n<\/div>\n<p>Auteur: Hajar DARI<br \/>\n<a href=\"https:\/\/www.challenge.ma\/lexisnexis-organise-la-1ere-edition-du-casa-business-law-forum-109245\/\">Cliquez ici pour lire l&rsquo;article depuis sa source.<\/a><\/p>\n","protected":false},"excerpt":{"rendered":"<p>Apr\u00e8s un immense succ\u00e8s \u00e0 Duba\u00ef, Oman, Doha et Koweit city, LexisNexis lance la premi\u00e8re \u00e9dition du Casa Business Law Forum, les 27 et 28 juin 2019. Organis\u00e9e en partenariat avec Ikone Juris, distributeur exclusif des produits et services d\u2019information juridique en ligne du groupe LexisNexis au Maroc, les experts marocains et internationaux interviendront sur [&hellip;]<\/p>\n","protected":false},"author":1787,"featured_media":0,"comment_status":"closed","ping_status":"closed","sticky":false,"template":"","format":"standard","meta":{"fifu_image_url":"","fifu_image_alt":"","footnotes":""},"categories":[78,54],"tags":[],"class_list":["post-34954","post","type-post","status-publish","format-standard","hentry","category-economie","category-maroc"],"_links":{"self":[{"href":"https:\/\/linitiative.ca\/International\/wp-json\/wp\/v2\/posts\/34954","targetHints":{"allow":["GET"]}}],"collection":[{"href":"https:\/\/linitiative.ca\/International\/wp-json\/wp\/v2\/posts"}],"about":[{"href":"https:\/\/linitiative.ca\/International\/wp-json\/wp\/v2\/types\/post"}],"author":[{"embeddable":true,"href":"https:\/\/linitiative.ca\/International\/wp-json\/wp\/v2\/users\/1787"}],"replies":[{"embeddable":true,"href":"https:\/\/linitiative.ca\/International\/wp-json\/wp\/v2\/comments?post=34954"}],"version-history":[{"count":0,"href":"https:\/\/linitiative.ca\/International\/wp-json\/wp\/v2\/posts\/34954\/revisions"}],"wp:attachment":[{"href":"https:\/\/linitiative.ca\/International\/wp-json\/wp\/v2\/media?parent=34954"}],"wp:term":[{"taxonomy":"category","embeddable":true,"href":"https:\/\/linitiative.ca\/International\/wp-json\/wp\/v2\/categories?post=34954"},{"taxonomy":"post_tag","embeddable":true,"href":"https:\/\/linitiative.ca\/International\/wp-json\/wp\/v2\/tags?post=34954"}],"curies":[{"name":"wp","href":"https:\/\/api.w.org\/{rel}","templated":true}]}}