{"id":34957,"date":"2019-05-17T10:56:39","date_gmt":"2019-05-17T14:56:39","guid":{"rendered":"https:\/\/linitiative.ca\/International\/afem-bataille-a-couteaux-tires\/"},"modified":"2019-05-17T10:56:39","modified_gmt":"2019-05-17T14:56:39","slug":"afem-bataille-a-couteaux-tires","status":"publish","type":"post","link":"https:\/\/linitiative.ca\/International\/afem-bataille-a-couteaux-tires\/","title":{"rendered":"Afem : bataille \u00e0 couteaux tir\u00e9s"},"content":{"rendered":"<p class=\"p1\"><span class=\"s2\">Que se passe-t-il concr\u00e8tement au sein de l\u2019Association des femmes chefs d\u2019entreprises du Maroc (AFEM) ? C\u2019est la question que se pose nombre de personnes depuis quelques semaines. Le Conseil d\u2019administration tenu le 30 avril a statu\u00e9 sur la d\u00e9mission de l\u2019actuelle pr\u00e9sidente de l\u2019Afem, Aicha Laasri Lamrani. Sauf que cette derni\u00e8re ne compte pas se laisser faire.<span class=\"Apple-converted-space\">\u00a0\u00a0<\/span><\/span><\/p>\n<div class=\"c10\"\/>\n<p class=\"p1\">Rien ne va plus au sein de l\u2019Association des femmes chefs d\u2019entreprises du Maroc (AFEM). Tous les yeux sont riv\u00e9s sur la date du 25 juin. En effet, c\u2019est le 25 juin que se tiendra l\u2019Assembl\u00e9e g\u00e9n\u00e9rale de l\u2019Afem, qui ent\u00e9rinera, entre autres, les d\u00e9cisions prises lors du Conseil d\u2019administration du 30 avril dernier. Mais en attendant, la situation semble bien compliqu\u00e9e. Alors que le Conseil a statu\u00e9 sur la d\u00e9mission de la pr\u00e9sidente nationale \u00e9lue en juin dernier, Aicha Laasri Lamrani, jugeant qu\u2019elle ne pouvait mener \u00e0 terme son mandat \u00e0 la t\u00eate de l\u2019Afem, et a install\u00e9 un comit\u00e9 coll\u00e9gial de gestion pour conduire les affaires courantes de l\u2019association jusqu\u2019\u00e0 une prochaine \u00e9lection.<\/p>\n<p class=\"p1\">La pr\u00e9sidente \u00e9lue affirme qu\u2019elle demeure toujours pr\u00e9sidente, selon la loi, dans une r\u00e9cente sortie m\u00e9diatique. Ce qui pousse certains observateurs \u00e0 dire que la situation actuelle ressemble \u00e0 un serpent \u00e0 deux t\u00eates, car d\u2019un c\u00f4t\u00e9 le comit\u00e9 coll\u00e9gial agit au nom de l\u2019association, mais de l\u2019autre aussi, Aicha Laasri Lamrani estime toujours que sa l\u00e9gitimit\u00e9 est intacte. Mais, pour Saloua Karkri-Belkeziz, fondatrice de l\u2019Afem, la page est tourn\u00e9e d\u00e9j\u00e0.<\/p>\n<p class=\"p1\"><em>\u00abLe Conseil d\u2019administration a statu\u00e9 sur la d\u00e9mission de la pr\u00e9sidente de l\u2019Afem, \u00e9tant donn\u00e9 les dysfonctionnements observ\u00e9s, et le comit\u00e9 des sages a pris acte de cette d\u00e9cision. Donc, il est question aujourd\u2019hui d\u2019aller de l\u2019avant. Aicha Lasri Lamrani n\u2019a pas r\u00e9ussi \u00e0 faire fonctionner les instances de d\u00e9cision de l\u2019association depuis son \u00e9lection. Plusieurs personnes ayant particip\u00e9 \u00e0 son \u00e9lection ont d\u00e9missionn\u00e9 juste apr\u00e8s, y compris sa colisti\u00e8re qui a largement contribu\u00e9 \u00e0 son \u00e9lection\u00bb<\/em>, explique-t-elle. D\u2019aucuns n\u2019h\u00e9sitent toutefois pas \u00e0 dire que ce sont des conflits internes qui ont engendr\u00e9 cette situation. <em>\u00abJe reconnais que diriger une association de plus de 600 membres n\u2019est pas chose ais\u00e9e \u00bb<\/em>, note Saloua Karkri-Belkeziz.<\/p>\n<p class=\"p1\">Il est notamment reproch\u00e9 \u00e0 la pr\u00e9sidente de ne pas avoir pu, entre autres, f\u00e9d\u00e9rer autour de sa vision, et surtout de ne pas avoir tenu une promesse de campagne : celle d\u2019entamer le chantier de refonte en vue d\u2019adapter l\u2019association aux nouvelles mutations, notamment la r\u00e9gionalisation avanc\u00e9e, qui aurait conf\u00e9r\u00e9 plus d\u2019autonomie aux pr\u00e9sidentes r\u00e9gionales en vue de prendre des initiatives \u00e0 fort impact au niveau de leurs r\u00e9gions respectives. Khadija Idrissi Janati, colisti\u00e8re de Aicha Lasri Lamrani et ex vice-pr\u00e9sidente de l\u2019Afem, confie pour sa part que tout avait bien d\u00e9marr\u00e9 au lendemain de l\u2019\u00e9lection.<\/p>\n<p class=\"p4\"><span class=\"c11\"><strong>Remettre l\u2019association sur\u00a0les bons rails<\/strong><\/span><\/p>\n<p class=\"p5\">\u00ab <em>Nous \u00e9tions tr\u00e8s op\u00e9rationnelles d\u00e8s les premiers jours parce que chacun savait d\u00e9j\u00e0 ce qu\u2019il avait \u00e0 faire. Au bout d\u2019un mois, selon les statuts de l\u2019Afem, tous les bureaux doivent \u00eatre d\u00e9sign\u00e9s par la pr\u00e9sidente et valid\u00e9s par le Conseil d\u2019administration. Nous avons donc constitu\u00e9 le bureau et il fallait donc le faire valider. Sauf que la pr\u00e9sidente a h\u00e9sit\u00e9 pendant longtemps avant de porter cette question au niveau du CA, ce qui, \u00e0 un moment a commenc\u00e9 \u00e0 mettre tout le monde mal \u00e0 l\u2019aise. Le bureau \u00e9tait constitu\u00e9 de beaucoup de jeunes, ce qui \u00e9tait d\u2019ailleurs conforme aux promesses de campagne. Sauf que Aicha Lasri Lamrani a souhait\u00e9 faire autrement en disant qu\u2019elle voulait \u00e9quilibrer le bureau et qu\u2019elle ne pouvait pas travailler qu\u2019avec des jeunes. Cela a cr\u00e9\u00e9 des frictions au sein de l\u2019\u00e9quipe, parce que c\u2019est un retour sur l\u2019engagement et sur la vision de d\u00e9part qui pr\u00f4nait un renouvellement, voire m\u00eame une r\u00e9invention de l\u2019Afem \u00bb<\/em>, explique celle qui a d\u00e9missionn\u00e9 quelques mois seulement apr\u00e8s l\u2019\u00e9lection.<\/p>\n<p class=\"p5\">De sources bien inform\u00e9es, chaque fois que la pr\u00e9sidente nommait un nouveau bureau, quelques semaines plus tard, plusieurs membres d\u00e9missionnaient et il fallait encore repartir de z\u00e9ro. Une situation qui a fait que pr\u00e8s d\u2019un an apr\u00e8s l\u2019\u00e9lection, l\u2019Afem n\u2019a pas pu avoir un bureau digne du nom pour pouvoir d\u00e9ployer les chantiers pr\u00e9vus. Ce qui a provoqu\u00e9 la situation qui pr\u00e9vaut actuellement. <em>\u00ab Il n\u2019y a pas un probl\u00e8me particulier avec la personne de Aicha Lasri Lamrani. Mais, la situation dans laquelle se trouve l\u2019association est d\u00e9plorable et il faut agir\u00bb<\/em>, estime Saloua Karkri-Belkeziz. Il va sans dire que tous les membres de l\u2019association ont les yeux riv\u00e9s sur l\u2019AG du 25 juin, qui statuera sur la suite \u00e0 donner pour remettre l\u2019Afem, qui compte pas moins de 600 membres, sur les bons rails. Mais, beaucoup redoutent quand-m\u00eame un serpent \u00e0 deux t\u00eates, apr\u00e8s le 25 juin.<\/p>\n<p class=\"p5\">\u00ab <em>Il n\u2019est pas exclu que Aicha Lasri Lamrani ne reconnaisse pas les d\u00e9cisions de l\u2019Assembl\u00e9e g\u00e9n\u00e9rale prochaine et continue de pr\u00e9tendre agir en tant que pr\u00e9sidente de l\u2019association. \u00c9tant donn\u00e9 aussi qu\u2019elle conna\u00eet tout un chacun des membres de l\u2019association mieux que les membres du comit\u00e9 des sages, elle a donc toute la latitude qu\u2019il faut pour convaincre un grand nombre \u00e0 sa cause \u00bb<\/em>, analyse notre source. Comme quoi le bout du tunnel est encore loin.<\/p>\n<div class=\"c18\">\n<fieldset class=\"c17\">\n<legend><strong><span class=\"c12\">Challenge<\/span><span class=\"c13\">news<\/span><\/strong><\/legend>\n<div class=\"c16\">Le meilleur de la r\u00e9daction s\u00e9lectionn\u00e9 par Challenge :<\/p>\n<\/div>\n<\/fieldset>\n<\/div>\n<p>Auteur: Roland Amoussou<br \/>\n<a href=\"https:\/\/www.challenge.ma\/afem-bataille-a-couteaux-tires-109263\/\">Cliquez ici pour lire l&rsquo;article depuis sa source.<\/a><\/p>\n","protected":false},"excerpt":{"rendered":"<p>Que se passe-t-il concr\u00e8tement au sein de l\u2019Association des femmes chefs d\u2019entreprises du Maroc (AFEM) ? C\u2019est la question que se pose nombre de personnes depuis quelques semaines. Le Conseil d\u2019administration tenu le 30 avril a statu\u00e9 sur la d\u00e9mission de l\u2019actuelle pr\u00e9sidente de l\u2019Afem, Aicha Laasri Lamrani. Sauf que cette derni\u00e8re ne compte pas [&hellip;]<\/p>\n","protected":false},"author":1787,"featured_media":0,"comment_status":"closed","ping_status":"closed","sticky":false,"template":"","format":"standard","meta":{"fifu_image_url":"","fifu_image_alt":"","footnotes":""},"categories":[78,54],"tags":[],"class_list":["post-34957","post","type-post","status-publish","format-standard","hentry","category-economie","category-maroc"],"_links":{"self":[{"href":"https:\/\/linitiative.ca\/International\/wp-json\/wp\/v2\/posts\/34957","targetHints":{"allow":["GET"]}}],"collection":[{"href":"https:\/\/linitiative.ca\/International\/wp-json\/wp\/v2\/posts"}],"about":[{"href":"https:\/\/linitiative.ca\/International\/wp-json\/wp\/v2\/types\/post"}],"author":[{"embeddable":true,"href":"https:\/\/linitiative.ca\/International\/wp-json\/wp\/v2\/users\/1787"}],"replies":[{"embeddable":true,"href":"https:\/\/linitiative.ca\/International\/wp-json\/wp\/v2\/comments?post=34957"}],"version-history":[{"count":0,"href":"https:\/\/linitiative.ca\/International\/wp-json\/wp\/v2\/posts\/34957\/revisions"}],"wp:attachment":[{"href":"https:\/\/linitiative.ca\/International\/wp-json\/wp\/v2\/media?parent=34957"}],"wp:term":[{"taxonomy":"category","embeddable":true,"href":"https:\/\/linitiative.ca\/International\/wp-json\/wp\/v2\/categories?post=34957"},{"taxonomy":"post_tag","embeddable":true,"href":"https:\/\/linitiative.ca\/International\/wp-json\/wp\/v2\/tags?post=34957"}],"curies":[{"name":"wp","href":"https:\/\/api.w.org\/{rel}","templated":true}]}}