{"id":34958,"date":"2019-05-17T11:06:23","date_gmt":"2019-05-17T15:06:23","guid":{"rendered":"https:\/\/linitiative.ca\/International\/tanger-accueillera-le-forum-africain-des-ports\/"},"modified":"2019-05-17T11:06:23","modified_gmt":"2019-05-17T15:06:23","slug":"tanger-accueillera-le-forum-africain-des-ports","status":"publish","type":"post","link":"https:\/\/linitiative.ca\/International\/tanger-accueillera-le-forum-africain-des-ports\/","title":{"rendered":"Tanger accueillera le forum africain des ports"},"content":{"rendered":"<p>Le <strong>forum africain des ports<\/strong> est pr\u00e9vu les 4 et 5 juillet 2019 \u00e0 <strong>Tanger<\/strong>, organis\u00e9 par i-conf\u00e9rences en partenariat avec le programme de politiques de transport en Afrique, SSATP (Banque mondiale) Proparco et Tanger Med.<\/p>\n<div class=\"c10\"\/>\n<p>400 participants de 25 pays y sont attendus dont des op\u00e9rateurs de transport, des cabinets d\u2019\u00e9tudes et d\u2019ing\u00e9nierie, des banques, des assurances et des investisseurs priv\u00e9s, qui vont d\u00e9battre des enjeux et probl\u00e9matiques d\u2019actualit\u00e9 et d\u2019\u00e9changer autour des opportunit\u00e9s de coop\u00e9ration et des solutions de renforcement des capacit\u00e9s des ports de la r\u00e9gion.<\/p>\n<p>Ce Forum se veut un \u00e9v\u00e9nement strat\u00e9gique qui vise \u00e0 accompagner la nouvelle dynamique que connaissent les activit\u00e9s portuaires et maritimes en Afrique du nord, de l\u2019Ouest et centrale.<\/p>\n<div class=\"c17\">\n<fieldset class=\"c16\">\n<legend><strong><span class=\"c11\">Challenge<\/span><span class=\"c12\">news<\/span><\/strong><\/legend>\n<div class=\"c15\">Le meilleur de la r\u00e9daction s\u00e9lectionn\u00e9 par Challenge :<\/p>\n<\/div>\n<\/fieldset>\n<\/div>\n<p>Auteur: Hajar DARI<br \/>\n<a href=\"https:\/\/www.challenge.ma\/tanger-accueillera-le-forum-africain-des-ports-109261\/\">Cliquez ici pour lire l&rsquo;article depuis sa source.<\/a><\/p>\n","protected":false},"excerpt":{"rendered":"<p>Le forum africain des ports est pr\u00e9vu les 4 et 5 juillet 2019 \u00e0 Tanger, organis\u00e9 par i-conf\u00e9rences en partenariat avec le programme de politiques de transport en Afrique, SSATP (Banque mondiale) Proparco et Tanger Med. 400 participants de 25 pays y sont attendus dont des op\u00e9rateurs de transport, des cabinets d\u2019\u00e9tudes et d\u2019ing\u00e9nierie, des [&hellip;]<\/p>\n","protected":false},"author":1787,"featured_media":0,"comment_status":"closed","ping_status":"closed","sticky":false,"template":"","format":"standard","meta":{"fifu_image_url":"","fifu_image_alt":"","footnotes":""},"categories":[78,54],"tags":[],"class_list":["post-34958","post","type-post","status-publish","format-standard","hentry","category-economie","category-maroc"],"_links":{"self":[{"href":"https:\/\/linitiative.ca\/International\/wp-json\/wp\/v2\/posts\/34958","targetHints":{"allow":["GET"]}}],"collection":[{"href":"https:\/\/linitiative.ca\/International\/wp-json\/wp\/v2\/posts"}],"about":[{"href":"https:\/\/linitiative.ca\/International\/wp-json\/wp\/v2\/types\/post"}],"author":[{"embeddable":true,"href":"https:\/\/linitiative.ca\/International\/wp-json\/wp\/v2\/users\/1787"}],"replies":[{"embeddable":true,"href":"https:\/\/linitiative.ca\/International\/wp-json\/wp\/v2\/comments?post=34958"}],"version-history":[{"count":0,"href":"https:\/\/linitiative.ca\/International\/wp-json\/wp\/v2\/posts\/34958\/revisions"}],"wp:attachment":[{"href":"https:\/\/linitiative.ca\/International\/wp-json\/wp\/v2\/media?parent=34958"}],"wp:term":[{"taxonomy":"category","embeddable":true,"href":"https:\/\/linitiative.ca\/International\/wp-json\/wp\/v2\/categories?post=34958"},{"taxonomy":"post_tag","embeddable":true,"href":"https:\/\/linitiative.ca\/International\/wp-json\/wp\/v2\/tags?post=34958"}],"curies":[{"name":"wp","href":"https:\/\/api.w.org\/{rel}","templated":true}]}}