{"id":34959,"date":"2019-05-17T11:33:12","date_gmt":"2019-05-17T15:33:12","guid":{"rendered":"https:\/\/linitiative.ca\/International\/il-fait-lactu-thierry-bolore-dg-de-renault\/"},"modified":"2019-05-17T11:33:12","modified_gmt":"2019-05-17T15:33:12","slug":"il-fait-lactu-thierry-bolore-dg-de-renault","status":"publish","type":"post","link":"https:\/\/linitiative.ca\/International\/il-fait-lactu-thierry-bolore-dg-de-renault\/","title":{"rendered":"Il fait l\u2019actu : Thierry Bolor\u00e9, DG de Renault"},"content":{"rendered":"<p>Nissan a approuv\u00e9 l\u2019entr\u00e9e du DG de Renault \u00e0 son conseil d\u2019administration, dans le cadre d\u2019un large remaniement d\u00e9cid\u00e9 par la firme japonaise min\u00e9e par l\u2019affaire Ghosn.<\/p>\n<div class=\"c10\"\/>\n<p><strong>Thierry Bollor\u00e9<\/strong>, patron du constructeur fran\u00e7ais, fera ainsi partie d\u2019un conseil restructur\u00e9 et \u00e9largi \u00e0 11 membres, dont sept issus de l\u2019ext\u00e9rieur du groupe. Cette nouvelle structure sera ent\u00e9rin\u00e9e par une assembl\u00e9e g\u00e9n\u00e9rale de Nissan pr\u00e9vue fin juin sous la pr\u00e9sidence de son patron Hiroto Saikawa, a indiqu\u00e9, vendredi, le constructeur automobile dans un communiqu\u00e9. Outre Bollor\u00e9, le CA compte le pr\u00e9sident du conseil d\u2019administration du groupe fran\u00e7ais, Jean-Dominique Senard, dont la nomination a d\u00e9j\u00e0 \u00e9t\u00e9 approuv\u00e9e d\u00e9but avril par une AG extraordinaire.<\/p>\n<p>La nomination de Bollor\u00e9 n\u2019\u00e9tait pas gagn\u00e9e d\u2019avance, \u00e9tant donn\u00e9 qu\u2019il a longtemps affich\u00e9 son soutien \u00e0 l\u2019ex-PDG de Renault-Nissan, Carlos Ghosn, arr\u00eat\u00e9 le 19 novembre \u00e0 Tokyo pour une affaire de malversations financi\u00e8res Dans un souci de transparence, le futur CA sera compos\u00e9 de 7 administrateurs externes, soit presque le double de leur nombre sous le mandat de Ghosn.<\/p>\n<p>Deux anciens de Renault, Jean-Baptiste Duzan et Bernard Rey, qui si\u00e9geaient de mani\u00e8re ind\u00e9pendante, partent du CA, alors que Bernard Delmas, pr\u00e9sident de Nihon Michelin Tire et Andrew House, pr\u00e9sident de Sony Interactive Entertainment, y font leur entr\u00e9e.<\/p>\n<div class=\"c17\">\n<fieldset class=\"c16\">\n<legend><strong><span class=\"c11\">Challenge<\/span><span class=\"c12\">news<\/span><\/strong><\/legend>\n<div class=\"c15\">Le meilleur de la r\u00e9daction s\u00e9lectionn\u00e9 par Challenge :<\/p>\n<\/div>\n<\/fieldset>\n<\/div>\n<p>Auteur: Hassan Manyani<br \/>\n<a href=\"https:\/\/www.challenge.ma\/il-fait-lactu-thierry-bolore-dg-de-nissan-109271\/\">Cliquez ici pour lire l&rsquo;article depuis sa source.<\/a><\/p>\n","protected":false},"excerpt":{"rendered":"<p>Nissan a approuv\u00e9 l\u2019entr\u00e9e du DG de Renault \u00e0 son conseil d\u2019administration, dans le cadre d\u2019un large remaniement d\u00e9cid\u00e9 par la firme japonaise min\u00e9e par l\u2019affaire Ghosn. Thierry Bollor\u00e9, patron du constructeur fran\u00e7ais, fera ainsi partie d\u2019un conseil restructur\u00e9 et \u00e9largi \u00e0 11 membres, dont sept issus de l\u2019ext\u00e9rieur du groupe. Cette nouvelle structure sera [&hellip;]<\/p>\n","protected":false},"author":1787,"featured_media":0,"comment_status":"closed","ping_status":"closed","sticky":false,"template":"","format":"standard","meta":{"fifu_image_url":"","fifu_image_alt":"","footnotes":""},"categories":[78,54],"tags":[],"class_list":["post-34959","post","type-post","status-publish","format-standard","hentry","category-economie","category-maroc"],"_links":{"self":[{"href":"https:\/\/linitiative.ca\/International\/wp-json\/wp\/v2\/posts\/34959","targetHints":{"allow":["GET"]}}],"collection":[{"href":"https:\/\/linitiative.ca\/International\/wp-json\/wp\/v2\/posts"}],"about":[{"href":"https:\/\/linitiative.ca\/International\/wp-json\/wp\/v2\/types\/post"}],"author":[{"embeddable":true,"href":"https:\/\/linitiative.ca\/International\/wp-json\/wp\/v2\/users\/1787"}],"replies":[{"embeddable":true,"href":"https:\/\/linitiative.ca\/International\/wp-json\/wp\/v2\/comments?post=34959"}],"version-history":[{"count":0,"href":"https:\/\/linitiative.ca\/International\/wp-json\/wp\/v2\/posts\/34959\/revisions"}],"wp:attachment":[{"href":"https:\/\/linitiative.ca\/International\/wp-json\/wp\/v2\/media?parent=34959"}],"wp:term":[{"taxonomy":"category","embeddable":true,"href":"https:\/\/linitiative.ca\/International\/wp-json\/wp\/v2\/categories?post=34959"},{"taxonomy":"post_tag","embeddable":true,"href":"https:\/\/linitiative.ca\/International\/wp-json\/wp\/v2\/tags?post=34959"}],"curies":[{"name":"wp","href":"https:\/\/api.w.org\/{rel}","templated":true}]}}