{"id":34960,"date":"2019-05-17T16:33:21","date_gmt":"2019-05-17T20:33:21","guid":{"rendered":"https:\/\/linitiative.ca\/International\/syrie-israel-bombarde-des-cibles-a-damas\/"},"modified":"2019-05-17T16:33:21","modified_gmt":"2019-05-17T20:33:21","slug":"syrie-israel-bombarde-des-cibles-a-damas","status":"publish","type":"post","link":"https:\/\/linitiative.ca\/International\/syrie-israel-bombarde-des-cibles-a-damas\/","title":{"rendered":"Syrie\u00a0: Isra\u00ebl bombarde des cibles \u00e0 Damas"},"content":{"rendered":"<div class=\"post-cont-in left relative\">\n<p>L\u2019arm\u00e9e gouvernementale syrienne a utilis\u00e9 des syst\u00e8mes de\u00a0d\u00e9fense antia\u00e9rienne\u00a0pour abattre, ce vendredi 17 mai, non loin de Damas, des projectiles ennemis tir\u00e9s depuis le\u00a0Golan\u00a0contr\u00f4l\u00e9 par Isra\u00ebl, selon SputnikNews relayant une source militaire syrienne.<\/p>\n<p>Selon l\u2019agence de presse syrienne\u00a0Sana, l\u2019arm\u00e9e a d\u00e9tect\u00e9 des projectiles ennemis provenant du c\u00f4t\u00e9 de Qune\u00eftra, dans le sud-ouest du pays.<\/p>\n<div class=\"code-block code-block-1 c3\"><ins class=\"adsbygoogle c2\" data-ad-layout=\"in-article\" data-ad-format=\"fluid\" data-ad-client=\"ca-pub-2102118777505746\" data-ad-slot=\"7301775417\"\/> <\/div>\n<p>Des habitants de Damas\u00a0ont t\u00e9moign\u00e9 avoir entendu plusieurs fortes explosions.<\/p>\n<p>D\u2019apr\u00e8s le site Al-Masdar, l\u2019incident s\u2019est produit \u00e0 la base a\u00e9rienne de Mezze, \u00e0 proximit\u00e9 de la capitale syrienne.<\/p>\n<p>Selon la cha\u00eene de t\u00e9l\u00e9vision Ikhbariya, \u00abla d\u00e9fense antia\u00e9rienne syrienne a repouss\u00e9 une attaque d\u2019objets lumineux tir\u00e9s depuis les territoires occup\u00e9s, plusieurs projectiles ont \u00e9t\u00e9 abattus\u00bb.<\/p>\n<p>La cha\u00eene\u00a0Al Hadath\u00a0a pour sa part d\u00e9clar\u00e9 que l\u2019attaque visait des sites militaires et d\u00e9p\u00f4ts iraniens au sud-ouest de Damas et avait \u00e9t\u00e9 men\u00e9e par\u00a0Isra\u00ebl.<\/p>\n<div class=\"mvp-org-wrap mvp-org-logo\" itemprop=\"publisher\" itemscope=\"\" itemtype=\"https:\/\/schema.org\/Organization\"><img decoding=\"async\" src=\"https:\/\/www.tunisienumerique.com\/wp-content\/uploads\/2017\/02\/logo_tunisie_numerique.png\"\/><\/div>\n<div class=\"mvp-related-posts left relative\">\n<h4 class=\"post-header\"><span class=\"post-header\">Lire aussi<\/span><\/h4>\n<\/div>\n<\/div>\n<p>Auteur: LM<br \/>\n<a href=\"https:\/\/www.tunisienumerique.com\/syrie-israel-bombarde-des-cibles-a-damas\/\">Cliquez ici pour lire l&rsquo;article depuis sa source.<\/a><\/p>\n","protected":false},"excerpt":{"rendered":"<p>L\u2019arm\u00e9e gouvernementale syrienne a utilis\u00e9 des syst\u00e8mes de\u00a0d\u00e9fense antia\u00e9rienne\u00a0pour abattre, ce vendredi 17 mai, non loin de Damas, des projectiles ennemis tir\u00e9s depuis le\u00a0Golan\u00a0contr\u00f4l\u00e9 par Isra\u00ebl, selon SputnikNews relayant une source militaire syrienne. Selon l\u2019agence de presse syrienne\u00a0Sana, l\u2019arm\u00e9e a d\u00e9tect\u00e9 des projectiles ennemis provenant du c\u00f4t\u00e9 de Qune\u00eftra, dans le sud-ouest du pays. Des [&hellip;]<\/p>\n","protected":false},"author":1789,"featured_media":34961,"comment_status":"closed","ping_status":"closed","sticky":false,"template":"","format":"standard","meta":{"fifu_image_url":"","fifu_image_alt":"","footnotes":""},"categories":[73,55],"tags":[],"class_list":["post-34960","post","type-post","status-publish","format-standard","has-post-thumbnail","hentry","category-actualite","category-tunisie"],"_links":{"self":[{"href":"https:\/\/linitiative.ca\/International\/wp-json\/wp\/v2\/posts\/34960","targetHints":{"allow":["GET"]}}],"collection":[{"href":"https:\/\/linitiative.ca\/International\/wp-json\/wp\/v2\/posts"}],"about":[{"href":"https:\/\/linitiative.ca\/International\/wp-json\/wp\/v2\/types\/post"}],"author":[{"embeddable":true,"href":"https:\/\/linitiative.ca\/International\/wp-json\/wp\/v2\/users\/1789"}],"replies":[{"embeddable":true,"href":"https:\/\/linitiative.ca\/International\/wp-json\/wp\/v2\/comments?post=34960"}],"version-history":[{"count":0,"href":"https:\/\/linitiative.ca\/International\/wp-json\/wp\/v2\/posts\/34960\/revisions"}],"wp:featuredmedia":[{"embeddable":true,"href":"https:\/\/linitiative.ca\/International\/wp-json\/"}],"wp:attachment":[{"href":"https:\/\/linitiative.ca\/International\/wp-json\/wp\/v2\/media?parent=34960"}],"wp:term":[{"taxonomy":"category","embeddable":true,"href":"https:\/\/linitiative.ca\/International\/wp-json\/wp\/v2\/categories?post=34960"},{"taxonomy":"post_tag","embeddable":true,"href":"https:\/\/linitiative.ca\/International\/wp-json\/wp\/v2\/tags?post=34960"}],"curies":[{"name":"wp","href":"https:\/\/api.w.org\/{rel}","templated":true}]}}