{"id":34962,"date":"2019-05-16T19:54:16","date_gmt":"2019-05-16T23:54:16","guid":{"rendered":"https:\/\/linitiative.ca\/International\/guerre-commerciale-entre-la-chine-et-les-usa\/"},"modified":"2019-05-16T19:54:16","modified_gmt":"2019-05-16T23:54:16","slug":"guerre-commerciale-entre-la-chine-et-les-usa","status":"publish","type":"post","link":"https:\/\/linitiative.ca\/International\/guerre-commerciale-entre-la-chine-et-les-usa\/","title":{"rendered":"Guerre commerciale entre la Chine et les USA"},"content":{"rendered":"<div class=\"td-post-featured-image\"><a href=\"https:\/\/i1.wp.com\/www.sidwaya.info\/wp-content\/uploads\/2019\/05\/Chine-Usa.jpg?fit=787%2C444&#038;ssl=1\" data-caption=\"\"><img loading=\"lazy\" decoding=\"async\" width=\"696\" height=\"393\" class=\"entry-thumb td-modal-image\" src=\"https:\/\/i1.wp.com\/www.sidwaya.info\/wp-content\/uploads\/2019\/05\/Chine-Usa.jpg?resize=696%2C393&#038;ssl=1\" srcset=\"https:\/\/i1.wp.com\/www.sidwaya.info\/wp-content\/uploads\/2019\/05\/Chine-Usa.jpg?w=787&#038;ssl=1 787w, https:\/\/i1.wp.com\/www.sidwaya.info\/wp-content\/uploads\/2019\/05\/Chine-Usa.jpg?resize=300%2C169&#038;ssl=1 300w, https:\/\/i1.wp.com\/www.sidwaya.info\/wp-content\/uploads\/2019\/05\/Chine-Usa.jpg?resize=768%2C433&#038;ssl=1 768w, https:\/\/i1.wp.com\/www.sidwaya.info\/wp-content\/uploads\/2019\/05\/Chine-Usa.jpg?resize=696%2C393&#038;ssl=1 696w, https:\/\/i1.wp.com\/www.sidwaya.info\/wp-content\/uploads\/2019\/05\/Chine-Usa.jpg?resize=744%2C420&#038;ssl=1 744w\" sizes=\"auto, (max-width: 696px) 100vw, 696px\" alt=\"\" title=\"Chine-Usa\"\/><\/a><\/div>\n<div class=\"td-a-rec td-a-rec-id-content_top td_uid_30_5cdf2b2f82ff9_rand td_block_template_1\"><img loading=\"lazy\" decoding=\"async\" class=\"aligncenter size-full wp-image-4463\" src=\"https:\/\/www.sidwaya.info\/wp-content\/uploads\/2019\/02\/FESPACO-TOUR-2019-Bannie%CC%80re-728x90-1.jpg\" alt=\"\" width=\"728\" height=\"90\"\/><\/div>\n<p><strong>Le pr\u00e9sident am\u00e9ricain Donald Trump a mis en ex\u00e9cution ses menaces en accroissant de 15% les taxes sur 200 milliards de produits chinois import\u00e9s. La r\u00e9action ne s\u2019est pas fait attendre. Trois jours apr\u00e8s l\u2019entr\u00e9e en vigueur des nouvelles barri\u00e8res douani\u00e8res am\u00e9ricaines, P\u00e9kin a annonc\u00e9, lundi 13 mai, son intention de taxer 60 milliards de dollars de marchandises am\u00e9ricaines \u00e0 partir du 1er juin.<\/strong><\/p>\n<p>La guerre des taxes douani\u00e8res entre les Etats-Unis et la Chine est d\u00e9clar\u00e9e alors que des n\u00e9gociations entre les deux superpuissances sont toujours en cours \u00e0 Washington. P\u00e9kin, qui avait pr\u00e9venu de riposter aux sanctions am\u00e9ricaines, a affirm\u00e9 vouloir laisser la porte ouverte \u00e0 de nouvelles n\u00e9gociations, rappelant ne pas c\u00e9der aux intimidations puisque le pr\u00e9sident Trump a lanc\u00e9 \u00e0 la Chine un ultimatum sur la conclusion d\u2019ici un mois d\u2019un accord avant la tenue du Sommet du G20 pr\u00e9vu en fin juin \u00e0 Osaka, au Japon. En imposant ces nouvelles taxes douani\u00e8res, les Etats-Unis pensent tirer leur \u00e9pingle du jeu. Pour le pr\u00e9sident Trump, son pays sort gagnant de ce bras de fer puisqu\u2019il va engranger des milliards de dollars non seulement pour le Tr\u00e9sor am\u00e9ricain, mais aussi redistribuer cette manne \u00e0 ces fermiers et industriels, minimisant du m\u00eame coup la riposte de la partie chinoise. Pourtant son conseiller \u00e9conomique, Larry Kudlow a admis au cours d\u2019une interview que l\u2019augmentation des droits de douanes sur les importations chinoises porte aussi pr\u00e9judice aux entreprises et consommateurs am\u00e9ricains. \u00abCe sont les Am\u00e9ricains et non les Chinois qui paient les taxes sur les importations de produits chinois\u00bb, a pr\u00e9venu M. Kudlow dans Wall Street Journal, m\u00eame si les Chinois souffriraient d\u2019une baisse de leur Produit int\u00e9rieur brut (PIB). La d\u00e9cision unilat\u00e9rale de hausser les taxes douani\u00e8res visant la Chine doit \u00eatre comprise comme une r\u00e9ponse \u00e0 une des promesses \u00e9lectorales du pr\u00e9sident Trump qui s\u2019\u00e9tait engag\u00e9 \u00e0 prot\u00e9ger l\u2019industrie am\u00e9ricaine par une politique protectionniste plus agressive. Ainsi, le pr\u00e9sident am\u00e9ricain a pris la r\u00e9solution de r\u00e9duire, vaille que vaille, le d\u00e9s\u00e9quilibre commercial avec la Chine qui se chiffrerait \u00e0 environ 375 milliards de dollars en 2017. C\u2019est pourquoi au d\u00e9but de 2018, le pr\u00e9sident Trump n\u2019a pas h\u00e9sit\u00e9 \u00e0 imposer des tarifs sur des produits fabriqu\u00e9s \u00e0 l\u2019\u00e9tranger, \u00e0 savoir des panneaux solaires et des laveuses, le fer et l\u2019aluminium, en \u00e9voquant la s\u00e9curit\u00e9 nationale. Posant cet acte, la premi\u00e8re puissance \u00e9conomique mondiale s\u2019est attaqu\u00e9e directement au commerce avec la Chine, en annon\u00e7ant des tarifs sur 50 \u00e0 60 milliards de dollars de produits notamment de la haute technologie. Cette escalade protectionniste sur l\u2019\u00e9conomie mondiale va amener les Etats-Unis\u00a0\u00e0 ren\u00e9gocier le\u00a0trait\u00e9\u00a0de\u00a0libre-\u00e9change\u00a0les liant au\u00a0Canada\u00a0et au\u00a0Mexique, alors que le\u00a0pr\u00e9sident\u00a0Trump qui a toujours consid\u00e9r\u00e9 l\u2019Union europ\u00e9enne comme \u00e9tant un alli\u00e9 traditionnel, l\u2019a trait\u00e9e d\u2019ennemi de son pays. Apr\u00e8s une br\u00e8ve accalmie, les hostilit\u00e9s commerciales avaient repris entre juin et septembre 2018, toujours avec la\u00a0Chine. Des taxes am\u00e9ricaines ont frapp\u00e9, pour quelques centaines de milliards de dollars, des produits chinois. En guise de repr\u00e9sailles, P\u00e9kin avait vis\u00e9, entre autres, des \u00c9tats qui ont appuy\u00e9 Donald Trump en 2016. Contrairement aux pr\u00e9visions sombres, les analystes ont estim\u00e9 que l\u2019\u00e9conomie am\u00e9ricaine continue de cro\u00eetre \u00e0 un rythme \u00e9lev\u00e9. Mais que la courbe du d\u00e9ficit commercial avec la\u00a0Chine, en d\u00e9pit des mesures adopt\u00e9es, poursuivait aussi son ascension en 2018.<\/p>\n<p>Parer \u00e0 toute \u00e9ventualit\u00e9<\/p>\n<p>Une \u00e9ventuelle rencontre au sommet entre Trump et Jinping au Sommet du G20 \u00e0 Osaka pourrait contribuer \u00e0 fl\u00e9chir les positions, soulignent les observateurs. En attendant, la Chine semble se pr\u00e9parer \u00e0 toute \u00e9ventualit\u00e9. Les responsables disent \u00eatre fermement oppos\u00e9s \u00e0 une guerre commerciale, mais que le pays \u00e9tait pr\u00e9par\u00e9 \u00e0 se battre. Le pr\u00e9sident am\u00e9ricain qui s\u2019est engag\u00e9 dans une offensive g\u00e9n\u00e9ralis\u00e9e contre le syst\u00e8me multilat\u00e9ral n\u2019a-t-il pas oubli\u00e9 que nous sommes dans un monde en recomposition globale et que son slogan de campagne d\u2019une politique de puissance \u00abAmerica First\u00bb va porter un coup dur \u00e0 la croissance mondiale, m\u00eame si, pour le moment, les choses semblent rouler en sa faveur.<br \/>Au d\u00e9but de l\u2019escalade am\u00e9ricaine contre les Chinois, les Europ\u00e9ens, eux aussi, avaient une dent contre des pratiques commerciales chinoises. Ils reprochaient \u00e0 P\u00e9kin l\u2019absence de r\u00e9ciprocit\u00e9 et l\u2019initiative de la \u201croute de la soie\u201d au b\u00e9n\u00e9fice exclusif de P\u00e9kin. Cette position europ\u00e9enne a quelque peu \u00e9volu\u00e9 face \u00e0 l\u2019agressivit\u00e9 de Donald Trump qui, dans son offensive, n\u2019\u00e9pargne pas ses \u201calli\u00e9s\u201d europ\u00e9ens. Dans un monde o\u00f9 la globalisation et le multilat\u00e9ralisme sont de mise, l\u2019instauration de barri\u00e8res commerciales de mani\u00e8re unilat\u00e9rale ne peut que p\u00e9naliser le pays instigateur, selon un \u00e9ditorialiste suisse qui fait comprendre que les \u00c9tats-Unis sont la premi\u00e8re \u00e9conomie mondiale et sa monnaie, le dollar, est encore la monnaie de r\u00e9serve mondiale. Ce comportement de va-t-en-guerre peut amener ses principaux partenaires commerciaux \u00e0 s\u2019\u00e9loigner de l\u2019autoritarisme du pr\u00e9sident am\u00e9ricain et op\u00e9rer un rapprochement strat\u00e9gique entre eux. Ce qu\u2019il faut craindre pour l\u2019\u00e9conomie mondiale face aux sanctions am\u00e9ricaines, c\u2019est d\u2019abord une escalade \u00e0 dur\u00e9e ind\u00e9termin\u00e9e, le blocage des imports-exports dans les ports, la multiplication des obstacles administratifs, le ralentissement de l\u2019approbation des acquisitions et implantations am\u00e9ricaines en Chine, et enfin une d\u00e9valuation comp\u00e9titive de la monnaie chinoise, le Yuan pour compenser le co\u00fbt de la guerre commerciale. D\u2019ores et d\u00e9j\u00e0, les bourses asiatiques sont en baisse et les investisseurs redoutent que les sanctions n\u2019en viennent \u00e0 frapper des g\u00e9ants de l\u2019industrie tels Boeing et les groupes automobiles avec des r\u00e9percussions n\u00e9fastes sur l\u2019\u00e9conomie mondiale.<\/p>\n<p>Honor\u00e9 KIRAKOYA<\/p>\n<div class=\"td-a-rec td-a-rec-id-content_bottom td_uid_31_5cdf2b2f8319d_rand td_block_template_1\"><img loading=\"lazy\" decoding=\"async\" class=\"alignright size-full wp-image-1724\" src=\"https:\/\/www.sidwaya.info\/wp-content\/uploads\/2018\/12\/sidwaya-pub.jpg\" alt=\"\" width=\"720\" height=\"90\"\/><\/div>\n<p>Auteur: BM. Sidwaya<br \/>\n<a href=\"https:\/\/www.sidwaya.info\/blog\/2019\/05\/16\/guerre-commerciale-entre-la-chine-et-les-usa\/\">Cliquez ici pour lire l&rsquo;article depuis sa source.<\/a><\/p>\n","protected":false},"excerpt":{"rendered":"<p>Le pr\u00e9sident am\u00e9ricain Donald Trump a mis en ex\u00e9cution ses menaces en accroissant de 15% les taxes sur 200 milliards de produits chinois import\u00e9s. La r\u00e9action ne s\u2019est pas fait attendre. Trois jours apr\u00e8s l\u2019entr\u00e9e en vigueur des nouvelles barri\u00e8res douani\u00e8res am\u00e9ricaines, P\u00e9kin a annonc\u00e9, lundi 13 mai, son intention de taxer 60 milliards de [&hellip;]<\/p>\n","protected":false},"author":1816,"featured_media":0,"comment_status":"closed","ping_status":"closed","sticky":false,"template":"","format":"standard","meta":{"fifu_image_url":"","fifu_image_alt":"","footnotes":""},"categories":[73,81],"tags":[],"class_list":["post-34962","post","type-post","status-publish","format-standard","hentry","category-actualite","category-burkina-faso"],"_links":{"self":[{"href":"https:\/\/linitiative.ca\/International\/wp-json\/wp\/v2\/posts\/34962","targetHints":{"allow":["GET"]}}],"collection":[{"href":"https:\/\/linitiative.ca\/International\/wp-json\/wp\/v2\/posts"}],"about":[{"href":"https:\/\/linitiative.ca\/International\/wp-json\/wp\/v2\/types\/post"}],"author":[{"embeddable":true,"href":"https:\/\/linitiative.ca\/International\/wp-json\/wp\/v2\/users\/1816"}],"replies":[{"embeddable":true,"href":"https:\/\/linitiative.ca\/International\/wp-json\/wp\/v2\/comments?post=34962"}],"version-history":[{"count":0,"href":"https:\/\/linitiative.ca\/International\/wp-json\/wp\/v2\/posts\/34962\/revisions"}],"wp:attachment":[{"href":"https:\/\/linitiative.ca\/International\/wp-json\/wp\/v2\/media?parent=34962"}],"wp:term":[{"taxonomy":"category","embeddable":true,"href":"https:\/\/linitiative.ca\/International\/wp-json\/wp\/v2\/categories?post=34962"},{"taxonomy":"post_tag","embeddable":true,"href":"https:\/\/linitiative.ca\/International\/wp-json\/wp\/v2\/tags?post=34962"}],"curies":[{"name":"wp","href":"https:\/\/api.w.org\/{rel}","templated":true}]}}