{"id":34963,"date":"2019-05-16T19:56:44","date_gmt":"2019-05-16T23:56:44","guid":{"rendered":"https:\/\/linitiative.ca\/International\/la-bad-salue-le-leadership-du-president-du-faso\/"},"modified":"2019-05-16T19:56:44","modified_gmt":"2019-05-16T23:56:44","slug":"la-bad-salue-le-leadership-du-president-du-faso","status":"publish","type":"post","link":"https:\/\/linitiative.ca\/International\/la-bad-salue-le-leadership-du-president-du-faso\/","title":{"rendered":"La BAD salue le leadership du Pr\u00e9sident du Faso"},"content":{"rendered":"<div class=\"td-post-featured-image\"><a href=\"https:\/\/i2.wp.com\/www.sidwaya.info\/wp-content\/uploads\/2019\/05\/bad17.jpg?fit=787%2C771&#038;ssl=1\" data-caption=\"\"><img loading=\"lazy\" decoding=\"async\" width=\"696\" height=\"682\" class=\"entry-thumb td-modal-image\" src=\"https:\/\/i2.wp.com\/www.sidwaya.info\/wp-content\/uploads\/2019\/05\/bad17.jpg?resize=696%2C682&#038;ssl=1\" srcset=\"https:\/\/i2.wp.com\/www.sidwaya.info\/wp-content\/uploads\/2019\/05\/bad17.jpg?w=787&#038;ssl=1 787w, https:\/\/i2.wp.com\/www.sidwaya.info\/wp-content\/uploads\/2019\/05\/bad17.jpg?resize=300%2C294&#038;ssl=1 300w, https:\/\/i2.wp.com\/www.sidwaya.info\/wp-content\/uploads\/2019\/05\/bad17.jpg?resize=768%2C752&#038;ssl=1 768w, https:\/\/i2.wp.com\/www.sidwaya.info\/wp-content\/uploads\/2019\/05\/bad17.jpg?resize=696%2C682&#038;ssl=1 696w, https:\/\/i2.wp.com\/www.sidwaya.info\/wp-content\/uploads\/2019\/05\/bad17.jpg?resize=429%2C420&#038;ssl=1 429w, https:\/\/i2.wp.com\/www.sidwaya.info\/wp-content\/uploads\/2019\/05\/bad17.jpg?resize=45%2C45&#038;ssl=1 45w\" sizes=\"auto, (max-width: 696px) 100vw, 696px\" alt=\"\" title=\"bad17\"\/><\/a><\/div>\n<div class=\"td-a-rec td-a-rec-id-content_top td_uid_30_5cdf2b3289717_rand td_block_template_1\"><img loading=\"lazy\" decoding=\"async\" class=\"aligncenter size-full wp-image-4463\" src=\"https:\/\/www.sidwaya.info\/wp-content\/uploads\/2019\/02\/FESPACO-TOUR-2019-Bannie%CC%80re-728x90-1.jpg\" alt=\"\" width=\"728\" height=\"90\"\/><\/div>\n<p><strong>Le chef de l\u2019Etat, Roch Marc Christian Kabor\u00e9, a re\u00e7u en audience, une d\u00e9l\u00e9gation de la Banque africaine de d\u00e9veloppement (BAD), le jeudi 16 mai 2019 au palais de Kosyam.<\/strong><\/p>\n<p>La Banque africaine de d\u00e9veloppement (BAD) salue l\u2019initiative du pr\u00e9sident du Faso, Roch Marc Christian Kabor\u00e9, pour la promotion de nutrition au Burkina. En effet, une d\u00e9l\u00e9gation de l\u2019institution a transmis au chef de l\u2019Etat les f\u00e9licitations de l\u2019institution pour la mise en place d\u2019une strat\u00e9gie multisectorielle sur la nutrition. \u00abNous avons \u00e9chang\u00e9 sur le mandat de la BAD dans le cadre de la nutrition. 17 leaders africains ont \u00e9t\u00e9 d\u00e9sign\u00e9s comme champions pour la nutrition dont sept chefs d\u2019Etat parmi lesquels le Pr\u00e9sident du Faso. La mise en place de cette \u00e9quipe des dirigeants africains pour la nutrition vise \u00e0 porter la question au plus haut niveau et obtenir l\u2019appui des d\u00e9cideurs pour qu\u2019ils jouent un r\u00f4le de plaidoyer dans l\u2019int\u00e9r\u00eat des enfants de 100 jours \u00e0 deux ans\u00bb, a laiss\u00e9 entendre la directrice du d\u00e9partement du capital humain, de la jeunesse et du d\u00e9veloppement des comp\u00e9tences de la BAD, Oley Lucretia Clara Dibba. Pour le cas sp\u00e9cifique du Burkina Faso, elle a confi\u00e9 qu\u2019une feuille de route a \u00e9t\u00e9 \u00e9labor\u00e9e avec trois domaines identifi\u00e9s. Il s\u2019agit de la mise en place d\u2019une strat\u00e9gie multisectorielle de promotion de la nutrition et l\u2019organisation d\u2019une table ronde de mobilisation de fonds et la d\u00e9signation d\u2019un point focal politique qui va appuyer le secr\u00e9tariat technique de la nutrition dans la promotion des questions nutritionnelles. A ceux-ci, s\u2019ajoute la mobilisation des ressources internes \u00e0 travers le budget national dans le but d\u2019appuyer les d\u00e9partements en charge de la question.<br \/>Selon le responsable pays de la BAD au Burkina Faso, Pascal Yembiline, la nutrition est un domaine multisectoriel qui commence par le syst\u00e8me agricole, les infrastructures de production, de transport et de commercialisation. Il a pr\u00e9cis\u00e9 qu\u2019une initiative permettant aux jeunes de s\u2019int\u00e9grer dans le syst\u00e8me agricole a re\u00e7u r\u00e9cemment un don de huit milliards francs CFA. \u00abCette enveloppe va aider les \u00e9tudiants sortant de l\u2019universit\u00e9 et qui s\u2019int\u00e9ressent \u00e0 la production agricole de b\u00e9n\u00e9ficier de la formation et des \u00e9quipements n\u00e9cessaires mais aussi d\u2019\u00eatre encadr\u00e9s\u00bb, a soutenu Pascal Yembiline, tout en indiquant que des projets d\u2019eau et d\u2019assainissement de la BAD sont en cours d\u2019ex\u00e9cution au pays des Hommes int\u00e8gres.<br \/>Oley Lucretia Clara Dibba a, par ailleurs, laiss\u00e9 entendre que sa d\u00e9l\u00e9gation a pr\u00e9sent\u00e9 les condol\u00e9ances de l\u2019institution bancaire au chef de l\u2019Etat et au peuple du Burkina \u00e0 la suite des diff\u00e9rentes attaques terroristes perp\u00e9tr\u00e9es dans le pays et qui ont caus\u00e9 des victimes.<\/p>\n<p>Joseph HARO<\/p>\n<div class=\"td-a-rec td-a-rec-id-content_bottom td_uid_31_5cdf2b32898ae_rand td_block_template_1\"><img loading=\"lazy\" decoding=\"async\" class=\"alignright size-full wp-image-1724\" src=\"https:\/\/www.sidwaya.info\/wp-content\/uploads\/2018\/12\/sidwaya-pub.jpg\" alt=\"\" width=\"720\" height=\"90\"\/><\/div>\n<p>Auteur: BM. Sidwaya<br \/>\n<a href=\"https:\/\/www.sidwaya.info\/blog\/2019\/05\/16\/la-bad-salue-le-leadership-du-president-du-faso\/\">Cliquez ici pour lire l&rsquo;article depuis sa source.<\/a><\/p>\n","protected":false},"excerpt":{"rendered":"<p>Le chef de l\u2019Etat, Roch Marc Christian Kabor\u00e9, a re\u00e7u en audience, une d\u00e9l\u00e9gation de la Banque africaine de d\u00e9veloppement (BAD), le jeudi 16 mai 2019 au palais de Kosyam. La Banque africaine de d\u00e9veloppement (BAD) salue l\u2019initiative du pr\u00e9sident du Faso, Roch Marc Christian Kabor\u00e9, pour la promotion de nutrition au Burkina. En effet, [&hellip;]<\/p>\n","protected":false},"author":1816,"featured_media":0,"comment_status":"closed","ping_status":"closed","sticky":false,"template":"","format":"standard","meta":{"fifu_image_url":"","fifu_image_alt":"","footnotes":""},"categories":[73,81],"tags":[],"class_list":["post-34963","post","type-post","status-publish","format-standard","hentry","category-actualite","category-burkina-faso"],"_links":{"self":[{"href":"https:\/\/linitiative.ca\/International\/wp-json\/wp\/v2\/posts\/34963","targetHints":{"allow":["GET"]}}],"collection":[{"href":"https:\/\/linitiative.ca\/International\/wp-json\/wp\/v2\/posts"}],"about":[{"href":"https:\/\/linitiative.ca\/International\/wp-json\/wp\/v2\/types\/post"}],"author":[{"embeddable":true,"href":"https:\/\/linitiative.ca\/International\/wp-json\/wp\/v2\/users\/1816"}],"replies":[{"embeddable":true,"href":"https:\/\/linitiative.ca\/International\/wp-json\/wp\/v2\/comments?post=34963"}],"version-history":[{"count":0,"href":"https:\/\/linitiative.ca\/International\/wp-json\/wp\/v2\/posts\/34963\/revisions"}],"wp:attachment":[{"href":"https:\/\/linitiative.ca\/International\/wp-json\/wp\/v2\/media?parent=34963"}],"wp:term":[{"taxonomy":"category","embeddable":true,"href":"https:\/\/linitiative.ca\/International\/wp-json\/wp\/v2\/categories?post=34963"},{"taxonomy":"post_tag","embeddable":true,"href":"https:\/\/linitiative.ca\/International\/wp-json\/wp\/v2\/tags?post=34963"}],"curies":[{"name":"wp","href":"https:\/\/api.w.org\/{rel}","templated":true}]}}