{"id":34967,"date":"2019-05-16T20:04:42","date_gmt":"2019-05-17T00:04:42","guid":{"rendered":"https:\/\/linitiative.ca\/International\/protection-de-lenvironnement-le-bel-exemple-des-eleves-de-silmiyiri\/"},"modified":"2019-05-16T20:04:42","modified_gmt":"2019-05-17T00:04:42","slug":"protection-de-lenvironnement-le-bel-exemple-des-eleves-de-silmiyiri","status":"publish","type":"post","link":"https:\/\/linitiative.ca\/International\/protection-de-lenvironnement-le-bel-exemple-des-eleves-de-silmiyiri\/","title":{"rendered":"Protection de l\u2019environnement :  Le bel exemple des \u00e9l\u00e8ves de Silmiyiri"},"content":{"rendered":"<div class=\"td-post-featured-image\" readability=\"33\"><a href=\"https:\/\/i1.wp.com\/www.sidwaya.info\/wp-content\/uploads\/2019\/05\/imgcite.jpg?fit=787%2C523&#038;ssl=1\" data-caption=\"Partage de culture entre un r\u00e9fugi\u00e9 malien et un danseur warba du Plateau central \u00e0 Sag-niongnongo dans la commune de Pabr\u00e9. Un bel exemple de brassage culturel.\"><img loading=\"lazy\" decoding=\"async\" width=\"696\" height=\"463\" class=\"entry-thumb td-modal-image\" src=\"https:\/\/i1.wp.com\/www.sidwaya.info\/wp-content\/uploads\/2019\/05\/imgcite.jpg?resize=696%2C463&#038;ssl=1\" srcset=\"https:\/\/i1.wp.com\/www.sidwaya.info\/wp-content\/uploads\/2019\/05\/imgcite.jpg?w=787&#038;ssl=1 787w, https:\/\/i1.wp.com\/www.sidwaya.info\/wp-content\/uploads\/2019\/05\/imgcite.jpg?resize=300%2C199&#038;ssl=1 300w, https:\/\/i1.wp.com\/www.sidwaya.info\/wp-content\/uploads\/2019\/05\/imgcite.jpg?resize=768%2C510&#038;ssl=1 768w, https:\/\/i1.wp.com\/www.sidwaya.info\/wp-content\/uploads\/2019\/05\/imgcite.jpg?resize=696%2C463&#038;ssl=1 696w, https:\/\/i1.wp.com\/www.sidwaya.info\/wp-content\/uploads\/2019\/05\/imgcite.jpg?resize=632%2C420&#038;ssl=1 632w\" sizes=\"auto, (max-width: 696px) 100vw, 696px\" alt=\"\" title=\"imgcite\"\/><\/a>Partage de culture entre un r\u00e9fugi\u00e9 malien et un danseur warba du Plateau central \u00e0 Sag-niongnongo dans la commune de Pabr\u00e9. Un bel exemple de brassage culturel.<\/div>\n<div class=\"td-a-rec td-a-rec-id-content_top td_uid_30_5cdf2b3f24c74_rand td_block_template_1\"><img loading=\"lazy\" decoding=\"async\" class=\"aligncenter size-full wp-image-4463\" src=\"https:\/\/www.sidwaya.info\/wp-content\/uploads\/2019\/02\/FESPACO-TOUR-2019-Bannie%CC%80re-728x90-1.jpg\" alt=\"\" width=\"728\" height=\"90\"\/><\/div>\n<p>Les \u00e9l\u00e8ves de l\u2019\u00e9cole primaire Silmiyiri, situ\u00e9e dans l\u2019arrondissement n\u00b09 de Ouagadougou, ont donn\u00e9 un bon exemple qui m\u00e9rite d\u2019\u00eatre salu\u00e9, encourag\u00e9 et perp\u00e9tu\u00e9. En effet, une cellule d\u00e9nomm\u00e9e \u2018\u2019g\u00e9n\u00e9ration sans d\u00e9chet\u2019\u2019 a \u00e9t\u00e9 cr\u00e9\u00e9e au sein de leur \u00e9tablissement. De par leur propre initiative, les enfants ont proc\u00e9d\u00e9 au nettoyage de leur \u00e9cole \u00e0 l\u2019occasion de la journ\u00e9e de salubrit\u00e9. Ce jeudi 16 mai 2019, c\u2019\u00e9tait tr\u00e8s impressionnant de voir chacun mettre la main \u00e0 la p\u00e2te avec enthousiasme. Et malgr\u00e9 l\u2019appel de leurs enseignants \u00e0 rejoindre les salles de classe, ceux-ci continuaient \u00ableur mission\u00bb. Les \u00e9l\u00e8ves se sont dit conscients des dangers qu\u2019engendrent les d\u00e9chets ; ce qui les a motiv\u00e9s \u00e0 mener cette action. Nul n\u2019ignore les dangers du p\u00e9ril plastique sur le plan sanitaire, environnemental, etc. Les adultes doivent quotidiennement accompagner ces enfants, afin de les aider \u00e0 poursuivre cet acte combien noble. Il faut \u00e9galement aussi interpeller tous les citoyens, en g\u00e9n\u00e9ral et, pr\u00e9cis\u00e9ment les \u00e9coles, \u00e0 renforcer de telles activit\u00e9s dans leurs programmes. Les Burkinab\u00e8 gagneront en recyclant ces d\u00e9chets ou en les d\u00e9truisant dans la mesure du possible. L\u2019appel des enfants ne doit pas tomber dans l\u2019oreille d\u2019un sourd.<\/p>\n<div class=\"td-a-rec td-a-rec-id-content_bottom td_uid_31_5cdf2b3f24e00_rand td_block_template_1\"><img loading=\"lazy\" decoding=\"async\" class=\"alignright size-full wp-image-1724\" src=\"https:\/\/www.sidwaya.info\/wp-content\/uploads\/2018\/12\/sidwaya-pub.jpg\" alt=\"\" width=\"720\" height=\"90\"\/><\/div>\n<p>Auteur: BM. Sidwaya<br \/>\n<a href=\"https:\/\/www.sidwaya.info\/blog\/2019\/05\/17\/protection-de-lenvironnement-le-bel-exemple-des-eleves-de-silmiyiri\/\">Cliquez ici pour lire l&rsquo;article depuis sa source.<\/a><\/p>\n","protected":false},"excerpt":{"rendered":"<p>Partage de culture entre un r\u00e9fugi\u00e9 malien et un danseur warba du Plateau central \u00e0 Sag-niongnongo dans la commune de Pabr\u00e9. Un bel exemple de brassage culturel. Les \u00e9l\u00e8ves de l\u2019\u00e9cole primaire Silmiyiri, situ\u00e9e dans l\u2019arrondissement n\u00b09 de Ouagadougou, ont donn\u00e9 un bon exemple qui m\u00e9rite d\u2019\u00eatre salu\u00e9, encourag\u00e9 et perp\u00e9tu\u00e9. En effet, une cellule [&hellip;]<\/p>\n","protected":false},"author":1816,"featured_media":0,"comment_status":"closed","ping_status":"closed","sticky":false,"template":"","format":"standard","meta":{"fifu_image_url":"","fifu_image_alt":"","footnotes":""},"categories":[73,81],"tags":[],"class_list":["post-34967","post","type-post","status-publish","format-standard","hentry","category-actualite","category-burkina-faso"],"_links":{"self":[{"href":"https:\/\/linitiative.ca\/International\/wp-json\/wp\/v2\/posts\/34967","targetHints":{"allow":["GET"]}}],"collection":[{"href":"https:\/\/linitiative.ca\/International\/wp-json\/wp\/v2\/posts"}],"about":[{"href":"https:\/\/linitiative.ca\/International\/wp-json\/wp\/v2\/types\/post"}],"author":[{"embeddable":true,"href":"https:\/\/linitiative.ca\/International\/wp-json\/wp\/v2\/users\/1816"}],"replies":[{"embeddable":true,"href":"https:\/\/linitiative.ca\/International\/wp-json\/wp\/v2\/comments?post=34967"}],"version-history":[{"count":0,"href":"https:\/\/linitiative.ca\/International\/wp-json\/wp\/v2\/posts\/34967\/revisions"}],"wp:attachment":[{"href":"https:\/\/linitiative.ca\/International\/wp-json\/wp\/v2\/media?parent=34967"}],"wp:term":[{"taxonomy":"category","embeddable":true,"href":"https:\/\/linitiative.ca\/International\/wp-json\/wp\/v2\/categories?post=34967"},{"taxonomy":"post_tag","embeddable":true,"href":"https:\/\/linitiative.ca\/International\/wp-json\/wp\/v2\/tags?post=34967"}],"curies":[{"name":"wp","href":"https:\/\/api.w.org\/{rel}","templated":true}]}}