{"id":34968,"date":"2019-05-16T20:08:06","date_gmt":"2019-05-17T00:08:06","guid":{"rendered":"https:\/\/linitiative.ca\/International\/sidwaya-reste-la-reference-lambassadeur-francais\/"},"modified":"2019-05-16T20:08:06","modified_gmt":"2019-05-17T00:08:06","slug":"sidwaya-reste-la-reference-lambassadeur-francais","status":"publish","type":"post","link":"https:\/\/linitiative.ca\/International\/sidwaya-reste-la-reference-lambassadeur-francais\/","title":{"rendered":"\u00ab Sidwaya reste la r\u00e9f\u00e9rence\u00bb,  l\u2019ambassadeur fran\u00e7ais"},"content":{"rendered":"<div class=\"td-post-featured-image\"><a href=\"https:\/\/i1.wp.com\/www.sidwaya.info\/wp-content\/uploads\/2019\/05\/ambasafrce.jpg?fit=787%2C525&#038;ssl=1\" data-caption=\"\"><img loading=\"lazy\" decoding=\"async\" width=\"696\" height=\"464\" class=\"entry-thumb td-modal-image\" src=\"https:\/\/i1.wp.com\/www.sidwaya.info\/wp-content\/uploads\/2019\/05\/ambasafrce.jpg?resize=696%2C464&#038;ssl=1\" srcset=\"https:\/\/i1.wp.com\/www.sidwaya.info\/wp-content\/uploads\/2019\/05\/ambasafrce.jpg?w=787&#038;ssl=1 787w, https:\/\/i1.wp.com\/www.sidwaya.info\/wp-content\/uploads\/2019\/05\/ambasafrce.jpg?resize=300%2C200&#038;ssl=1 300w, https:\/\/i1.wp.com\/www.sidwaya.info\/wp-content\/uploads\/2019\/05\/ambasafrce.jpg?resize=768%2C512&#038;ssl=1 768w, https:\/\/i1.wp.com\/www.sidwaya.info\/wp-content\/uploads\/2019\/05\/ambasafrce.jpg?resize=696%2C464&#038;ssl=1 696w, https:\/\/i1.wp.com\/www.sidwaya.info\/wp-content\/uploads\/2019\/05\/ambasafrce.jpg?resize=630%2C420&#038;ssl=1 630w\" sizes=\"auto, (max-width: 696px) 100vw, 696px\" alt=\"\" title=\"ambasafrce\"\/><\/a><\/div>\n<div class=\"td-a-rec td-a-rec-id-content_top td_uid_30_5cdf2b424c3aa_rand td_block_template_1\"><img loading=\"lazy\" decoding=\"async\" class=\"aligncenter size-full wp-image-4463\" src=\"https:\/\/www.sidwaya.info\/wp-content\/uploads\/2019\/02\/FESPACO-TOUR-2019-Bannie%CC%80re-728x90-1.jpg\" alt=\"\" width=\"728\" height=\"90\"\/><\/div>\n<p><strong>L\u2019ambassadeur de France au Burkina Faso, Xavier Lapeyre De Cabanes, a visit\u00e9, les locaux des Editions Sidwaya, dans l\u2019apr\u00e8s-midi du jeudi 16 mai 2019.<\/strong><\/p>\n<p>Xavier Lapeyre De Cabanes, ambassadeur de France au Burkina Faso, \u00e9tait l\u2019invit\u00e9 de \u00abmarque\u00bb des Editions Sidwaya, le jeudi 16 mai 2019. Avant son entretien avec les journalistes, le diplomate a vi-sit\u00e9 la \u00abmaison commune\u00bb. De l\u2019imprimerie en passant par la documentation et les diff\u00e9rentes r\u00e9dactions, il a d\u00e9couvert le processus de fabrication du journal. A la fin de sa visite, il s\u2019est dit honor\u00e9 d\u2019avoir \u00e9t\u00e9 re\u00e7u dans ce journal qui constitue, pour lui, la r\u00e9f\u00e9rence en mati\u00e8re de presse au Burkina Faso.<br \/>Il s\u2019est surtout dit impressionn\u00e9 par la qualit\u00e9 et le professionnalisme des journa-listes, mais aussi du personnel technique du journal. \u00abMalgr\u00e9 ses moyens modestes, Sidwaya reste la r\u00e9f\u00e9rence historique de la presse burkinab\u00e8. Presse qui, elle-m\u00eame, est une r\u00e9f\u00e9rence de la libert\u00e9 et de la qualit\u00e9 de la presse en Afrique de l\u2019Ouest\u00bb, a-t-il d\u00e9clar\u00e9.<br \/>S\u2019exprimant sur son entretien avec les journalistes, objet de sa venue \u00e0 Sidwaya, l\u2019ambassadeur fran\u00e7ais s\u2019est dit \u00e9merveill\u00e9 par la pertinence des questions qui lui ont \u00e9t\u00e9 pos\u00e9es. \u00abLes questions \u00e9taient vraiment poignantes. Ce n\u2019\u00e9tait pas de tout repos pour moi, mais je ne regrette pas d\u2019\u00eatre venu. Au contraire, je d\u00e9plore le fait de n\u2019\u00eatre pas venu plus t\u00f4t\u00bb, a-t-il confi\u00e9. Tout en esp\u00e9rant que ses r\u00e9ponses satisferont les lecteurs, Xavier Lapeyre De Cabanes a souhait\u00e9 bon vent au journal qui constitue un moyen d\u2019informations autant pour sa structure que pour l\u2019ensemble des Burkinab\u00e8.<\/p>\n<p>Nad\u00e8ge YAMEOGO<\/p>\n<div class=\"td-a-rec td-a-rec-id-content_bottom td_uid_31_5cdf2b424c54d_rand td_block_template_1\"><img loading=\"lazy\" decoding=\"async\" class=\"alignright size-full wp-image-1724\" src=\"https:\/\/www.sidwaya.info\/wp-content\/uploads\/2018\/12\/sidwaya-pub.jpg\" alt=\"\" width=\"720\" height=\"90\"\/><\/div>\n<p>Auteur: BM. Sidwaya<br \/>\n<a href=\"https:\/\/www.sidwaya.info\/blog\/2019\/05\/17\/sidwaya-reste-la-reference-lambassadeur-francais\/\">Cliquez ici pour lire l&rsquo;article depuis sa source.<\/a><\/p>\n","protected":false},"excerpt":{"rendered":"<p>L\u2019ambassadeur de France au Burkina Faso, Xavier Lapeyre De Cabanes, a visit\u00e9, les locaux des Editions Sidwaya, dans l\u2019apr\u00e8s-midi du jeudi 16 mai 2019. Xavier Lapeyre De Cabanes, ambassadeur de France au Burkina Faso, \u00e9tait l\u2019invit\u00e9 de \u00abmarque\u00bb des Editions Sidwaya, le jeudi 16 mai 2019. Avant son entretien avec les journalistes, le diplomate a [&hellip;]<\/p>\n","protected":false},"author":1816,"featured_media":0,"comment_status":"closed","ping_status":"closed","sticky":false,"template":"","format":"standard","meta":{"fifu_image_url":"","fifu_image_alt":"","footnotes":""},"categories":[73,81],"tags":[],"class_list":["post-34968","post","type-post","status-publish","format-standard","hentry","category-actualite","category-burkina-faso"],"_links":{"self":[{"href":"https:\/\/linitiative.ca\/International\/wp-json\/wp\/v2\/posts\/34968","targetHints":{"allow":["GET"]}}],"collection":[{"href":"https:\/\/linitiative.ca\/International\/wp-json\/wp\/v2\/posts"}],"about":[{"href":"https:\/\/linitiative.ca\/International\/wp-json\/wp\/v2\/types\/post"}],"author":[{"embeddable":true,"href":"https:\/\/linitiative.ca\/International\/wp-json\/wp\/v2\/users\/1816"}],"replies":[{"embeddable":true,"href":"https:\/\/linitiative.ca\/International\/wp-json\/wp\/v2\/comments?post=34968"}],"version-history":[{"count":0,"href":"https:\/\/linitiative.ca\/International\/wp-json\/wp\/v2\/posts\/34968\/revisions"}],"wp:attachment":[{"href":"https:\/\/linitiative.ca\/International\/wp-json\/wp\/v2\/media?parent=34968"}],"wp:term":[{"taxonomy":"category","embeddable":true,"href":"https:\/\/linitiative.ca\/International\/wp-json\/wp\/v2\/categories?post=34968"},{"taxonomy":"post_tag","embeddable":true,"href":"https:\/\/linitiative.ca\/International\/wp-json\/wp\/v2\/tags?post=34968"}],"curies":[{"name":"wp","href":"https:\/\/api.w.org\/{rel}","templated":true}]}}