{"id":34970,"date":"2019-05-16T20:27:15","date_gmt":"2019-05-17T00:27:15","guid":{"rendered":"https:\/\/linitiative.ca\/International\/insecurite-nous-nallons-pas-baisser-les-bras-christophe-dabire\/"},"modified":"2019-05-16T20:27:15","modified_gmt":"2019-05-17T00:27:15","slug":"insecurite-nous-nallons-pas-baisser-les-bras-christophe-dabire","status":"publish","type":"post","link":"https:\/\/linitiative.ca\/International\/insecurite-nous-nallons-pas-baisser-les-bras-christophe-dabire\/","title":{"rendered":"Ins\u00e9curit\u00e9 \u00ab Nous n\u2019allons pas baisser les bras \u00bb,  Christophe Dabir\u00e9"},"content":{"rendered":"<div class=\"td-post-featured-image\"><a href=\"https:\/\/i2.wp.com\/www.sidwaya.info\/wp-content\/uploads\/2019\/05\/pman17.jpg?fit=787%2C525&#038;ssl=1\" data-caption=\"\"><img loading=\"lazy\" decoding=\"async\" width=\"696\" height=\"464\" class=\"entry-thumb td-modal-image\" src=\"https:\/\/i2.wp.com\/www.sidwaya.info\/wp-content\/uploads\/2019\/05\/pman17.jpg?resize=696%2C464&#038;ssl=1\" srcset=\"https:\/\/i2.wp.com\/www.sidwaya.info\/wp-content\/uploads\/2019\/05\/pman17.jpg?w=787&#038;ssl=1 787w, https:\/\/i2.wp.com\/www.sidwaya.info\/wp-content\/uploads\/2019\/05\/pman17.jpg?resize=300%2C200&#038;ssl=1 300w, https:\/\/i2.wp.com\/www.sidwaya.info\/wp-content\/uploads\/2019\/05\/pman17.jpg?resize=768%2C512&#038;ssl=1 768w, https:\/\/i2.wp.com\/www.sidwaya.info\/wp-content\/uploads\/2019\/05\/pman17.jpg?resize=696%2C464&#038;ssl=1 696w, https:\/\/i2.wp.com\/www.sidwaya.info\/wp-content\/uploads\/2019\/05\/pman17.jpg?resize=630%2C420&#038;ssl=1 630w\" sizes=\"auto, (max-width: 696px) 100vw, 696px\" alt=\"\" title=\"pman17\"\/><\/a><\/div>\n<div class=\"td-a-rec td-a-rec-id-content_top td_uid_30_5cdf2b4acc6a9_rand td_block_template_1\"><img loading=\"lazy\" decoding=\"async\" class=\"aligncenter size-full wp-image-4463\" src=\"https:\/\/www.sidwaya.info\/wp-content\/uploads\/2019\/02\/FESPACO-TOUR-2019-Bannie%CC%80re-728x90-1.jpg\" alt=\"\" width=\"728\" height=\"90\"\/><\/div>\n<p><strong>Le Premier ministre, Christophe Joseph Marie Dabir\u00e9, a prononc\u00e9, le jeudi 16 mai 2019, devant les d\u00e9put\u00e9s, son discours sur la situation de la nation. Malgr\u00e9 le contexte s\u00e9curitaire difficile, des acquis ont \u00e9t\u00e9 engrang\u00e9s par l\u2019ex\u00e9cutif en 2018.<\/strong><\/p>\n<p>Trois mois apr\u00e8s sa d\u00e9-claration de politique g\u00e9n\u00e9rale \u00e0 l\u2019h\u00e9micycle, le Premier ministre, Christophe Joseph Marie Dabir\u00e9, \u00e9tait de nouveau face aux d\u00e9put\u00e9s, le jeudi 16 mai 2019, pour sacrifier \u00e0 une tradition r\u00e9publicaine : le discours sur la situation de la nation, prescrit par l\u2019article 109 de la Constitution. Pendant plus d\u2019une heure, il a pass\u00e9 en revue tous les domaines concern\u00e9s par l\u2019action gouvernementale. La lutte contre le terrorisme, l\u2019\u00e9ducation, la sant\u00e9, l\u2019\u00e9conomie, la justice et la lutte contre le ch\u00f4mage ont constitu\u00e9 les principaux axes de son intervention. D\u2019entr\u00e9e, le chef du gouvernement a indiqu\u00e9 que la conduite des actions du gouvernement s\u2019est faite dans un contexte national particuli\u00e8rement difficile en 2018, marqu\u00e9 par la recrudescence des attaques terroristes. \u00ab Notre pays a connu de nombreuses attaques terroristes ayant occasionn\u00e9 plusieurs victimes, la s\u00e9curit\u00e9 des biens et des personnes a \u00e9t\u00e9 durement \u00e9prouv\u00e9e \u00bb, a-t-il pr\u00e9cis\u00e9. Condamnant au passage ces \u00ab actes barbares \u00bb, il a relev\u00e9 que les terro-ristes, au-del\u00e0 des attaques contre les symboles de l\u2019Etat, ont mis en \u0153uvre des strat\u00e9gies de \u00ab diviser pour mieux r\u00e9gner \u00bb, en tentant de susciter des conflits communautaires. Le Premier ministre en veut pour preuve les affrontements meurtriers \u00e0 caract\u00e8re ethnique et les attaques cibl\u00e9es contre des \u00e9difices religieux enregistr\u00e9es ces derniers mois. Mais sur cette \u00abintention malveillante tr\u00e8s compromettante\u00bb pour le vivre-ensemble, Christophe Dabir\u00e9 s\u2019est voulu rassurant : \u00abnous avons bien per\u00e7u ce projet de d\u00e9stabilisation du pays et nous n\u2019allons pas baisser les bras ni fermer les yeux devant le d\u00e9roulement d\u2019un dessein aussi funeste \u00bb. Dans le domaine de l\u2019\u00e9ducation, des mesures ont \u00e9t\u00e9 prises pour accro\u00eetre l\u2019offre dans les ordres d\u2019enseignement tout en am\u00e9liorant la qualit\u00e9. Aux nombres de ces mesures, le recrutement des personnels enseignants, la diversification des domaines avec un accent sur le d\u00e9veloppement de l\u2019enseignement technique et professionnel. Cette volont\u00e9 s\u2019est traduite par la construction de six lyc\u00e9es scientifiques, deux lyc\u00e9es techniques, cinq lyc\u00e9es professionnels et cinq Centres d\u2019enseignement et de formation technique et professionnelle (CEFTP). Tous ces r\u00e9sultats ont \u00e9t\u00e9 obtenus, a pr\u00e9cis\u00e9 le Premier ministre, dans un environnement \u00e9ducatif marqu\u00e9 par des remous sociaux et surtout par l\u2019ins\u00e9curit\u00e9 qui a occasionn\u00e9, dans les r\u00e9gions du pays les plus touch\u00e9es par les attaques terroristes, la fermeture de nombreux \u00e9tablissements scolaires et la destruction de plusieurs infrastructures \u00e9ducatives et de mat\u00e9riels p\u00e9dagogiques. La question sanitaire est au c\u0153ur de la mise en \u0153uvre du Plan national de d\u00e9veloppement \u00e9conomique et social (PNDES) et constitue avec l\u2019\u00e9ducation, les deux secteurs sociaux de base. Il ressort de l\u2019expos\u00e9 du PM que l\u2019acc\u00e8s aux services de sant\u00e9 a \u00e9t\u00e9 facilit\u00e9 gr\u00e2ce \u00e0 une politique mise en place avec la volont\u00e9 du Pr\u00e9sident du Faso, Roch Marc Christian Kabor\u00e9.<\/p>\n<p>Une hausse de 10% du PIB en 2018<\/p>\n<p>A cela s\u2019ajoute une politique rigoureuse de recrutement, de formation et de d\u00e9ploiement des personnels ayant permis d\u2019am\u00e9liorer le ratio nombre d\u2019habitants par m\u00e9decin et de tendre vers les normes de l\u2019Orga-nisation mondiale de la sant\u00e9 (OMS). Le gouvernement compte poursuivre la construction d\u2019infrastructures sanitaires et l\u2019am\u00e9lioration des offres de prestation des formations sanitaires, \u00e0 travers le rel\u00e8vement des plateaux techniques des h\u00f4pitaux. De m\u00eame que la normalisation de 270 formations sanitaires en Centres de sant\u00e9 de promotion sociale (CSPS) et la transformation d\u2019une trentaine de centres de sant\u00e9 de chefs-lieux de communes rurales en Centres m\u00e9dicaux. Poursuivant son expos\u00e9, M. Dabir\u00e9 a fait savoir que le monde des affaires a connu une am\u00e9lioration faisant passer le taux de croissance \u00e9conomique de 5,9% en 2016 \u00e0 6,6% en 2018 contre 3,9% en 2015. De son avis, le taux de progression reste, certes, faible, mais cela t\u00e9moigne de la capacit\u00e9 de r\u00e9silience du pays qui a pu maintenir un environnement macro-\u00e9conomique assez stable caract\u00e9ris\u00e9 par une ma\u00eetrise de l\u2019inflation (2% en 2018), un d\u00e9ficit budg\u00e9taire contr\u00f4l\u00e9 et un taux d\u2019endettement estim\u00e9 \u00e0 34% du Produit int\u00e9rieur brut (PIB) en 2018. Quant au taux d\u2019investissement, il a connu une hausse s\u2019\u00e9ta-blissant \u00e0 10% du PIB en 2018 contre 8% l\u2019ann\u00e9e pr\u00e9c\u00e9dente. Abordant le volet judiciaire, le coordonnateur de l\u2019action gouvernementale s\u2019est f\u00e9licit\u00e9 de la tenue du proc\u00e8s du putsch manqu\u00e9 du 16 septembre 2015 toujours en cours au tribunal militaire de Ouagadougou. Au-del\u00e0 du proc\u00e8s, le gouvernement, a-t-il dit, a consolid\u00e9 la performance de la justice tant du point de vue des capacit\u00e9s technique et op\u00e9rationnelle que de son accessibilit\u00e9. La cr\u00e9ation du fonds d\u2019assistance judiciaire et la mise en place des p\u00f4les judiciaires sp\u00e9cialis\u00e9s ont \u00e9t\u00e9 cit\u00e9es comme acquis dans ce secteur. Sur le drame de Yirgou, le chef de gouvernement a appel\u00e9 les acteurs charg\u00e9s du dossier \u00e0 faire diligence, r\u00e9affirmant la disponibilit\u00e9 de l\u2019ex\u00e9cutif \u00e0 mettre \u00e0 leur disposition des appuis logistiques et financiers n\u00e9cessaires pour la manifestation de la v\u00e9rit\u00e9. S\u2019agissant de la lutte contre le ch\u00f4mage, foi de M. Dabir\u00e9, le gouvernement a mis\u00e9 sur la promotion de l\u2019auto-emploi \u00e0 travers le financement des projets d\u2019entreprises de jeunes et des femmes.<br \/>Le pr\u00e9sident de l\u2019Assembl\u00e9e nationale, Alassane Bala Sakand\u00e9, a dirig\u00e9 les travaux de la pl\u00e9ni\u00e8re qui a connu la pr\u00e9sence des membres du gouvernement et des chefs de missions diplomatiques.<\/p>\n<p>Beyon Romain NEBIE<br \/>nbeyonromain@yahoo.fr<\/p>\n<p>\u2026\u2026\u2026\u2026\u2026\u2026\u2026\u2026\u2026\u2026\u2026\u2026\u2026\u2026\u2026\u2026\u2026\u2026\u2026\u2026\u2026\u2026\u2026\u2026\u2026\u2026\u2026\u2026\u2026\u2026\u2026\u2026\u2026\u2026\u2026\u2026\u2026\u2026\u2026\u2026\u2026.<\/p>\n<p>R\u00e9actions de pr\u00e9sidents de groupes parlementaires<\/p>\n<p><strong>Apr\u00e8s le discours du Premier ministre, des pr\u00e9sidents de groupes parlementaires de la majorit\u00e9 et de l\u2019opposition se sont prononc\u00e9s sur son adresse.<\/strong><\/p>\n<p>Daouda Simboro, Renouveau d\u00e9mocratique (RD) : \u00abUn discours pr\u00e9cis et concis \u00bb<br \/>\u00abLors de la D\u00e9claration de politique g\u00e9n\u00e9rale du Premier ministre, il \u00e9tait question de relever le d\u00e9fi de la s\u00e9curit\u00e9. Aujourd\u2019hui, \u00e0 l\u2019heure du discours sur l\u2019\u00e9tat de la nation, nous constatons effectivement une sorte de pragmatisme dans ce qui \u00e9tait dit \u00e0 sa prise de fonction. Nous attendons de voir la suite des op\u00e9rations, qui doivent nous permettre de triompher du terrorisme. Sur la restauration de la coh\u00e9sion sociale, nous avons constat\u00e9 avec satisfecit les efforts du gouvernement pour un bon vivre-ensemble des populations. Sur le plan de la gouvernance, des r\u00e9formes judiciaires, financi\u00e8res, la lutte contre la corruption sont entre autres actions prises en compte. Nous avons eu un discours pr\u00e9cis et concis, clair et limpide sur l\u2019exercice du pouvoir d\u2019Etat et des avanc\u00e9es engrang\u00e9es. D\u2019un point de vue g\u00e9n\u00e9ral, l\u2019action du gouvernement est en bonne perspective. Le groupe parlementaire RD est satisfait de la situation d\u00e9peinte et nous avons f\u00e9licit\u00e9 le chef du gouvernement \u00e0 propos \u00bb<\/p>\n<p>Alphonse Nombr\u00e9, Congr\u00e8s pour la D\u00e9mocratie et le progr\u00e8s (CDP): \u00abNous lui accordons le b\u00e9n\u00e9fice du doute \u00bb<br \/>\u00ab Pour cette fois-ci, nous sommes satisfaits. Le Premier ministre s\u2019est fait comprendre clairement. Il a fait un effort de synth\u00e8se tout en embrassant tous les secteurs de la vie nationale. Dans la forme, il n\u2019 y a rien \u00e0 signaler. Dans le fond, il y a juste quelques insuffisances que nous avons soulev\u00e9es. Il s\u2019agit des questions en rapport avec la r\u00e9conciliation nationale, la s\u00e9curit\u00e9 et l\u2019autorit\u00e9 de l\u2019Etat. On a bon espoir que cette photographie augure de lendemains meilleurs. Sinon de par le pass\u00e9, on nous promettait que les d\u00e9lestages seraient bient\u00f4t un lointain souvenir mais jusque-l\u00e0, nous vivons les m\u00eames r\u00e9alit\u00e9s. Donc nous accordons le b\u00e9n\u00e9fice du doute au Premier ministre, afin qu\u2019il puisse travailler sereinement \u00bb<br \/>Nicolas Dah, Union pour le progr\u00e8s et le changement (UPC) :<br \/>\u00ab rien ne refl\u00e8te la r\u00e9alit\u00e9 \u00bb<br \/>\u00ab C\u2019est un rituel qui a son fondement juridique dans notre Constitution. Mais ce qui est d\u00e9clin\u00e9 dans le discours n\u2019est pas ce qui se constate sur le terrain. Sur le plan s\u00e9curitaire, les dispositions prises par le gouvernement ne sont pas conformes \u00e0 ce qui est relat\u00e9 dans le document lu devant les d\u00e9put\u00e9s. Donc, rien dans cette adresse ne refl\u00e8te la r\u00e9alit\u00e9. Les r\u00e9alisations que le gouvernement a pu faire auraient pu \u00eatre cartographi\u00e9es, afin de permettre aux populations de v\u00e9rifier leur effectivit\u00e9. Pour notre part, il s\u2019agit juste d\u2019un rituel qu\u2019impose la Constitution et devant lequel chaque gouvernement essaie de se conformer. Sinon, les chiffres avanc\u00e9s sur le plan \u00e9conomique, soit 6%, 10%, de part et d\u2019autre ne sont pas palpables. Du coup, il y a un d\u00e9phasage entre le discours politique et la r\u00e9alit\u00e9 sur le terrain\u00bb<br \/>Alexandre Tapsoba, Mouvement du peuple pour le progr\u00e8s (MPP): \u00abM\u00eame l\u2019opposition a f\u00e9licit\u00e9 le gouvernement\u00bb<br \/>\u00ab Nous avons une appr\u00e9ciation po-sitive de l\u2019expos\u00e9 du Premier mi-nistre, en ce sens qu\u2019il a \u00e9t\u00e9 synth\u00e9tique et coh\u00e9rent sur les aspects de la vie nationale. Malgr\u00e9 un contexte marqu\u00e9 par une ins\u00e9curit\u00e9 g\u00e9n\u00e9ra-lis\u00e9e, il a \u00e9t\u00e9 explicite dans les actions men\u00e9es en faveur de la s\u00e9curit\u00e9 et de la fronde sociale. Aussi, le chef du gouvernement a \u00e9t\u00e9 clair sur les r\u00e9alisations faites et celles qui ne l\u2019ont pas \u00e9t\u00e9 du fait de difficult\u00e9s li\u00e9es au terrorisme. Donc, dans l\u2019ensemble c\u2019est un discours franc et sinc\u00e8re, qui a \u00e9t\u00e9 expos\u00e9 \u00e0 la Repr\u00e9sentation nationale. Vous avez constat\u00e9 que m\u00eame l\u2019opposition a f\u00e9licit\u00e9 le chef du gouvernement, du fait de la qua-lit\u00e9 du travail fait et sa franchise dans le discours\u00bb<\/p>\n<p>Propos recueillis par Wanl\u00e9 G\u00e9rard COULIBALY<\/p>\n<div class=\"td-a-rec td-a-rec-id-content_bottom td_uid_31_5cdf2b4acc83d_rand td_block_template_1\"><img loading=\"lazy\" decoding=\"async\" class=\"alignright size-full wp-image-1724\" src=\"https:\/\/www.sidwaya.info\/wp-content\/uploads\/2018\/12\/sidwaya-pub.jpg\" alt=\"\" width=\"720\" height=\"90\"\/><\/div>\n<p>Auteur: BM. Sidwaya<br \/>\n<a href=\"https:\/\/www.sidwaya.info\/blog\/2019\/05\/17\/insecurite-nous-nallons-pas-baisser-les-bras-christophe-dabire\/\">Cliquez ici pour lire l&rsquo;article depuis sa source.<\/a><\/p>\n","protected":false},"excerpt":{"rendered":"<p>Le Premier ministre, Christophe Joseph Marie Dabir\u00e9, a prononc\u00e9, le jeudi 16 mai 2019, devant les d\u00e9put\u00e9s, son discours sur la situation de la nation. Malgr\u00e9 le contexte s\u00e9curitaire difficile, des acquis ont \u00e9t\u00e9 engrang\u00e9s par l\u2019ex\u00e9cutif en 2018. Trois mois apr\u00e8s sa d\u00e9-claration de politique g\u00e9n\u00e9rale \u00e0 l\u2019h\u00e9micycle, le Premier ministre, Christophe Joseph Marie [&hellip;]<\/p>\n","protected":false},"author":1816,"featured_media":0,"comment_status":"closed","ping_status":"closed","sticky":false,"template":"","format":"standard","meta":{"fifu_image_url":"","fifu_image_alt":"","footnotes":""},"categories":[73,81],"tags":[],"class_list":["post-34970","post","type-post","status-publish","format-standard","hentry","category-actualite","category-burkina-faso"],"_links":{"self":[{"href":"https:\/\/linitiative.ca\/International\/wp-json\/wp\/v2\/posts\/34970","targetHints":{"allow":["GET"]}}],"collection":[{"href":"https:\/\/linitiative.ca\/International\/wp-json\/wp\/v2\/posts"}],"about":[{"href":"https:\/\/linitiative.ca\/International\/wp-json\/wp\/v2\/types\/post"}],"author":[{"embeddable":true,"href":"https:\/\/linitiative.ca\/International\/wp-json\/wp\/v2\/users\/1816"}],"replies":[{"embeddable":true,"href":"https:\/\/linitiative.ca\/International\/wp-json\/wp\/v2\/comments?post=34970"}],"version-history":[{"count":0,"href":"https:\/\/linitiative.ca\/International\/wp-json\/wp\/v2\/posts\/34970\/revisions"}],"wp:attachment":[{"href":"https:\/\/linitiative.ca\/International\/wp-json\/wp\/v2\/media?parent=34970"}],"wp:term":[{"taxonomy":"category","embeddable":true,"href":"https:\/\/linitiative.ca\/International\/wp-json\/wp\/v2\/categories?post=34970"},{"taxonomy":"post_tag","embeddable":true,"href":"https:\/\/linitiative.ca\/International\/wp-json\/wp\/v2\/tags?post=34970"}],"curies":[{"name":"wp","href":"https:\/\/api.w.org\/{rel}","templated":true}]}}