{"id":34980,"date":"2019-05-17T14:50:01","date_gmt":"2019-05-17T18:50:01","guid":{"rendered":"https:\/\/linitiative.ca\/International\/tueries-deplaces-colere-une-journee-de-violence-ordinaire-dans-lest-de-la-rdc\/"},"modified":"2019-05-17T14:50:01","modified_gmt":"2019-05-17T18:50:01","slug":"tueries-deplaces-colere-une-journee-de-violence-ordinaire-dans-lest-de-la-rdc","status":"publish","type":"post","link":"https:\/\/linitiative.ca\/International\/tueries-deplaces-colere-une-journee-de-violence-ordinaire-dans-lest-de-la-rdc\/","title":{"rendered":"Tueries, d\u00e9plac\u00e9s, col\u00e8re: une journ\u00e9e de violence ordinaire dans l\u2019est de la RDC"},"content":{"rendered":"<div readability=\"32\">\n<p>Publi\u00e9 le 17.05.2019 \u00e0 19h50 par AFP<\/p>\n<\/div>\n<div readability=\"139\">\n<p>Massacre de civils, d\u00e9plac\u00e9s fuyant des combats par milliers, habitants en col\u00e8re apr\u00e8s la mort d\u2019un enfant de 12 ans tu\u00e9 par balles: l\u2019est de la R\u00e9publique d\u00e9mocratique du Congo a v\u00e9cu vendredi une journ\u00e9e de violence ordinaire, encore fr\u00e9quente malgr\u00e9 les changements politiques en cours \u00e0 Kinshasa.<\/p>\n<p>De l\u2019Ituri (nord) au Sud-Kivu, l\u2019est de la RDC reste \u00ab\u00a0min\u00e9 par l\u2019ins\u00e9curit\u00e9\u00a0\u00bb comme l\u2019a constat\u00e9 cette semaine le nouvel \u00e9missaire des Nations unies pour la r\u00e9gion des Grands lacs, Huang Xia.<\/p>\n<p>Les groupes arm\u00e9s continuent d\u2019op\u00e9rer \u00ab\u00a0faute d\u2019une pr\u00e9sence et d\u2019une capacit\u00e9 dissuasive de l\u2019Etat congolais\u00a0\u00bb, a diagnostiqu\u00e9 le diplomate chinois dans un entretien avec Radio France internationale (RFI).<\/p>\n<p>Ces conflits de basse intensit\u00e9 perdurent alors que la Mission des Nations unies au Congo (Monusco) cherche une strat\u00e9gie de sortie apr\u00e8s 20 ans de pr\u00e9sence.<\/p>\n<p>Les questions de \u00ab\u00a0s\u00e9curit\u00e9\u00a0\u00bb seront l\u2019une des trois priorit\u00e9s du d\u00e9placement lundi \u00e0 Kinshasa du ministre fran\u00e7ais des Affaires \u00e9trang\u00e8res, Jean-Yves Le Drian, dont le pays a pris l\u2019initiative de r\u00e9solutions sur la RDC au Conseil de s\u00e9curit\u00e9.<\/p>\n<p>En Ituri, 19 corps ont \u00e9t\u00e9 ramass\u00e9s apr\u00e8s l\u2019attaque de quatre localit\u00e9s dans une zone isol\u00e9e au bord du lac Albert en face de l\u2019Ouganda, a indiqu\u00e9 vendredi soir la Monusco \u00e0 l\u2019AFP.<\/p>\n<p>\u2013 Massacre \u2013<\/p>\n<p>Les assaillants sont inconnus. \u00ab\u00a0La soci\u00e9t\u00e9 civile parle d\u2019un massacre contre des populations lacustres et exige des enqu\u00eates\u00a0\u00bb, a rapport\u00e9 la radio onusienne Okapi.<\/p>\n<p>Dans la province voisine du Nord-Kivu, au moins cinq civils et un militaire ont \u00e9t\u00e9 tu\u00e9s dans le territoire de Beni sur une route en direction de l\u2019Ouganda, ont indiqu\u00e9 des sources civiles et militaires \u00e0 un correspondant de l\u2019AFP.<\/p>\n<p>Comme d\u2019habitude, l\u2019attaque non revendiqu\u00e9e est attribu\u00e9e par les autorit\u00e9s aux redoutables et myst\u00e9rieuses milices des Forces d\u00e9mocratiques alli\u00e9es (ADF).<\/p>\n<p>Historiquement des rebelles musulmans ougandais, les ADF sont tenus responsables du massacre de centaines voire de plus demille civils depuis octobre 2014 et de la mort de quinze Casques bleus en d\u00e9cembre 2017.<\/p>\n<p>L\u2019organe de propagande du groupe Etat islamique a pour la premi\u00e8re fois en avril revendiqu\u00e9 une attaque attribu\u00e9e aux ADF. Il s\u2019agirait d\u2019une premi\u00e8re dans l\u2019est de la RDC majoritairement chr\u00e9tien, bien plus herm\u00e9tique apparemment au terrorisme jihadiste que la bande sah\u00e9lo-saharienne du Tchad au Burkina Faso.<\/p>\n<p>En marge de ces conflits de basse intensit\u00e9, la r\u00e9gion de Beni-Butembo est en proie \u00e0 une \u00e9pid\u00e9mie d\u2019Ebola qui a tu\u00e9 1.161 personnes.<\/p>\n<p>\u2013 Ins\u00e9curit\u00e9 \u2013<\/p>\n<p>L\u2019ins\u00e9curit\u00e9 complique le travail des \u00e9quipes m\u00e9dicales sur le terrain (m\u00e9decin de l\u2019OMS tu\u00e9, attaque contre des Centres de traitement d\u2019Ebola\u2026). M\u00eame les enterrements \u00ab\u00a0dignes et s\u00e9curis\u00e9s\u00a0\u00bb men\u00e9s par la Croix-Rouge pour \u00e9viter la propagation du virus se font sous escorte polici\u00e8re, selon un photographe de l\u2019AFP.<\/p>\n<p>Toujours dans le Nord-Kivu, un \u00e9colier de 12 ans a \u00e9t\u00e9 tu\u00e9 jeudi par un policier dans la r\u00e9pression d\u2019une manifestation des habitants contre les enl\u00e8vements de civils \u00e0 Kiwanja \u00e0 70 km de Goma.<\/p>\n<p>Le policier a \u00e9t\u00e9 arr\u00eat\u00e9 et va \u00eatre poursuivi, a promis la police.<\/p>\n<p>Les rapts repr\u00e9sentent une facette de l\u2019ins\u00e9curit\u00e9 qui menace les civils dans le Nord-Kivu. Le mouvement citoyen Lutte pour le changement (Lucha) demande d\u2019ailleurs \u00e0 l\u2019op\u00e9rateur de t\u00e9l\u00e9phonie mobile Airtel d\u2019aider les autorit\u00e9s \u00e0 g\u00e9olocaliser les ravisseurs qui utilisent son r\u00e9seau.<\/p>\n<p>Dans le Sud-Kivu enfin, de l\u2019autre c\u00f4t\u00e9 du lac \u00e9ponyme face au Burundi, des milliers de civils ont fui des combats entre l\u2019arm\u00e9e r\u00e9guli\u00e8re \u2013 \u00e9paul\u00e9e par la force des Nations unies \u2013 et des rebelles.<\/p>\n<p>Le territoire de Fizi est le fief d\u2019un ex-officier de l\u2019arm\u00e9e congolaise, William Amuri Yakutumba, qui avait d\u00e9sert\u00e9 l\u2019arm\u00e9e r\u00e9guli\u00e8re pour d\u00e9fier l\u2019ancien pr\u00e9sident Joseph Kabila.<\/p>\n<p>\u00ab\u00a0Il y a des conflits tribaux. Chaque tribu \u00e0 son groupe arm\u00e9\u00a0\u00bb, d\u00e9clare un \u00e9lu local, Charles Sadiki qui pointe aussi la pr\u00e9sence de \u00ab\u00a0groupes arm\u00e9s \u00e9trangers\u00a0\u00bb venus du Burundi.<\/p>\n<p>Lors de sa campagne, le nouveau pr\u00e9sident de la RDC, F\u00e9lix Tshisekedi, avait promis d\u2019installer l\u2019\u00e9tat-major de l\u2019arm\u00e9e dans l\u2019est du pays pour lutter contre l\u2019ins\u00e9curit\u00e9. Promesse non tenue.<\/p>\n<p>Lors d\u2019un d\u00e9placement en avril dans l\u2019Est, il a promis la \u00ab\u00a0tol\u00e9rance z\u00e9ro\u00a0\u00bb envers les politiciens qui instrumentalisent les groupes arm\u00e9s.<\/p>\n<\/div>\n<p>Auteur: AFP<br \/>\n<a href=\"https:\/\/www.journalducameroun.com\/fr\/tueries-deplaces-colere-une-journee-de-violence-ordinaire-dans-lest-de-la-rdc\/\">Cliquez ici pour lire l&rsquo;article depuis sa source.<\/a><\/p>\n","protected":false},"excerpt":{"rendered":"<p>Publi\u00e9 le 17.05.2019 \u00e0 19h50 par AFP Massacre de civils, d\u00e9plac\u00e9s fuyant des combats par milliers, habitants en col\u00e8re apr\u00e8s la mort d\u2019un enfant de 12 ans tu\u00e9 par balles: l\u2019est de la R\u00e9publique d\u00e9mocratique du Congo a v\u00e9cu vendredi une journ\u00e9e de violence ordinaire, encore fr\u00e9quente malgr\u00e9 les changements politiques en cours \u00e0 Kinshasa. [&hellip;]<\/p>\n","protected":false},"author":1965,"featured_media":0,"comment_status":"closed","ping_status":"closed","sticky":false,"template":"","format":"standard","meta":{"fifu_image_url":"","fifu_image_alt":"","footnotes":""},"categories":[73,82],"tags":[],"class_list":["post-34980","post","type-post","status-publish","format-standard","hentry","category-actualite","category-cameroun"],"_links":{"self":[{"href":"https:\/\/linitiative.ca\/International\/wp-json\/wp\/v2\/posts\/34980","targetHints":{"allow":["GET"]}}],"collection":[{"href":"https:\/\/linitiative.ca\/International\/wp-json\/wp\/v2\/posts"}],"about":[{"href":"https:\/\/linitiative.ca\/International\/wp-json\/wp\/v2\/types\/post"}],"author":[{"embeddable":true,"href":"https:\/\/linitiative.ca\/International\/wp-json\/wp\/v2\/users\/1965"}],"replies":[{"embeddable":true,"href":"https:\/\/linitiative.ca\/International\/wp-json\/wp\/v2\/comments?post=34980"}],"version-history":[{"count":0,"href":"https:\/\/linitiative.ca\/International\/wp-json\/wp\/v2\/posts\/34980\/revisions"}],"wp:attachment":[{"href":"https:\/\/linitiative.ca\/International\/wp-json\/wp\/v2\/media?parent=34980"}],"wp:term":[{"taxonomy":"category","embeddable":true,"href":"https:\/\/linitiative.ca\/International\/wp-json\/wp\/v2\/categories?post=34980"},{"taxonomy":"post_tag","embeddable":true,"href":"https:\/\/linitiative.ca\/International\/wp-json\/wp\/v2\/tags?post=34980"}],"curies":[{"name":"wp","href":"https:\/\/api.w.org\/{rel}","templated":true}]}}