{"id":34981,"date":"2019-05-17T15:50:01","date_gmt":"2019-05-17T19:50:01","guid":{"rendered":"https:\/\/linitiative.ca\/International\/les-etats-unis-acceptent-de-lever-les-tarifs-douaniers-sur-lacier-et-laluminium-avec-le-canada-et-le-mexique\/"},"modified":"2019-05-17T15:50:01","modified_gmt":"2019-05-17T19:50:01","slug":"les-etats-unis-acceptent-de-lever-les-tarifs-douaniers-sur-lacier-et-laluminium-avec-le-canada-et-le-mexique","status":"publish","type":"post","link":"https:\/\/linitiative.ca\/International\/les-etats-unis-acceptent-de-lever-les-tarifs-douaniers-sur-lacier-et-laluminium-avec-le-canada-et-le-mexique\/","title":{"rendered":"Les Etats-Unis acceptent de lever les tarifs douaniers sur l\u2019acier et l\u2019aluminium avec le Canada et le Mexique"},"content":{"rendered":"<div readability=\"32\">\n<p>Publi\u00e9 le 17.05.2019 \u00e0 20h50 par AFP<\/p>\n<\/div>\n<div readability=\"81\">\n<p>Donald Trump a annonc\u00e9 vendredi la suppression des tarifs douaniers sur l\u2019acier et l\u2019aluminium en provenance du Canada et du Mexique, levant ainsi un important obstacle \u00e0 la ratification de l\u2019accord de libre-\u00e9change entre les trois pays.<\/p>\n<p>\u00ab\u00a0Nous venons juste de trouver un accord avec le Canada et le Mexique et nous vendrons nos produits dans ces pays sans imposer de tarifs ou de tarifs majeurs\u00a0\u00bb, a annonc\u00e9 le pr\u00e9sident am\u00e9ricain.<\/p>\n<p>Peu de temps auparavant, un communiqu\u00e9 commun des Etats-Unis et du Canada annon\u00e7ait un accord pour lever les droits de douane impos\u00e9s par Washington depuis pr\u00e8s d\u2019un an.<\/p>\n<p>Dans sa volont\u00e9 de favoriser \u00ab\u00a0L\u2019Am\u00e9rique d\u2019abord\u00a0\u00bb, Donald Trump avait impos\u00e9 \u00e0 ses partenaires commerciaux, \u00e0 l\u2019\u00e9t\u00e9 2017, la ren\u00e9gociation de l\u2019accord de libre-\u00e9change nord-am\u00e9ricain (Al\u00e9na) en vigueur depuis 1994, l\u2019accusant d\u2019avoir d\u00e9truit des milliers d\u2019emplois industriels surtout dans le secteur automobile en raison des d\u00e9localisations vers le Mexique.<\/p>\n<p>Pour forcer la main \u00e0 ses partenaires, la Maison Blanche avait impos\u00e9 le 1er juin 2018 des droits de douane suppl\u00e9mentaires sur l\u2019acier et l\u2019aluminium.<\/p>\n<p>Washington, Ottawa et Mexico avaient finalement conclu un nouvel accord de libre-\u00e9change (AEUMC) le 30 septembre au bout d\u2019un marathon de treize mois de difficiles n\u00e9gociations commerciales.<\/p>\n<p>Puis les trois pays l\u2019avaient formellement sign\u00e9 le 30 novembre.<\/p>\n<p>Depuis, le texte est toujours en attente de ratification dans les trois pays, Ottawa ayant fait de la lev\u00e9e des tarifs douaniers am\u00e9ricains une condition sine qua non pour leur accorder son feu vert.<\/p>\n<p>L\u2019accord entre Washington et Ottawa pour lever les droits de douane sur l\u2019acier et l\u2019aluminium canadiens repr\u00e9sente un \u00ab\u00a0grand pas\u00a0\u00bb vers la ratification \u00ab\u00a0dans les prochaines semaines\u00a0\u00bb du nouvel accord s\u2019est f\u00e9licit\u00e9 vendredi Justin Trudeau, au cours d\u2019une conf\u00e9rence de presse \u00e0 Hamilton, dans l\u2019Ontario.<\/p>\n<p>Le nouvel accord pr\u00e9voit notamment pour le secteur automobile un changement important des r\u00e8gles dites d\u2019origine, imposant plus d\u2019achats de mat\u00e9riaux et composants de fabrication am\u00e9ricaine. Il inclut en outre une clause for\u00e7ant le Mexique \u00e0 augmenter les salari\u00e9s du secteur.<\/p>\n<\/div>\n<p>Auteur: AFP<br \/>\n<a href=\"https:\/\/www.journalducameroun.com\/fr\/les-etats-unis-acceptent-de-lever-les-tarifs-douaniers-sur-lacier-et-laluminium-avec-le-canada-et-le-mexique\/\">Cliquez ici pour lire l&rsquo;article depuis sa source.<\/a><\/p>\n","protected":false},"excerpt":{"rendered":"<p>Publi\u00e9 le 17.05.2019 \u00e0 20h50 par AFP Donald Trump a annonc\u00e9 vendredi la suppression des tarifs douaniers sur l\u2019acier et l\u2019aluminium en provenance du Canada et du Mexique, levant ainsi un important obstacle \u00e0 la ratification de l\u2019accord de libre-\u00e9change entre les trois pays. \u00ab\u00a0Nous venons juste de trouver un accord avec le Canada et [&hellip;]<\/p>\n","protected":false},"author":1965,"featured_media":0,"comment_status":"closed","ping_status":"closed","sticky":false,"template":"","format":"standard","meta":{"fifu_image_url":"","fifu_image_alt":"","footnotes":""},"categories":[73,82],"tags":[],"class_list":["post-34981","post","type-post","status-publish","format-standard","hentry","category-actualite","category-cameroun"],"_links":{"self":[{"href":"https:\/\/linitiative.ca\/International\/wp-json\/wp\/v2\/posts\/34981","targetHints":{"allow":["GET"]}}],"collection":[{"href":"https:\/\/linitiative.ca\/International\/wp-json\/wp\/v2\/posts"}],"about":[{"href":"https:\/\/linitiative.ca\/International\/wp-json\/wp\/v2\/types\/post"}],"author":[{"embeddable":true,"href":"https:\/\/linitiative.ca\/International\/wp-json\/wp\/v2\/users\/1965"}],"replies":[{"embeddable":true,"href":"https:\/\/linitiative.ca\/International\/wp-json\/wp\/v2\/comments?post=34981"}],"version-history":[{"count":0,"href":"https:\/\/linitiative.ca\/International\/wp-json\/wp\/v2\/posts\/34981\/revisions"}],"wp:attachment":[{"href":"https:\/\/linitiative.ca\/International\/wp-json\/wp\/v2\/media?parent=34981"}],"wp:term":[{"taxonomy":"category","embeddable":true,"href":"https:\/\/linitiative.ca\/International\/wp-json\/wp\/v2\/categories?post=34981"},{"taxonomy":"post_tag","embeddable":true,"href":"https:\/\/linitiative.ca\/International\/wp-json\/wp\/v2\/tags?post=34981"}],"curies":[{"name":"wp","href":"https:\/\/api.w.org\/{rel}","templated":true}]}}