{"id":34983,"date":"2019-05-17T16:50:01","date_gmt":"2019-05-17T20:50:01","guid":{"rendered":"https:\/\/linitiative.ca\/International\/trump-leve-les-tarifs-sur-lacier-et-laluminium-avec-le-canada-et-le-mexique\/"},"modified":"2019-05-17T16:50:01","modified_gmt":"2019-05-17T20:50:01","slug":"trump-leve-les-tarifs-sur-lacier-et-laluminium-avec-le-canada-et-le-mexique","status":"publish","type":"post","link":"https:\/\/linitiative.ca\/International\/trump-leve-les-tarifs-sur-lacier-et-laluminium-avec-le-canada-et-le-mexique\/","title":{"rendered":"Trump l\u00e8ve les tarifs sur l\u2019acier et l\u2019aluminium avec le Canada et le Mexique"},"content":{"rendered":"<div readability=\"32\">\n<p>Publi\u00e9 le 17.05.2019 \u00e0 21h50 par AFP<\/p>\n<\/div>\n<div readability=\"141\">\n<p>Donald Trump a annonc\u00e9 vendredi la suppression des tarifs douaniers sur l\u2019acier et l\u2019aluminium en provenance du Canada et du Mexique, ouvrant la voie \u00e0 la ratification du nouvel accord de libre-\u00e9change qui lie ces trois pays.<\/p>\n<p>\u00ab\u00a0Nous venons juste de trouver un accord avec le Canada et le Mexique\u00a0\u00bb, a annonc\u00e9 M. Trump, soulignant que les produits am\u00e9ricains ne seraient plus frapp\u00e9s de droits de douane ou seulement de faibles tarifs douaniers. Une annonce qui met fin \u00e0 des mois de conflit commercial.<\/p>\n<p>Donald Trump avait impos\u00e9 en juin une taxe de 25% sur les importations d\u2019acier et de 10% sur celles d\u2019aluminium en provenance du Canada. Le Canada avait r\u00e9pliqu\u00e9 en taxant 16,6 milliards de dollars canadiens (11 milliards d\u2019euros) de produits am\u00e9ricains sur fond de ren\u00e9gociations de l\u2019Accord de libre-\u00e9change nord-am\u00e9ricain initi\u00e9es par Washington.<\/p>\n<p>Dans un communiqu\u00e9 commun, le Canada et les Etats-Unis se sont engag\u00e9s \u00e0 \u00e9liminer, d\u2019ici deux jours, les droits de douane impos\u00e9s sur l\u2019acier et l\u2019aluminium canadiens d\u2019une part, et les tarifs de repr\u00e9sailles impos\u00e9s par le Canada de l\u2019autre.<\/p>\n<p>Ils mettront \u00e9galement fin \u00ab\u00a0\u00e0 toutes les proc\u00e9dures qui les opposent en instance \u00e0 l\u2019Organisation mondiale du commerce\u00a0\u00bb, le Canada, premier fournisseur \u00e9tranger d\u2019acier et d\u2019aluminium des Etats-Unis, ayant port\u00e9 plainte aupr\u00e8s de cette organisation en juin 2018.<\/p>\n<p>Enfin, des mesures communes seront prises pour emp\u00eacher \u00ab\u00a0l\u2019importation d\u2019acier et d\u2019aluminium subventionn\u00e9s de mani\u00e8re d\u00e9loyale et\/ou vendus \u00e0 des prix de dumping\u00a0\u00bb et \u00ab\u00a0le transbordement d\u2019acier et d\u2019aluminium fabriqu\u00e9s ailleurs qu\u2019au Canada ou aux \u00c9tats\u2011Unis vers l\u2019autre pays\u00a0\u00bb.<\/p>\n<p>Ces mesures visent essentiellement la Chine, a estim\u00e9 la banque canadienne CIBC dans un communiqu\u00e9.<\/p>\n<p>\u00ab\u00a0Si les importations de certains produits en acier et en aluminium augmentaient de fa\u00e7on subite, les Etats-Unis pourront \u00e0 nouveau imposer les droits de douane. Les repr\u00e9sailles du Canada et du Mexique seraient alors limit\u00e9es aux produits en acier et en aluminium\u00a0\u00bb, ont pr\u00e9cis\u00e9 de leur c\u00f4t\u00e9 les services du repr\u00e9sentant au commerce.<\/p>\n<p>Les Etats-Unis avaient impos\u00e9 ces droits de douane au nom de leur \u00ab\u00a0s\u00e9curit\u00e9 nationale\u00a0\u00bb, provoquant l\u2019ire du Canada qui y avait plut\u00f4t vu un moyen de pression suppl\u00e9mentaire de l\u2019administration Trump pour conclure un nouvel accord de libre-\u00e9change nord-am\u00e9ricain.<\/p>\n<p>\u00ab\u00a0Nous accueillons avec grand enthousiasme la d\u00e9cision du pr\u00e9sident am\u00e9ricain d\u2019\u00e9liminer les droits de douane impos\u00e9s au Mexique et au Canada sur l\u2019acier et l\u2019aluminium\u00a0\u00bb a tweet\u00e9 Jesus Seade, n\u00e9gociateur en chef du Mexique. \u00ab\u00a0Cette annonce ouvre la voie \u00e0 la ratification\u00a0\u00bb de l\u2019accord trilat\u00e9ral de libre-\u00e9change, a-t-il soulign\u00e9.<\/p>\n<p>\u2013 \u00ab\u00a0Un grand pas en avant\u00a0\u00bb \u2013<\/p>\n<p>Dans sa volont\u00e9 de favoriser \u00ab\u00a0L\u2019Am\u00e9rique d\u2019abord\u00a0\u00bb, Donald Trump avait impos\u00e9 \u00e0 ses partenaires commerciaux, \u00e0 l\u2019\u00e9t\u00e9 2017, la ren\u00e9gociation de l\u2019accord de libre-\u00e9change nord-am\u00e9ricain (Al\u00e9na) en vigueur depuis 1994, l\u2019accusant d\u2019avoir d\u00e9truit des milliers d\u2019emplois industriels surtout dans le secteur automobile en raison des d\u00e9localisations vers le Mexique.<\/p>\n<p>Le nouvel accord de libre-\u00e9change liant Etats-Unis, Canada et Mexique (AEUMC) a \u00e9t\u00e9 conclu le 30 septembre au bout d\u2019un marathon de treize mois de n\u00e9gociations commerciales, puis sign\u00e9 le 30 novembre.<\/p>\n<p>Mais le texte est toujours en attente de ratification dans les trois pays, Ottawa ayant fait de la lev\u00e9e des tarifs douaniers am\u00e9ricains une condition sine qua non pour le ratifier.<\/p>\n<p>Cette annonce repr\u00e9sente donc une avanc\u00e9e majeure vers la ratification du nouvel accord de libre-\u00e9change nord-am\u00e9ricain AEUMC, s\u2019est f\u00e9licit\u00e9 vendredi Justin Trudeau.<\/p>\n<p>\u00ab\u00a0Ces tarifs sur l\u2019acier et l\u2019aluminium \u00e9taient la plus grande barri\u00e8re \u00e0 la ratification pour nous et pour les Etats-Unis du nouvel accord de l\u2019Al\u00e9na\u00a0\u00bb, a d\u00e9clar\u00e9 le Premier ministre canadien. \u00ab\u00a0C\u2019est certain qu\u2019on vient de faire un grand pas en avant\u00a0\u00bb vers cette ratification, qui pourrait intervenir \u00ab\u00a0dans les prochaines semaines\u00a0\u00bb selon lui.<\/p>\n<p>M. Trudeau a soulign\u00e9 que les n\u00e9gociateurs canadiens avaient r\u00e9sist\u00e9 aux pressions des Am\u00e9ricains qui selon lui voulaient mettre en place des quotas d\u2019exportation.<\/p>\n<p>\u00ab\u00a0Les Am\u00e9ricains voulaient qu\u2019on fasse des concessions. Ils demandaient des quotas, ils voulaient mettre des limites sur notre industrie et on a dit non\u00a0\u00bb, a assur\u00e9 le dirigeant lib\u00e9ral, qui s\u2019exprimait lors d\u2019une visite dans une aci\u00e9rie \u00e0 Hamilton (Ontario).<\/p>\n<p>\u00ab\u00a0A compter de la semaine prochaine, le Canada et le Mexique seront les deux seuls pays au monde \u00e0 avoir un acc\u00e8s complet et sans restriction au march\u00e9 am\u00e9ricain\u00a0\u00bb, a d\u00e9clar\u00e9 le pr\u00e9sident de l\u2019Association de l\u2019aluminium du Canada, Jean Simard, en saluant \u00ab\u00a0une grande victoire\u00a0\u00bb.<\/p>\n<\/div>\n<p>Auteur: AFP<br \/>\n<a href=\"https:\/\/www.journalducameroun.com\/fr\/trump-leve-les-tarifs-sur-lacier-et-laluminium-avec-le-canada-et-le-mexique\/\">Cliquez ici pour lire l&rsquo;article depuis sa source.<\/a><\/p>\n","protected":false},"excerpt":{"rendered":"<p>Publi\u00e9 le 17.05.2019 \u00e0 21h50 par AFP Donald Trump a annonc\u00e9 vendredi la suppression des tarifs douaniers sur l\u2019acier et l\u2019aluminium en provenance du Canada et du Mexique, ouvrant la voie \u00e0 la ratification du nouvel accord de libre-\u00e9change qui lie ces trois pays. \u00ab\u00a0Nous venons juste de trouver un accord avec le Canada et [&hellip;]<\/p>\n","protected":false},"author":1965,"featured_media":0,"comment_status":"closed","ping_status":"closed","sticky":false,"template":"","format":"standard","meta":{"fifu_image_url":"","fifu_image_alt":"","footnotes":""},"categories":[73,82],"tags":[],"class_list":["post-34983","post","type-post","status-publish","format-standard","hentry","category-actualite","category-cameroun"],"_links":{"self":[{"href":"https:\/\/linitiative.ca\/International\/wp-json\/wp\/v2\/posts\/34983","targetHints":{"allow":["GET"]}}],"collection":[{"href":"https:\/\/linitiative.ca\/International\/wp-json\/wp\/v2\/posts"}],"about":[{"href":"https:\/\/linitiative.ca\/International\/wp-json\/wp\/v2\/types\/post"}],"author":[{"embeddable":true,"href":"https:\/\/linitiative.ca\/International\/wp-json\/wp\/v2\/users\/1965"}],"replies":[{"embeddable":true,"href":"https:\/\/linitiative.ca\/International\/wp-json\/wp\/v2\/comments?post=34983"}],"version-history":[{"count":0,"href":"https:\/\/linitiative.ca\/International\/wp-json\/wp\/v2\/posts\/34983\/revisions"}],"wp:attachment":[{"href":"https:\/\/linitiative.ca\/International\/wp-json\/wp\/v2\/media?parent=34983"}],"wp:term":[{"taxonomy":"category","embeddable":true,"href":"https:\/\/linitiative.ca\/International\/wp-json\/wp\/v2\/categories?post=34983"},{"taxonomy":"post_tag","embeddable":true,"href":"https:\/\/linitiative.ca\/International\/wp-json\/wp\/v2\/tags?post=34983"}],"curies":[{"name":"wp","href":"https:\/\/api.w.org\/{rel}","templated":true}]}}