{"id":34984,"date":"2019-05-17T16:50:03","date_gmt":"2019-05-17T20:50:03","guid":{"rendered":"https:\/\/linitiative.ca\/International\/colombie-un-ex-chef-des-farc-reclame-par-les-etats-unis-se-blesse-en-prison\/"},"modified":"2019-05-17T16:50:03","modified_gmt":"2019-05-17T20:50:03","slug":"colombie-un-ex-chef-des-farc-reclame-par-les-etats-unis-se-blesse-en-prison","status":"publish","type":"post","link":"https:\/\/linitiative.ca\/International\/colombie-un-ex-chef-des-farc-reclame-par-les-etats-unis-se-blesse-en-prison\/","title":{"rendered":"Colombie: un ex-chef des Farc r\u00e9clam\u00e9 par les Etats-Unis se blesse en prison"},"content":{"rendered":"<div readability=\"32\">\n<p>Publi\u00e9 le 17.05.2019 \u00e0 21h50 par AFP<\/p>\n<\/div>\n<div readability=\"85\">\n<p>L\u2019un des chefs de l\u2019ex-gu\u00e9rilla des Farc, Jesus Santrich, dont les Etats-Unis r\u00e9clament l\u2019extradition pour trafic de drogue, \u00ab\u00a0s\u2019est lui-m\u00eame bless\u00e9 l\u00e9g\u00e8rement\u00a0\u00bb en prison, mais son \u00e9tat de sant\u00e9 est stable, a annonc\u00e9 vendredi la direction des services p\u00e9nitentiaires.<\/p>\n<p>D\u00e9tenu depuis avril 2018, Santrich s\u2019est inflig\u00e9 des blessures aux bras, alors qu\u2019il est en attente de sa lib\u00e9ration ordonn\u00e9e mercredi par la Juridiction sp\u00e9ciale de paix (JEP) charg\u00e9e de juger les crimes les plus graves des acteurs du conflit arm\u00e9, dont l\u2019ex-r\u00e9bellion des Farc d\u00e9sarm\u00e9e apr\u00e8s l\u2019accord de paix de 2016 et transform\u00e9e en parti politique.<\/p>\n<p>L\u2019ex-commandant gu\u00e9rillero \u00e2g\u00e9 de 52 ans \u00ab\u00a0s\u2019est lui-m\u00eame bless\u00e9 l\u00e9g\u00e8rement\u00a0\u00bb, mais \u00ab\u00a0il a \u00e9t\u00e9 soign\u00e9 par un m\u00e9decin du centre p\u00e9nitentiaire et il va bien, son \u00e9tat de sant\u00e9 est stable\u00a0\u00bb, a d\u00e9clar\u00e9 \u00e0 la presse William Ruiz, directeur de l\u2019Institut national p\u00e9nitentiaire (INPEC).<\/p>\n<p>Selon M. Ruiz, la cellule de Santrich, \u00e0 la prison La Picota de Bogota, \u00e9tait sous la surveillance d\u2019agents de s\u00e9curit\u00e9.<\/p>\n<p>Avant l\u2019annonce de cet incident, des sympathisants du parti Force alternative r\u00e9volutionnaire commune (Farc) avaient exig\u00e9 sa lib\u00e9ration et alert\u00e9 sur son mauvais \u00e9tat de sant\u00e9.<\/p>\n<p>Le chef du parti, Rodrigo Londo\u00f1o, a exprim\u00e9 sa solidarit\u00e9 avec son ancien compagnon d\u2019armes. \u00ab\u00a0Nous continuerons \u00e0 aller de l\u2019avant contre vents et mar\u00e9es pour la d\u00e9fense de la paix et de l\u2019accord. Nous sommes plus nombreux et plus forts les Colombiens qui r\u00eavons d\u2019un pays diff\u00e9rent\u00a0\u00bb, a-t-il \u00e9crit sur Twitter.<\/p>\n<p>Bien que les juges aient ordonn\u00e9 la remise en libert\u00e9 imm\u00e9diate de Santrich, ex-n\u00e9gociateur de l\u2019accord de paix, la mesure n\u2019a pas encore \u00e9t\u00e9 mise en oeuvre sous la pression des Etats-Unis qui exigent son extradition.<\/p>\n<p>La JEP s\u2019est prononc\u00e9e en faveur de Santrich, en expliquant ne pas avoir re\u00e7u des autorit\u00e9s am\u00e9ricaines la preuve de l\u2019implication de l\u2019ancien chef gu\u00e9rillero dans un trafic de drogue apr\u00e8s la signature de l\u2019accord de paix.<\/p>\n<\/div>\n<p>Auteur: AFP<br \/>\n<a href=\"https:\/\/www.journalducameroun.com\/fr\/colombie-un-ex-chef-des-farc-reclame-par-les-etats-unis-se-blesse-en-prison\/\">Cliquez ici pour lire l&rsquo;article depuis sa source.<\/a><\/p>\n","protected":false},"excerpt":{"rendered":"<p>Publi\u00e9 le 17.05.2019 \u00e0 21h50 par AFP L\u2019un des chefs de l\u2019ex-gu\u00e9rilla des Farc, Jesus Santrich, dont les Etats-Unis r\u00e9clament l\u2019extradition pour trafic de drogue, \u00ab\u00a0s\u2019est lui-m\u00eame bless\u00e9 l\u00e9g\u00e8rement\u00a0\u00bb en prison, mais son \u00e9tat de sant\u00e9 est stable, a annonc\u00e9 vendredi la direction des services p\u00e9nitentiaires. D\u00e9tenu depuis avril 2018, Santrich s\u2019est inflig\u00e9 des blessures [&hellip;]<\/p>\n","protected":false},"author":1965,"featured_media":0,"comment_status":"closed","ping_status":"closed","sticky":false,"template":"","format":"standard","meta":{"fifu_image_url":"","fifu_image_alt":"","footnotes":""},"categories":[73,82],"tags":[],"class_list":["post-34984","post","type-post","status-publish","format-standard","hentry","category-actualite","category-cameroun"],"_links":{"self":[{"href":"https:\/\/linitiative.ca\/International\/wp-json\/wp\/v2\/posts\/34984","targetHints":{"allow":["GET"]}}],"collection":[{"href":"https:\/\/linitiative.ca\/International\/wp-json\/wp\/v2\/posts"}],"about":[{"href":"https:\/\/linitiative.ca\/International\/wp-json\/wp\/v2\/types\/post"}],"author":[{"embeddable":true,"href":"https:\/\/linitiative.ca\/International\/wp-json\/wp\/v2\/users\/1965"}],"replies":[{"embeddable":true,"href":"https:\/\/linitiative.ca\/International\/wp-json\/wp\/v2\/comments?post=34984"}],"version-history":[{"count":0,"href":"https:\/\/linitiative.ca\/International\/wp-json\/wp\/v2\/posts\/34984\/revisions"}],"wp:attachment":[{"href":"https:\/\/linitiative.ca\/International\/wp-json\/wp\/v2\/media?parent=34984"}],"wp:term":[{"taxonomy":"category","embeddable":true,"href":"https:\/\/linitiative.ca\/International\/wp-json\/wp\/v2\/categories?post=34984"},{"taxonomy":"post_tag","embeddable":true,"href":"https:\/\/linitiative.ca\/International\/wp-json\/wp\/v2\/tags?post=34984"}],"curies":[{"name":"wp","href":"https:\/\/api.w.org\/{rel}","templated":true}]}}