{"id":35010,"date":"2019-05-18T05:00:32","date_gmt":"2019-05-18T09:00:32","guid":{"rendered":"https:\/\/linitiative.ca\/International\/tourisme-le-maroc-se-prepare-pour-un-ete-prometteur\/"},"modified":"2019-05-18T05:00:32","modified_gmt":"2019-05-18T09:00:32","slug":"tourisme-le-maroc-se-prepare-pour-un-ete-prometteur","status":"publish","type":"post","link":"https:\/\/linitiative.ca\/International\/tourisme-le-maroc-se-prepare-pour-un-ete-prometteur\/","title":{"rendered":"Tourisme : Le Maroc se pr\u00e9pare pour un \u00e9t\u00e9 prometteur"},"content":{"rendered":"<p><img decoding=\"async\" class=\"post_layout_5_img\" src=\"http:\/\/aujourdhui.ma\/wp-content\/uploads\/2019\/05\/Tourime-Maroc.jpg?x29840\" alt=\"Tourisme : Le Maroc se pr\u00e9pare pour un \u00e9t\u00e9 prometteur\"\/><\/p>\n<p class=\"p1\"><span class=\"s1\"><span class=\"c4\"><strong>P\u00e9riode touristique par excellence, l\u2019\u00e9t\u00e9 \u00abmarocain\u00bb s\u2019annonce prometteur. La saison estivale sera pleine cette ann\u00e9e renfor\u00e7ant ainsi le rayonnement du tourisme marocain \u00e0 grande \u00e9chelle.<\/strong><\/span><\/span><span id=\"more-311363\"\/><\/p>\n<p class=\"p1\"><span class=\"s1\">L\u2019activit\u00e9 est sur un trend haussier et sera consolid\u00e9e \u00e0 partir de fin Ramadan. Nombreux sont les MRE ayant choisi d\u2019avancer leurs vacances d\u2019\u00e9t\u00e9 pour passer Aid Al Fitr en famille. De m\u00eame, la destination Maroc commencera \u00e0 accueillir ses premiers touristes \u00e9trangers d\u2019\u00e9t\u00e9 \u00e0 partir des premi\u00e8res semaines de juin. Une client\u00e8le f\u00e9rue<span class=\"Apple-converted-space\">\u00a0<\/span> notamment de baln\u00e9aire et de soir\u00e9es estivales festives du Maroc. Marrakech du rire, musiques sacr\u00e9es de F\u00e8s, Mawazine, Gnaouas et Musiques du Monde \u2026. Tous ces festivals et autres marqueront le tempo cet \u00e9t\u00e9 attribuant \u00e0 chaque destination du Royaume une identit\u00e9 \u00abtouristique\u00bb propre \u00e0 elle.<\/span><\/p>\n<p class=\"p1\"><span class=\"s1\">A la veille du rush touristique, les op\u00e9rations de promotion de la destination Maroc fusent particuli\u00e8rement sur le digital. Si l\u2019Office national marocain du tourisme dresse la palette des atouts touristiques du Maroc, l\u2019observatoire du tourisme cible, pour sa part, directement les march\u00e9s \u00e9metteurs du Royaume. De nouvelles fiches march\u00e9s sont mises en ligne sur la plate-forme digitale de l\u2019Observatoire. Une action de reconqu\u00eate des bassins touristiques potentiels qui permettra de renforcer davantage le flux des touristes en provenance de ces contr\u00e9es. L\u2019accent est mis en premier lieu sur les march\u00e9s allemand et espagnol ayant affich\u00e9 au premier trimestre de l\u2019ann\u00e9e des performances plus au moins timides. On rel\u00e8ve respectivement une progression de 3 et de 1% de leurs arriv\u00e9es touristiques. Ces fiches march\u00e9s \u00e9labor\u00e9es r\u00e9guli\u00e8rement par l\u2019observatoire du tourisme repr\u00e9sentent une sorte de veille permettant de suivre la demande et les tendances touristiques dans les principaux march\u00e9s \u00e9metteurs. Ces publications permettent en effet de dresser le profil de la client\u00e8le du tourisme marocain ainsi que d\u2019\u00e9valuer les tendances et les \u00e9volutions du march\u00e9.<\/span><\/p>\n<p class=\"p1\"><span class=\"s1\">Si l\u2019on prend le cas du march\u00e9 allemand, on note l\u2019arriv\u00e9e de 144.751 touristes en provenance de cette destination aux trois premiers mois de l\u2019ann\u00e9e en cours. Ces arriv\u00e9es se sont redress\u00e9es de 3% par rapport \u00e0 la m\u00eame p\u00e9riode de l\u2019ann\u00e9e et de 64% par rapport \u00e0 2010. Toutefois, la part du march\u00e9 allemand dans la structure des arriv\u00e9es des touristes aux postes-fronti\u00e8res a timidement \u00e9volu\u00e9 tout au long des dix derni\u00e8res ann\u00e9es. Elle est pass\u00e9e de 5% au premier trimestre 2010 \u00e0 6% \u00e0 fin mars 2019.<\/span><\/p>\n<p class=\"p1\"><span class=\"s1\">Quant aux donn\u00e9es collect\u00e9es au niveau des \u00e9tablissements d\u2019h\u00e9bergement class\u00e9s, les Allemands auraient r\u00e9alis\u00e9 au titre des trois premiers mois de l\u2019ann\u00e9e des nuit\u00e9es en baisse de 2% par rapport \u00e0 la m\u00eame p\u00e9riode de l\u2019ann\u00e9e pass\u00e9e. En d\u00e9pit de cette baisse, les nuit\u00e9es r\u00e9alis\u00e9es par les touristes allemands se sont redress\u00e9es de 85% compar\u00e9 \u00e0 2010. En analysant la variation saisonni\u00e8re des arriv\u00e9es des allemands au Maroc entre 2018 et 2017, l\u2019observatoire du tourisme rel\u00e8ve deux pics particuli\u00e8rement aux mois de mars et octobre. Des p\u00e9riodes qui correspondent aux vacances scolaires en Allemagne, notamment P\u00e2ques et Toussaint. Pour ce qui est des pr\u00e9f\u00e9rences des touristes allemands, ces voyageurs choisissent le Maroc pour son climat et \u00e9galement pour la d\u00e9couverte de ses sites et monuments. Les touristes allemands sont dans leur ensemble fid\u00e8les \u00e0 la destination Agadir o\u00f9 ils passent des s\u00e9jours de 8 jours. Toutefois de nouvelles escales marocaines commencent \u00e0 int\u00e9resser ces visiteurs particuli\u00e8rement Dakhla o\u00f9 l\u2019observatoire fait ressortir une dur\u00e9e moyenne de s\u00e9jour de 7,2 jours. Les touristes allemands se rendent au Maroc souvent en couple. Ils prisent par ailleurs les h\u00f4tels class\u00e9s, notamment les 4 \u00e9toiles (34,7% des nuit\u00e9es en 2018), les clubs h\u00f4tels (29,8\u00a0%) et les h\u00f4tels 5 \u00e9toiles (19,2\u00a0%).<\/span><\/p>\n<p><a href=\"http:\/\/aujourdhui.ma\/wp-content\/uploads\/2019\/05\/Les-caracte%CC%81ristiques-du-marche%CC%81-allemand-au-Maroc.jpg?x29840\"><img loading=\"lazy\" decoding=\"async\" class=\"size-full wp-image-311370 aligncenter\" src=\"http:\/\/aujourdhui.ma\/wp-content\/uploads\/2019\/05\/Les-caracte%CC%81ristiques-du-marche%CC%81-allemand-au-Maroc.jpg?x29840\" alt=\"\" width=\"746\" height=\"287\" srcset=\"http:\/\/aujourdhui.ma\/wp-content\/uploads\/2019\/05\/Les-caracte\u0301ristiques-du-marche\u0301-allemand-au-Maroc.jpg 746w, http:\/\/aujourdhui.ma\/wp-content\/uploads\/2019\/05\/Les-caracte\u0301ristiques-du-marche\u0301-allemand-au-Maroc-300x115.jpg 300w\" sizes=\"auto, (max-width: 746px) 100vw, 746px\"\/><\/a><\/p>\n<p>Auteur: Kawtar Tali<br \/>\n<a href=\"http:\/\/aujourdhui.ma\/economie\/tourisme-le-maroc-se-prepare-pour-un-ete-prometteur\">Cliquez ici pour lire l&rsquo;article depuis sa source.<\/a><\/p>\n","protected":false},"excerpt":{"rendered":"<p>P\u00e9riode touristique par excellence, l\u2019\u00e9t\u00e9 \u00abmarocain\u00bb s\u2019annonce prometteur. La saison estivale sera pleine cette ann\u00e9e renfor\u00e7ant ainsi le rayonnement du tourisme marocain \u00e0 grande \u00e9chelle. L\u2019activit\u00e9 est sur un trend haussier et sera consolid\u00e9e \u00e0 partir de fin Ramadan. Nombreux sont les MRE ayant choisi d\u2019avancer leurs vacances d\u2019\u00e9t\u00e9 pour passer Aid Al Fitr en [&hellip;]<\/p>\n","protected":false},"author":1759,"featured_media":0,"comment_status":"closed","ping_status":"closed","sticky":false,"template":"","format":"standard","meta":{"fifu_image_url":"","fifu_image_alt":"","footnotes":""},"categories":[73,54],"tags":[],"class_list":["post-35010","post","type-post","status-publish","format-standard","hentry","category-actualite","category-maroc"],"_links":{"self":[{"href":"https:\/\/linitiative.ca\/International\/wp-json\/wp\/v2\/posts\/35010","targetHints":{"allow":["GET"]}}],"collection":[{"href":"https:\/\/linitiative.ca\/International\/wp-json\/wp\/v2\/posts"}],"about":[{"href":"https:\/\/linitiative.ca\/International\/wp-json\/wp\/v2\/types\/post"}],"author":[{"embeddable":true,"href":"https:\/\/linitiative.ca\/International\/wp-json\/wp\/v2\/users\/1759"}],"replies":[{"embeddable":true,"href":"https:\/\/linitiative.ca\/International\/wp-json\/wp\/v2\/comments?post=35010"}],"version-history":[{"count":0,"href":"https:\/\/linitiative.ca\/International\/wp-json\/wp\/v2\/posts\/35010\/revisions"}],"wp:attachment":[{"href":"https:\/\/linitiative.ca\/International\/wp-json\/wp\/v2\/media?parent=35010"}],"wp:term":[{"taxonomy":"category","embeddable":true,"href":"https:\/\/linitiative.ca\/International\/wp-json\/wp\/v2\/categories?post=35010"},{"taxonomy":"post_tag","embeddable":true,"href":"https:\/\/linitiative.ca\/International\/wp-json\/wp\/v2\/tags?post=35010"}],"curies":[{"name":"wp","href":"https:\/\/api.w.org\/{rel}","templated":true}]}}