{"id":35011,"date":"2019-05-18T05:01:06","date_gmt":"2019-05-18T09:01:06","guid":{"rendered":"https:\/\/linitiative.ca\/International\/9eme-edition-de-la-cigogne-volubile-voyage-a-travers-le-conte-et-lafrique\/"},"modified":"2019-05-18T05:01:06","modified_gmt":"2019-05-18T09:01:06","slug":"9eme-edition-de-la-cigogne-volubile-voyage-a-travers-le-conte-et-lafrique","status":"publish","type":"post","link":"https:\/\/linitiative.ca\/International\/9eme-edition-de-la-cigogne-volubile-voyage-a-travers-le-conte-et-lafrique\/","title":{"rendered":"9\u00e8me \u00e9dition de la Cigogne Volubile : Voyage \u00e0 travers le conte et l\u2019Afrique"},"content":{"rendered":"<header>\n<\/header>\n<div class=\"entry-content clearfix\" readability=\"53\"><img decoding=\"async\" class=\"post_layout_5_img\" src=\"http:\/\/aujourdhui.ma\/wp-content\/uploads\/2019\/05\/Cigogne-Volubile.jpg?x29840\" alt=\"9\u00e8me \u00e9dition de la Cigogne Volubile : Voyage \u00e0 travers le conte et l\u2019Afrique\"\/><\/p>\n<p class=\"p1\"><span class=\"s1\"><span class=\"c4\"><strong>Initi\u00e9e par l\u2019Institut fran\u00e7ais de Mekn\u00e8s, la Cigogne Volubile \u2013 Printemps des livres jeunesse du Maroc, d\u00e9ploie ses ailes sur l\u2019ensemble du r\u00e9seau de l\u2019Institut fran\u00e7ais du Maroc.<\/strong><\/span><\/span> <span id=\"more-311325\"\/><\/p>\n<p class=\"p1\"><span class=\"s1\">Cette 9\u00e8me \u00e9dition se tiendra les jeudi 23, vendredi 24 et samedi 25 mai 2019 autour du th\u00e8me \u00abConte et Afrique\u00bb. V\u00e9ritable temps fort de la saison culturelle France-Maroc, la Cigogne Volubile-Printemps des livres jeunesse cible un public de 4 \u00e0 12 ans.<\/span><\/p>\n<p class=\"p1\"><span class=\"s1\">Elle privil\u00e9gie la convivialit\u00e9 et la d\u00e9couverte avec des rencontres in\u00e9dites avec des professionnels de la litt\u00e9rature jeunesse \u00e0 travers des ateliers de cr\u00e9ation, projets de classe, expositions, spectacles de conte, d\u00e9ambulations circassiennes\u2026<span class=\"Apple-converted-space\">\u00a0<\/span> Cette ann\u00e9e, l\u2019affiche de l\u2019\u00e9v\u00e8nement a \u00e9t\u00e9 r\u00e9alis\u00e9e par l\u2019illustrateur fran\u00e7ais Za\u00fc (Les enfants de l\u2019Antilope, L\u00e9on et son Croco, L\u2019enfant qui savait lire les animaux\u2026).<\/span><\/p>\n<\/div>\n<p>Auteur: ALM<br \/>\n<a href=\"http:\/\/aujourdhui.ma\/culture\/9eme-edition-de-la-cigogne-volubile-voyage-a-travers-le-conte-et-lafrique\">Cliquez ici pour lire l&rsquo;article depuis sa source.<\/a><\/p>\n","protected":false},"excerpt":{"rendered":"<p>Initi\u00e9e par l\u2019Institut fran\u00e7ais de Mekn\u00e8s, la Cigogne Volubile \u2013 Printemps des livres jeunesse du Maroc, d\u00e9ploie ses ailes sur l\u2019ensemble du r\u00e9seau de l\u2019Institut fran\u00e7ais du Maroc. Cette 9\u00e8me \u00e9dition se tiendra les jeudi 23, vendredi 24 et samedi 25 mai 2019 autour du th\u00e8me \u00abConte et Afrique\u00bb. V\u00e9ritable temps fort de la saison [&hellip;]<\/p>\n","protected":false},"author":1759,"featured_media":0,"comment_status":"closed","ping_status":"closed","sticky":false,"template":"","format":"standard","meta":{"fifu_image_url":"","fifu_image_alt":"","footnotes":""},"categories":[73,54],"tags":[],"class_list":["post-35011","post","type-post","status-publish","format-standard","hentry","category-actualite","category-maroc"],"_links":{"self":[{"href":"https:\/\/linitiative.ca\/International\/wp-json\/wp\/v2\/posts\/35011","targetHints":{"allow":["GET"]}}],"collection":[{"href":"https:\/\/linitiative.ca\/International\/wp-json\/wp\/v2\/posts"}],"about":[{"href":"https:\/\/linitiative.ca\/International\/wp-json\/wp\/v2\/types\/post"}],"author":[{"embeddable":true,"href":"https:\/\/linitiative.ca\/International\/wp-json\/wp\/v2\/users\/1759"}],"replies":[{"embeddable":true,"href":"https:\/\/linitiative.ca\/International\/wp-json\/wp\/v2\/comments?post=35011"}],"version-history":[{"count":0,"href":"https:\/\/linitiative.ca\/International\/wp-json\/wp\/v2\/posts\/35011\/revisions"}],"wp:attachment":[{"href":"https:\/\/linitiative.ca\/International\/wp-json\/wp\/v2\/media?parent=35011"}],"wp:term":[{"taxonomy":"category","embeddable":true,"href":"https:\/\/linitiative.ca\/International\/wp-json\/wp\/v2\/categories?post=35011"},{"taxonomy":"post_tag","embeddable":true,"href":"https:\/\/linitiative.ca\/International\/wp-json\/wp\/v2\/tags?post=35011"}],"curies":[{"name":"wp","href":"https:\/\/api.w.org\/{rel}","templated":true}]}}