{"id":35012,"date":"2019-05-18T05:01:21","date_gmt":"2019-05-18T09:01:21","guid":{"rendered":"https:\/\/linitiative.ca\/International\/une-finale-inedite-coupe-de-la-caf-rsb-zamalek-ce-dimanche-a-berkane\/"},"modified":"2019-05-18T05:01:21","modified_gmt":"2019-05-18T09:01:21","slug":"une-finale-inedite-coupe-de-la-caf-rsb-zamalek-ce-dimanche-a-berkane","status":"publish","type":"post","link":"https:\/\/linitiative.ca\/International\/une-finale-inedite-coupe-de-la-caf-rsb-zamalek-ce-dimanche-a-berkane\/","title":{"rendered":"Une finale in\u00e9dite \u2013 Coupe de la CAF : RSB-Zamalek ce dimanche \u00e0 Berkane"},"content":{"rendered":"<header>\n<\/header>\n<div class=\"entry-content clearfix\" readability=\"63\"><img decoding=\"async\" class=\"post_layout_5_img\" src=\"http:\/\/aujourdhui.ma\/wp-content\/uploads\/2019\/05\/RSB-Berkan.jpg?x29840\" alt=\"Une finale in\u00e9dite \u2013 Coupe de la CAF : RSB-Zamalek ce dimanche \u00e0 Berkane\"\/><\/p>\n<p class=\"p1\"><span class=\"c4\"><strong><em>Les \u00c9gyptiens\u00a0<\/em><em>sont des habitu\u00e9s\u00a0<\/em><em>des grands rendez-vous continentaux :\u00a0<\/em><em>quintuples vainqueurs de la Ligue des Champions de la CAF en 2016, ils ont disput\u00e9 12 finales continentales pour 9 titres.<\/em><\/strong><\/span><span id=\"more-311414\"\/><\/p>\n<p class=\"p1\"><span class=\"s1\">Le football national se porte bien ces derni\u00e8res ann\u00e9es. Les clubs marocains parviennent \u00e0 faire long feu dans les comp\u00e9titions africaines et m\u00eame \u00e0 avoir le dernier mot. Comme l\u2019an dernier, la Ligue des champions et la Coupe de la Conf\u00e9d\u00e9ration seront en somme la propri\u00e9t\u00e9 de deux clubs maghr\u00e9bins. A l\u2019instar des ann\u00e9es pr\u00e9c\u00e9dentes, l\u2019emprise nord-africaine en g\u00e9n\u00e9ral et marocaine en particulier sera une nouvelle fois d\u00e9montr\u00e9e cette saison.<\/span><\/p>\n<p class=\"p1\"><span class=\"s1\">L\u2019affiche de la finale de la plus prestigieuse des comp\u00e9titions africaines des clubs opposera des clubs issus de l\u2019Afrique du nord : Le Wydad de Casablanca \u00e0 l\u2019Esp\u00e9rance Sportive de Tunis. Le tableau sera identique en Coupe de la CAF o\u00f9 deux \u00e9curies maghr\u00e9bines se mesureront en finale :<br \/>la Renaissance sportive de Berkane au Zamalek SC. Et c\u2019est ce dimanche que les surprenants Berkanis auront la lourde t\u00e2che de se mesurer \u00e0 la formation \u00e9gyptienne.<br \/>Imprenables dans leur bastion, ils ne capitulent pas. La RSB a remport\u00e9 tous les matchs \u00e0 domicile \u00e0 l\u2019exception de sa confrontation avec le Raja et qui s\u2019\u00e9tait sold\u00e9e sur un nul lors de la phase de groupes. La hargne et la fureur de vaincre y sont pour beaucoup. On se rappelle bien cette folle remontada en demi-finales retour lorsque la RSB a battu 3-0 le CS Sfaxien, trois fois vainqueur de l\u2019\u00e9preuve, apr\u00e8s s\u2019\u00eatre inclin\u00e9 2-0 \u00e0 l\u2019aller en Tunisie pour s\u2019offrir ainsi la premi\u00e8re finale de son histoire.<\/span><\/p>\n<p class=\"p1\"><span class=\"s1\">De son c\u00f4t\u00e9, Zamalek a r\u00e9ussi \u00e0 fructifier son court succ\u00e8s de l\u2019aller (1-0) en allant tenir t\u00eate \u00e0 l\u2019\u00c9toile Sahel (0-0). Les \u00c9gyptiens sont des habitu\u00e9s des grands rendez-vous continentaux : quintuples vainqueurs de la Ligue des Champions de la CAF en 2016, ils ont disput\u00e9 12 finales continentales pour 9 titres.<br \/>Le moral au beau fixe, la RSB est pr\u00eate \u00e0 \u00e9crire une nouvelle page de son histoire. Si l\u2019infirmerie compte toujours des patients tels que Alain Traor\u00e9 et Abdessamad Lambarki, elle pourrait remettre la feuille de sortie \u00e0 Mohamed Aziz, un cador de la formation. Dans le camp adverse, c\u2019est la panique. Apr\u00e8s l\u2019expulsion du portier Mahmoud Guench en demi-finale retour, le choix s\u2019\u00e9tait naturellement port\u00e9 sur le deuxi\u00e8me gardien Imad Essayed. Mais comme un malheur ne vient jamais seul, ce dernier ne sera pas de la partie en raison d\u2019une blessure contract\u00e9e \u00e0 la main en championnat. L\u2019entra\u00eeneur suisse Christian Gross n\u2019a d\u2019autre choix que d\u2019utiliser sa derni\u00e8re cartouche, Omar Saleh. Ce gardien de 21 ans jouera ainsi son deuxi\u00e8me match seulement de la saison. Son manque de comp\u00e9titivit\u00e9 repr\u00e9sente une aubaine pour les hommes de Mounir Jaaouani appel\u00e9s \u00e0 \u00eatre opportunistes et \u00e0 saisir cette occasion.<\/span><\/p>\n<\/div>\n<p>Auteur: Hakim Bahechar<br \/>\n<a href=\"http:\/\/aujourdhui.ma\/une\/une-finale-inedite-coupe-de-la-caf-rsb-zamalek-ce-dimanche-a-berkane\">Cliquez ici pour lire l&rsquo;article depuis sa source.<\/a><\/p>\n","protected":false},"excerpt":{"rendered":"<p>Les \u00c9gyptiens\u00a0sont des habitu\u00e9s\u00a0des grands rendez-vous continentaux :\u00a0quintuples vainqueurs de la Ligue des Champions de la CAF en 2016, ils ont disput\u00e9 12 finales continentales pour 9 titres. Le football national se porte bien ces derni\u00e8res ann\u00e9es. Les clubs marocains parviennent \u00e0 faire long feu dans les comp\u00e9titions africaines et m\u00eame \u00e0 avoir le dernier [&hellip;]<\/p>\n","protected":false},"author":1759,"featured_media":0,"comment_status":"closed","ping_status":"closed","sticky":false,"template":"","format":"standard","meta":{"fifu_image_url":"","fifu_image_alt":"","footnotes":""},"categories":[73,54],"tags":[],"class_list":["post-35012","post","type-post","status-publish","format-standard","hentry","category-actualite","category-maroc"],"_links":{"self":[{"href":"https:\/\/linitiative.ca\/International\/wp-json\/wp\/v2\/posts\/35012","targetHints":{"allow":["GET"]}}],"collection":[{"href":"https:\/\/linitiative.ca\/International\/wp-json\/wp\/v2\/posts"}],"about":[{"href":"https:\/\/linitiative.ca\/International\/wp-json\/wp\/v2\/types\/post"}],"author":[{"embeddable":true,"href":"https:\/\/linitiative.ca\/International\/wp-json\/wp\/v2\/users\/1759"}],"replies":[{"embeddable":true,"href":"https:\/\/linitiative.ca\/International\/wp-json\/wp\/v2\/comments?post=35012"}],"version-history":[{"count":0,"href":"https:\/\/linitiative.ca\/International\/wp-json\/wp\/v2\/posts\/35012\/revisions"}],"wp:attachment":[{"href":"https:\/\/linitiative.ca\/International\/wp-json\/wp\/v2\/media?parent=35012"}],"wp:term":[{"taxonomy":"category","embeddable":true,"href":"https:\/\/linitiative.ca\/International\/wp-json\/wp\/v2\/categories?post=35012"},{"taxonomy":"post_tag","embeddable":true,"href":"https:\/\/linitiative.ca\/International\/wp-json\/wp\/v2\/tags?post=35012"}],"curies":[{"name":"wp","href":"https:\/\/api.w.org\/{rel}","templated":true}]}}