{"id":35016,"date":"2019-05-18T05:07:14","date_gmt":"2019-05-18T09:07:14","guid":{"rendered":"https:\/\/linitiative.ca\/International\/cmr-le-theatre-au-service-de-la-securite-sociale\/"},"modified":"2019-05-18T05:07:14","modified_gmt":"2019-05-18T09:07:14","slug":"cmr-le-theatre-au-service-de-la-securite-sociale","status":"publish","type":"post","link":"https:\/\/linitiative.ca\/International\/cmr-le-theatre-au-service-de-la-securite-sociale\/","title":{"rendered":"CMR : Le th\u00e9\u00e2tre au service de la s\u00e9curit\u00e9 sociale"},"content":{"rendered":"<header>\n<\/header>\n<div class=\"entry-content clearfix\" readability=\"47\"><img decoding=\"async\" class=\"post_layout_5_img\" src=\"http:\/\/aujourdhui.ma\/wp-content\/uploads\/2017\/11\/CMR.jpg?x29840\" alt=\"CMR : Le th\u00e9\u00e2tre au service de la s\u00e9curit\u00e9 sociale\"\/><\/p>\n<p class=\"p1\"><span class=\"s1 c5\"><span class=\"c4\"><strong>Le \u00abTh\u00e9\u00e2tre Forum\u00bb sur le d\u00e9veloppement de la culture de la s\u00e9curit\u00e9 sociale est<span class=\"Apple-converted-space\">\u00a0<\/span> en tourn\u00e9e \u00e0 travers plusieurs villes du Maroc, \u00e0 l\u2019initiative de la Caisse marocaine des retraites (CMR), en partenariat avec la Fondation Mohammed VI de promotion des \u0153uvres sociales de l\u2019\u00e9ducation et de la formation.<\/strong><\/span><\/span> <span id=\"more-311403\"\/><\/p>\n<p class=\"p1\"><span class=\"s1\">Il<span class=\"Apple-converted-space\">\u00a0<\/span> vise \u00e0 cr\u00e9er une dynamique de communication et une interaction directe avec la CMR, ses affili\u00e9s, ses retrait\u00e9s et ses ayants droit. Le Th\u00e9\u00e2tre Forum constitue une exp\u00e9rience innovante \u00e0 travers laquelle la CMR met en valeur le r\u00f4le influent de l\u2019art th\u00e9\u00e2tral et sa contribution au d\u00e9veloppement de la culture de la s\u00e9curit\u00e9 sociale.<\/span><\/p>\n<p class=\"p1\"><span class=\"s1\">Plusieurs probl\u00e9matiques sont abord\u00e9es en interaction directe avec le public afin de renforcer la confiance des citoyens aupr\u00e8s de la CMR.<\/span><\/p>\n<\/div>\n<p>Auteur: ALM<br \/>\n<a href=\"http:\/\/aujourdhui.ma\/societe\/cmr-le-theatre-au-service-de-la-securite-sociale\">Cliquez ici pour lire l&rsquo;article depuis sa source.<\/a><\/p>\n","protected":false},"excerpt":{"rendered":"<p>Le \u00abTh\u00e9\u00e2tre Forum\u00bb sur le d\u00e9veloppement de la culture de la s\u00e9curit\u00e9 sociale est\u00a0 en tourn\u00e9e \u00e0 travers plusieurs villes du Maroc, \u00e0 l\u2019initiative de la Caisse marocaine des retraites (CMR), en partenariat avec la Fondation Mohammed VI de promotion des \u0153uvres sociales de l\u2019\u00e9ducation et de la formation. Il\u00a0 vise \u00e0 cr\u00e9er une dynamique [&hellip;]<\/p>\n","protected":false},"author":1759,"featured_media":0,"comment_status":"closed","ping_status":"closed","sticky":false,"template":"","format":"standard","meta":{"fifu_image_url":"","fifu_image_alt":"","footnotes":""},"categories":[73,54],"tags":[],"class_list":["post-35016","post","type-post","status-publish","format-standard","hentry","category-actualite","category-maroc"],"_links":{"self":[{"href":"https:\/\/linitiative.ca\/International\/wp-json\/wp\/v2\/posts\/35016","targetHints":{"allow":["GET"]}}],"collection":[{"href":"https:\/\/linitiative.ca\/International\/wp-json\/wp\/v2\/posts"}],"about":[{"href":"https:\/\/linitiative.ca\/International\/wp-json\/wp\/v2\/types\/post"}],"author":[{"embeddable":true,"href":"https:\/\/linitiative.ca\/International\/wp-json\/wp\/v2\/users\/1759"}],"replies":[{"embeddable":true,"href":"https:\/\/linitiative.ca\/International\/wp-json\/wp\/v2\/comments?post=35016"}],"version-history":[{"count":0,"href":"https:\/\/linitiative.ca\/International\/wp-json\/wp\/v2\/posts\/35016\/revisions"}],"wp:attachment":[{"href":"https:\/\/linitiative.ca\/International\/wp-json\/wp\/v2\/media?parent=35016"}],"wp:term":[{"taxonomy":"category","embeddable":true,"href":"https:\/\/linitiative.ca\/International\/wp-json\/wp\/v2\/categories?post=35016"},{"taxonomy":"post_tag","embeddable":true,"href":"https:\/\/linitiative.ca\/International\/wp-json\/wp\/v2\/tags?post=35016"}],"curies":[{"name":"wp","href":"https:\/\/api.w.org\/{rel}","templated":true}]}}