{"id":35019,"date":"2019-05-18T02:30:44","date_gmt":"2019-05-18T06:30:44","guid":{"rendered":"https:\/\/linitiative.ca\/International\/rencontre-bct-conect-la-digitalisation-et-le-decashing-en-point-de-mire\/"},"modified":"2019-05-18T02:30:44","modified_gmt":"2019-05-18T06:30:44","slug":"rencontre-bct-conect-la-digitalisation-et-le-decashing-en-point-de-mire","status":"publish","type":"post","link":"https:\/\/linitiative.ca\/International\/rencontre-bct-conect-la-digitalisation-et-le-decashing-en-point-de-mire\/","title":{"rendered":"Rencontre BCT\/CONECT :  La digitalisation et le decashing en point de mire"},"content":{"rendered":"<p>L\u2019\u00e9volution des indicateurs \u00e9conomiques et financiers en Tunisie, les probl\u00e8mes de financement des PME, l\u2019internationalisation des entreprises tunisiennes et la liquidit\u00e9 bancaire, ont \u00e9t\u00e9 au centre des entretiens qui ont eu lieu le 16 mai entre une d\u00e9l\u00e9gation du Bureau Ex\u00e9cutif de la CONECT conduite par Tarak Cherif, Pr\u00e9sident de l\u2019organisation et\u00a0 Marouane Abassi, Gouverneur de la BCT et les premiers responsables de cette institution. Les deux parties ont \u00e9voqu\u00e9, en outre, les contraintes et les d\u00e9fis auxquels seront confront\u00e9es les banques et les entreprises au cours des mois \u00e0 venir\u00a0 pour faire face \u00e0 leurs besoins en fonds, le faible niveau des investissements, la d\u00e9sindustrialisation et ses menaces sur la cr\u00e9ation de valeur et d\u2019emplois.<\/p>\n<p>Il ressort des \u00e9changes que si certains indicateurs ont connu un d\u00e9but d\u2019\u00e9volution favorable \u00e0 l\u2019instar du taux d\u2019inflation qui a r\u00e9gress\u00e9\u00a0 ou de la stabilisation relative du Dinar par rapport aux principales monnaies \u00e9trang\u00e8res, d\u2019autres indicateurs, au contraire,\u00a0 continuent \u00e0 constituer des motifs d\u2019inqui\u00e9tude tels\u00a0 que le taux de croissance et le taux d\u2019investissement.<\/p>\n<p>Les causes de cette situation ne sont pas uniquement d\u2019ordre \u00e9conomique et financier mais sont plut\u00f4t li\u00e9es au climat g\u00e9n\u00e9ral des affaires dans le pays et \u00e0 la n\u00e9cessit\u00e9 que les pouvoirs publics mettent en \u0153uvre le cadre et les mesures ad\u00e9quates pour assurer la reprise de la confiance des op\u00e9rateurs nationaux et \u00e9trangers dans l\u2019\u00e9conomie tunisienne.<\/p>\n<p>La digitalisation, la mise en place par la Banque Centrale de plateformes d\u2019information, d\u2019orientation et de communication, le decashing, la lutte contre l\u2019\u00e9conomie parall\u00e8le et l\u2019ouverture de bureaux de change priv\u00e9s constituent autant d\u2019outils permettant d\u2019assurer la bonne gouvernance et la relance des secteurs structur\u00e9s.<\/p>\n<p>Les diff\u00e9rents d\u00e9partements de la Banque Centrale et les structures professionnelles de la CONECT veilleront \u00e0 des \u00e9changes r\u00e9guliers d\u2019informations sur l\u2019\u00e9volution de la situation \u00e9conomique et financi\u00e8re, les nouvelles lignes de financement mises \u00e0 la disposition des entreprises et les mesures de facilitation d\u00e9cid\u00e9es par la Banque Centrale afin que les op\u00e9rateurs \u00e9conomiques soient au diapason de tous les changements dans le domaine.<\/p>\n<p class=\"dpsp-share-text\">Partager c&rsquo;est aimer!<\/p>\n<div class=\"wp-post-author-wrap wp-post-author-shortcode left\">\n<h3 class=\"awpa-title\"\/>\n<div class=\"wp-post-author\">\n<div class=\"awpa-img awpa-author-block square\"><a href=\"http:\/\/lexpertjournal.net\/fr\/author\/expert\/\"><img loading=\"lazy\" decoding=\"async\" alt=\"\" src=\"http:\/\/2.gravatar.com\/avatar\/56d99be2a6f97af88ccb49fada637fcd?s=150&#038;d=mm&#038;r=g\" srcset=\"http:\/\/2.gravatar.com\/avatar\/56d99be2a6f97af88ccb49fada637fcd?s=300&#038;d=mm&#038;r=g 2x\" class=\"avatar avatar-150 photo\" height=\"150\" width=\"150\"\/><\/a><\/div>\n<\/div>\n<\/div>\n<p>Auteur: L&rsquo;expert<br \/>\n<a href=\"http:\/\/lexpertjournal.net\/fr\/2019\/05\/18\/rencontre-bct-conect-la-digitalisation-et-le-decashing-en-point-de-mire\/\">Cliquez ici pour lire l&rsquo;article depuis sa source.<\/a><\/p>\n","protected":false},"excerpt":{"rendered":"<p>L\u2019\u00e9volution des indicateurs \u00e9conomiques et financiers en Tunisie, les probl\u00e8mes de financement des PME, l\u2019internationalisation des entreprises tunisiennes et la liquidit\u00e9 bancaire, ont \u00e9t\u00e9 au centre des entretiens qui ont eu lieu le 16 mai entre une d\u00e9l\u00e9gation du Bureau Ex\u00e9cutif de la CONECT conduite par Tarak Cherif, Pr\u00e9sident de l\u2019organisation et\u00a0 Marouane Abassi, Gouverneur [&hellip;]<\/p>\n","protected":false},"author":1775,"featured_media":0,"comment_status":"closed","ping_status":"closed","sticky":false,"template":"","format":"standard","meta":{"fifu_image_url":"","fifu_image_alt":"","footnotes":""},"categories":[78,55],"tags":[],"class_list":["post-35019","post","type-post","status-publish","format-standard","hentry","category-economie","category-tunisie"],"_links":{"self":[{"href":"https:\/\/linitiative.ca\/International\/wp-json\/wp\/v2\/posts\/35019","targetHints":{"allow":["GET"]}}],"collection":[{"href":"https:\/\/linitiative.ca\/International\/wp-json\/wp\/v2\/posts"}],"about":[{"href":"https:\/\/linitiative.ca\/International\/wp-json\/wp\/v2\/types\/post"}],"author":[{"embeddable":true,"href":"https:\/\/linitiative.ca\/International\/wp-json\/wp\/v2\/users\/1775"}],"replies":[{"embeddable":true,"href":"https:\/\/linitiative.ca\/International\/wp-json\/wp\/v2\/comments?post=35019"}],"version-history":[{"count":0,"href":"https:\/\/linitiative.ca\/International\/wp-json\/wp\/v2\/posts\/35019\/revisions"}],"wp:attachment":[{"href":"https:\/\/linitiative.ca\/International\/wp-json\/wp\/v2\/media?parent=35019"}],"wp:term":[{"taxonomy":"category","embeddable":true,"href":"https:\/\/linitiative.ca\/International\/wp-json\/wp\/v2\/categories?post=35019"},{"taxonomy":"post_tag","embeddable":true,"href":"https:\/\/linitiative.ca\/International\/wp-json\/wp\/v2\/tags?post=35019"}],"curies":[{"name":"wp","href":"https:\/\/api.w.org\/{rel}","templated":true}]}}