{"id":35020,"date":"2019-05-18T02:45:18","date_gmt":"2019-05-18T06:45:18","guid":{"rendered":"https:\/\/linitiative.ca\/International\/proces-de-lassassinat-de-salah-ben-youssef-la-mascarade-se-poursuit-pour-cacher-les-errances-de-de-livd\/"},"modified":"2019-05-18T02:45:18","modified_gmt":"2019-05-18T06:45:18","slug":"proces-de-lassassinat-de-salah-ben-youssef-la-mascarade-se-poursuit-pour-cacher-les-errances-de-de-livd","status":"publish","type":"post","link":"https:\/\/linitiative.ca\/International\/proces-de-lassassinat-de-salah-ben-youssef-la-mascarade-se-poursuit-pour-cacher-les-errances-de-de-livd\/","title":{"rendered":"Proc\u00e8s de l\u2019assassinat de Salah Ben Youssef : La mascarade se poursuit pour cacher les errances de de l\u2019IVD"},"content":{"rendered":"<p>Il n\u2019est plus un secret pour personne que Sihem Ben S\u00e9drine, la pr\u00e9sidente de l\u2019Instance v\u00e9rit\u00e9 et dignit\u00e9 (IVD) a fait de cette structure un instrument pour r\u00e9gler ses comptes avec diff\u00e9rentes personnalit\u00e9s politiques, et m\u00eame pour ternir un pan de l\u2019Histoire du pays. La preuve en est que Ibtihel Abdellatif, membre de l\u2019IVD, a annonc\u00e9 que les d\u00e9passements enregistr\u00e9s par la Cour des Comptes, dans la gestion des finances de l\u2019IVD, ne repr\u00e9sentent que la partie visible de l\u2019Iceberg. Elle a expliqu\u00e9 que la Cour des Comptes n\u2019a pas pu avoir acc\u00e8s \u00e0 toutes les donn\u00e9es de la gestion de l\u2019IVD, parce que le personnel de l\u2019Instance a re\u00e7u des ordres de sa pr\u00e9sidente de ne pas donner les documents demand\u00e9s par les membres de la Commission de la Cour.<\/p>\n<p>Ibtihel Abdellatif a accus\u00e9 l\u2019IVD et sa pr\u00e9sidente de graves d\u00e9passements et de malversations. C\u2019est dans ce sens que Ben S\u00e9drine, et en guise d\u2019adieux, a veill\u00e9 \u00e0 l\u2019organisation du proc\u00e8s de l\u2019assassinat de l\u2019ancien leader Salah Ben Youssef.<\/p>\n<p>La chambre criminelle sp\u00e9cialis\u00e9e dans la justice transitionnelle pr\u00e8s le Tribunal de premi\u00e8re instance de Tunis a d\u00e9cid\u00e9 jeudi de reporter l\u2019examen de l\u2019affaire de l\u2019assassinat du leader politique Salah Ben Youssef \u00e0 une date ult\u00e9rieure.<\/p>\n<p>Des militants des droits de l\u2019homme, des repr\u00e9sentants de la soci\u00e9t\u00e9 civile et des membres de l\u2019Instance V\u00e9rit\u00e9 et Dignit\u00e9 (IVD), ont assist\u00e9 \u00e0 l\u2019audience publique, laquelle a b\u00e9n\u00e9fici\u00e9 d\u2019une large couverture m\u00e9diatique.<\/p>\n<p>Lors de l\u2019audience, le fils du leader assassin\u00e9, Lotfi Ben Youssef a fait son t\u00e9moignage sur les circonstances ayant entour\u00e9 l\u2019assassinat de son p\u00e8re Salah Ben Youssef et \u00e9voqu\u00e9 les souffrances endur\u00e9es par sa famille suite \u00e0 ce drame, saluant le soutien apport\u00e9 par les autorit\u00e9s \u00e9gyptiennes (sous le r\u00e8gne de Jamal Abdennaceur, Anouar el-Sadate et Hosni Moubarak) \u00e0 sa famille. Il a \u00e9galement \u00e9voqu\u00e9 les propositions faites par les r\u00e9gimes libyen et alg\u00e9rien en soutien \u00e0 sa famille.<\/p>\n<p>Le fils de Salah Ben Youssef a r\u00e9v\u00e9l\u00e9 que l\u2019ex-pr\u00e9sident Habib Bourguiba avait emp\u00each\u00e9 toute aide \u00e0 sa famille venant de parties \u00e0 l\u2019int\u00e9rieur du pays.<\/p>\n<p>Les avocats de la d\u00e9fense ont appel\u00e9 dans ce sens \u00e0 la tenue d\u2019un vrai proc\u00e8s et non \u00e0 une simple audience publique pour pr\u00e9senter des t\u00e9moignages.<\/p>\n<p>Ils ont soulign\u00e9 l\u2019imp\u00e9ratif d\u2019\u00e9mettre des mandats d\u2019amener \u00e0 l\u2019encontre des personnes inculp\u00e9es dans l\u2019assassinat et qui sont encore en vie. Les avocats r\u00e9clament \u00e9galement la consultation des archives du minist\u00e8re de l\u2019Int\u00e9rieur et celui de la T\u00e9l\u00e9vision tunisienne, dont notamment le discours prononc\u00e9 par Habib Bourguiba \u00e0 l\u2019Institut de Presse et des sciences de l\u2019information qui contient ses aveux quant \u00e0 sa responsabilit\u00e9 dans cette affaire.<\/p>\n<p>Dans une d\u00e9claration accord\u00e9e aux m\u00e9dias \u00e0 l\u2019issue de l\u2019audience, Lotfi Ben Youssef a accus\u00e9 ouvertement l\u2019ancien pr\u00e9sident Bourguiba d\u2019\u00eatre le commanditaire de l\u2019assassinat de son p\u00e8re, consid\u00e9rant cette premi\u00e8re audience publique comme un \u00bb \u00e9v\u00e8nement historique \u00bb important qui tourne autour de l\u2019assassinat d\u2019un opposant politique et implique comme principal accus\u00e9, un pr\u00e9sident de la R\u00e9publique.<\/p>\n<p>\u00bb Malgr\u00e9 son absence, le principal accus\u00e9 avait reconnu de son vivant avoir jou\u00e9 le r\u00f4le de coordinateur dans l\u2019affaire de l\u2019assassinat de son rival politique et ce, dans une conf\u00e9rence qu\u2019il avait tenue en d\u00e9cembre 1973 \u00e0 l\u2019Institut de Presse et des Sciences de l\u2019information \u00ab , a indiqu\u00e9 Lotfi Ben Youssef.<\/p>\n<p>De son c\u00f4t\u00e9 Afif Ben Youssef, membre du comit\u00e9 de d\u00e9fense de feu Salah Ben Youssef, a fait observer que l\u2019affaire s\u2019inscrit dans le cadre du processus de la justice transitionnelle dans le but de r\u00e9v\u00e9ler les v\u00e9rit\u00e9s et d\u2019\u00e9viter ainsi aux g\u00e9n\u00e9rations futures de commettre les m\u00eames erreurs du pass\u00e9 ou encore de r\u00e9soudre leurs conflits au moyen de la liquidation physique.<\/p>\n<p>\u00bb Les investigations ont confirm\u00e9 que c\u2019est bien l\u2019ancien pr\u00e9sident Habib Bourguiba qui a autoris\u00e9 l\u2019assassinat de Salah Ben Youssef \u00ab , a lanc\u00e9 l\u2019avocat de la d\u00e9fense, tout en relevant l\u2019implication de pays \u00e9trangers dans ce crime, \u00e0 savoir : La France, l\u2019Allemagne, la Suisse, et les Etats-Unis.<\/p>\n<p>Afif Ben Youssef a pr\u00e9cis\u00e9 que les accusations ont \u00e9t\u00e9 class\u00e9es \u00e0 l\u2019encontre des trois principaux accus\u00e9s \u00e0 savoir Habib Bourguiba (cerveau de l\u2019assassinat), Hassan Ben Abdelaziz El Ouerdani et B\u00e9chir Zarg La\u00e2youn qui sont tous morts.<\/p>\n<p>Concernant les trois autres inculp\u00e9s ayant commis le crime politique, \u00e0 savoir Abdallah Ben Mabrouk El Ouerdani, Mohamed Ben Khlifa Mehrez et Hmaida Binterbout, l\u2019avocat a exig\u00e9 qu\u2019ils soient amen\u00e9s \u00e0 la salle d\u2019audience \u00e9tant donn\u00e9 qu\u2019ils sont encore en vie.<\/p>\n<p>Khaled Krichi, membre de l\u2019IVD, a estim\u00e9 que le proc\u00e8s de l\u2019assassinat de Salah Ben Youssef est historique et se d\u00e9roule dans le cadre de la justice transitionnelle et sous la supervision de la chambre judiciaire sp\u00e9cialis\u00e9e.<\/p>\n<p>Le leader politique Salah Ben Youssef, est l\u2019un des chefs de file du mouvement national tunisien et du N\u00e9o-destour. Il a \u00e9t\u00e9 assassin\u00e9 par balle dans l\u2019un des h\u00f4tels de la ville de Francfort en 1961.<\/p>\n<p class=\"dpsp-share-text\">Partager c&rsquo;est aimer!<\/p>\n<div class=\"wp-post-author-wrap wp-post-author-shortcode left\">\n<h3 class=\"awpa-title\"\/>\n<div class=\"wp-post-author\">\n<div class=\"awpa-img awpa-author-block square\"><a href=\"http:\/\/lexpertjournal.net\/fr\/author\/expert\/\"><img loading=\"lazy\" decoding=\"async\" alt=\"\" src=\"http:\/\/2.gravatar.com\/avatar\/56d99be2a6f97af88ccb49fada637fcd?s=150&#038;d=mm&#038;r=g\" srcset=\"http:\/\/2.gravatar.com\/avatar\/56d99be2a6f97af88ccb49fada637fcd?s=300&#038;d=mm&#038;r=g 2x\" class=\"avatar avatar-150 photo\" height=\"150\" width=\"150\"\/><\/a><\/div>\n<\/div>\n<\/div>\n<p>Auteur: L&rsquo;expert<br \/>\n<a href=\"http:\/\/lexpertjournal.net\/fr\/2019\/05\/18\/proces-de-lassassinat-de-salah-ben-youssef-la-mascarade-se-poursuit-pour-cacher-les-errances-de-de-livd\/\">Cliquez ici pour lire l&rsquo;article depuis sa source.<\/a><\/p>\n","protected":false},"excerpt":{"rendered":"<p>Il n\u2019est plus un secret pour personne que Sihem Ben S\u00e9drine, la pr\u00e9sidente de l\u2019Instance v\u00e9rit\u00e9 et dignit\u00e9 (IVD) a fait de cette structure un instrument pour r\u00e9gler ses comptes avec diff\u00e9rentes personnalit\u00e9s politiques, et m\u00eame pour ternir un pan de l\u2019Histoire du pays. La preuve en est que Ibtihel Abdellatif, membre de l\u2019IVD, a [&hellip;]<\/p>\n","protected":false},"author":1775,"featured_media":0,"comment_status":"closed","ping_status":"closed","sticky":false,"template":"","format":"standard","meta":{"fifu_image_url":"","fifu_image_alt":"","footnotes":""},"categories":[78,55],"tags":[],"class_list":["post-35020","post","type-post","status-publish","format-standard","hentry","category-economie","category-tunisie"],"_links":{"self":[{"href":"https:\/\/linitiative.ca\/International\/wp-json\/wp\/v2\/posts\/35020","targetHints":{"allow":["GET"]}}],"collection":[{"href":"https:\/\/linitiative.ca\/International\/wp-json\/wp\/v2\/posts"}],"about":[{"href":"https:\/\/linitiative.ca\/International\/wp-json\/wp\/v2\/types\/post"}],"author":[{"embeddable":true,"href":"https:\/\/linitiative.ca\/International\/wp-json\/wp\/v2\/users\/1775"}],"replies":[{"embeddable":true,"href":"https:\/\/linitiative.ca\/International\/wp-json\/wp\/v2\/comments?post=35020"}],"version-history":[{"count":0,"href":"https:\/\/linitiative.ca\/International\/wp-json\/wp\/v2\/posts\/35020\/revisions"}],"wp:attachment":[{"href":"https:\/\/linitiative.ca\/International\/wp-json\/wp\/v2\/media?parent=35020"}],"wp:term":[{"taxonomy":"category","embeddable":true,"href":"https:\/\/linitiative.ca\/International\/wp-json\/wp\/v2\/categories?post=35020"},{"taxonomy":"post_tag","embeddable":true,"href":"https:\/\/linitiative.ca\/International\/wp-json\/wp\/v2\/tags?post=35020"}],"curies":[{"name":"wp","href":"https:\/\/api.w.org\/{rel}","templated":true}]}}